{"id":11348,"date":"2021-08-09T10:19:53","date_gmt":"2021-08-09T09:19:53","guid":{"rendered":"http:\/\/lafilledecorinthe.com\/wordpress\/?p=11348"},"modified":"2025-12-07T08:36:46","modified_gmt":"2025-12-07T07:36:46","slug":"sensation-festival-ideklic-2021","status":"publish","type":"post","link":"https:\/\/lafilledecorinthe.com\/wordpress\/2021\/08\/sensation-festival-ideklic-2021\/","title":{"rendered":"\u00ab\u00a0Sensation\u00a0\u00bb, festival Id\u00e9klic 2021"},"content":{"rendered":"\n<p>Apr\u00e8s l&rsquo;annulation de l&rsquo;ann\u00e9e derni\u00e8re, le retour du festival <a href=\"https:\/\/www.ideklic.fr\/\" target=\"_blank\" rel=\"noopener\">IDEKLIC<\/a>&nbsp;\u00e9tait tr\u00e8s attendu. Une ann\u00e9e suppl\u00e9mentaire pour peaufiner avec <a title=\"Patricia Misiri, artiste plasticienne\" href=\"https:\/\/lafilledecorinthe.com\/wordpress\/2021\/04\/patricia-misiri-artiste-plasticienne\/\" target=\"_blank\" rel=\"noopener\">Patricia<\/a>&nbsp;un atelier qui sortait de \u00ab\u00a0nos sentiers battus\u00a0\u00bb&#8230;De sentiers, il en sera question puisque nous proposions aux enfants de s&rsquo;approprier le po\u00e8me <em>Sensation <\/em>\u00e9crit&nbsp;par Arthur Rimbaud \u00e0 l&rsquo;\u00e2ge de 15 ans et de r\u00e9aliser en 2 heures une petite forme visuelle et sonore \u00e0 offrir \u00e0 leur famille et \u00e0 leurs amis.<\/p>\n\n\n\n<p class=\"p1\"><i>Par les soirs bleus d\u2019\u00e9t\u00e9, j\u2019irai dans les sentiers,<br>Picot\u00e9 par les bl\u00e9s, fouler l\u2019herbe menue\u00a0:<br>R\u00eaveur, j\u2019en sentirai la fra\u00eecheur \u00e0 mes pieds.<br>Je laisserai le vent baigner ma t\u00eate nue.<\/i><br><i>e ne parlerai pas, je ne penserai rien\u00a0:<br>Mais l\u2019amour infini me montera dans l\u2019\u00e2me,<br>Et j\u2019irai loin, bien loin, comme un boh\u00e9mien,<br>Par la Nature, \u2013 heureux comme avec une femme.\u00a0 \u00a0 \u00a0 \u00a0 \u00a0 \u00a0 \u00a0 \u00a0 \u00a0 \u00a0 \u00a0 \u00a0 \u00a0 \u00a0 \u00a0 \u00a0 \u00a0 \u00a0 \u00a0 \u00a0 \u00a0 \u00a0 \u00a0 \u00a0 \u00a0 \u00a0 \u00a0 \u00a0 \u00a0 \u00a0 \u00a0 \u00a0 \u00a0 \u00a0 \u00a0 \u00a0 \u00a0 \u00a0 \u00a0 \u00a0 <\/i>Arthur Rimbaud, mars 1970<\/p>\n\n\n\n<p class=\"p1\">&nbsp;Les enfants nous ont impressionn\u00e9s ! Ils se sont empar\u00e9s de la proposition avec inventivit\u00e9 et une forte dose de bonne humeur.<\/p>\n\n\n<div class=\"wp-block-image\">\n<figure class=\"aligncenter\"><a href=\"https:\/\/lafilledecorinthe.com\/wordpress\/wp-content\/uploads\/2021\/08\/a-1.jpg\"><img loading=\"lazy\" decoding=\"async\" width=\"1436\" height=\"1078\" src=\"https:\/\/lafilledecorinthe.com\/wordpress\/wp-content\/uploads\/2021\/08\/a-1.jpg\" alt=\"a (1)\" class=\"wp-image-11354\" srcset=\"https:\/\/lafilledecorinthe.com\/wordpress\/wp-content\/uploads\/2021\/08\/a-1.jpg 1436w, https:\/\/lafilledecorinthe.com\/wordpress\/wp-content\/uploads\/2021\/08\/a-1-680x510.jpg 680w, https:\/\/lafilledecorinthe.com\/wordpress\/wp-content\/uploads\/2021\/08\/a-1-1280x961.jpg 1280w, https:\/\/lafilledecorinthe.com\/wordpress\/wp-content\/uploads\/2021\/08\/a-1-400x300.jpg 400w\" sizes=\"auto, (max-width: 1436px) 100vw, 1436px\" \/><\/a><figcaption class=\"wp-element-caption\">R\u00e9alisation des costumes&#8230;<\/figcaption><\/figure>\n<\/div>\n\n\n<p class=\"p1\">Voici un montage de quelques captations de leurs propositions.&nbsp;BRAVO \u00e0 eux.<\/p>\n\n\n\n<p><iframe loading=\"lazy\" title=\"YouTube video player\" src=\"https:\/\/www.youtube.com\/embed\/Sbi4qf78GUs\" width=\"560\" height=\"315\" frameborder=\"0\" allowfullscreen=\"allowfullscreen\"><\/iframe><\/p>\n","protected":false},"excerpt":{"rendered":"<p>Apr\u00e8s l&rsquo;annulation de l&rsquo;ann\u00e9e derni\u00e8re, le retour du festival IDEKLIC&nbsp;\u00e9tait tr\u00e8s attendu. Une ann\u00e9e suppl\u00e9mentaire pour peaufiner avec Patricia&nbsp;un atelier qui sortait de \u00ab\u00a0nos sentiers battus\u00a0\u00bb&#8230;De sentiers, il en sera question puisque nous proposions aux enfants de s&rsquo;approprier le po\u00e8me Sensation \u00e9crit&nbsp;par Arthur Rimbaud \u00e0 l&rsquo;\u00e2ge de 15 ans et de r\u00e9aliser en 2 heures&#8230;<\/p>\n","protected":false},"author":2,"featured_media":11351,"comment_status":"open","ping_status":"open","sticky":false,"template":"","format":"standard","meta":{"_kad_post_transparent":"","_kad_post_title":"","_kad_post_layout":"","_kad_post_sidebar_id":"","_kad_post_content_style":"","_kad_post_vertical_padding":"","_kad_post_feature":"","_kad_post_feature_position":"","_kad_post_header":false,"_kad_post_footer":false,"_kad_post_classname":"","footnotes":""},"categories":[7],"tags":[2117,2115,2116],"class_list":["post-11348","post","type-post","status-publish","format-standard","has-post-thumbnail","hentry","category-ateliers-enfants","tag-arthur-rimbaud","tag-ideklic","tag-sensation"],"_links":{"self":[{"href":"https:\/\/lafilledecorinthe.com\/wordpress\/wp-json\/wp\/v2\/posts\/11348","targetHints":{"allow":["GET"]}}],"collection":[{"href":"https:\/\/lafilledecorinthe.com\/wordpress\/wp-json\/wp\/v2\/posts"}],"about":[{"href":"https:\/\/lafilledecorinthe.com\/wordpress\/wp-json\/wp\/v2\/types\/post"}],"author":[{"embeddable":true,"href":"https:\/\/lafilledecorinthe.com\/wordpress\/wp-json\/wp\/v2\/users\/2"}],"replies":[{"embeddable":true,"href":"https:\/\/lafilledecorinthe.com\/wordpress\/wp-json\/wp\/v2\/comments?post=11348"}],"version-history":[{"count":5,"href":"https:\/\/lafilledecorinthe.com\/wordpress\/wp-json\/wp\/v2\/posts\/11348\/revisions"}],"predecessor-version":[{"id":14868,"href":"https:\/\/lafilledecorinthe.com\/wordpress\/wp-json\/wp\/v2\/posts\/11348\/revisions\/14868"}],"wp:featuredmedia":[{"embeddable":true,"href":"https:\/\/lafilledecorinthe.com\/wordpress\/wp-json\/wp\/v2\/media\/11351"}],"wp:attachment":[{"href":"https:\/\/lafilledecorinthe.com\/wordpress\/wp-json\/wp\/v2\/media?parent=11348"}],"wp:term":[{"taxonomy":"category","embeddable":true,"href":"https:\/\/lafilledecorinthe.com\/wordpress\/wp-json\/wp\/v2\/categories?post=11348"},{"taxonomy":"post_tag","embeddable":true,"href":"https:\/\/lafilledecorinthe.com\/wordpress\/wp-json\/wp\/v2\/tags?post=11348"}],"curies":[{"name":"wp","href":"https:\/\/api.w.org\/{rel}","templated":true}]}}