{"id":1133,"date":"2012-09-11T20:05:41","date_gmt":"2012-09-11T19:05:41","guid":{"rendered":"http:\/\/lafilledecorinthe.com\/wordpress\/?p=1133"},"modified":"2025-12-10T13:58:32","modified_gmt":"2025-12-10T12:58:32","slug":"mes-premiers-pas-en-stenope","status":"publish","type":"post","link":"https:\/\/lafilledecorinthe.com\/wordpress\/2012\/09\/mes-premiers-pas-en-stenope\/","title":{"rendered":"Mes premiers pas&#8230; en st\u00e9nop\u00e9"},"content":{"rendered":"\n<p>Depuis le premier choc ressenti dans la pi\u00e8ce-chambre noire de l&rsquo;EMBA-Galerie Manet de Gennevilliers, j&rsquo;ai le d\u00e9sir, d\u00e8s que l&rsquo;occasion se pr\u00e9sente, de revivre cette exp\u00e9rience particuli\u00e8rement intense. On m&rsquo;avait conduite dans une petite pi\u00e8ce qui jouxte le laboratoire photo, j&rsquo;\u00e9tais rest\u00e9e seule dans le noir face \u00e0 un mur blanc sans trop savoir ce qui allait se passer. Une image est apparue peu \u00e0 peu sous mes yeux \u00e9bahis, la place Jean Grandel p\u00e9n\u00e9trait \u00e0 l&rsquo;int\u00e9rieur de la pi\u00e8ce, certes un peu chamboul\u00e9e, les rep\u00e8res (haut-bas, droite-gauche) \u00e9taient invers\u00e9s mais sinon tout y \u00e9tait : les formes, les couleurs et m\u00eame le mouvement !<\/p>\n\n\n\n<p>Un tout petit trou \u00e9tait la cause de cette projection et cette exp\u00e9rience que je venais de vivre \u00e9tait \u00e0 l&rsquo;origine de la passion ancestrale des hommes pour les images.<br>Le d\u00e9sir de garder une trace physique de cette image fugitive m&rsquo;a tout de suite anim\u00e9e. \u00a0Partager ce d\u00e9sir avec d&rsquo;illustres pionniers qui avaient permis l&rsquo;\u00e9mergence de la photographie est une grande joie !<\/p>\n\n\n\n<p>Je me suis plong\u00e9e avec d\u00e9lice dans le livre de David Hockney, \u00ab\u00a0Savoirs secrets : les techniques perdues des ma\u00eetres anciens\u00a0\u00bb, j&rsquo;ai achet\u00e9 une r\u00e9plique d&rsquo;une chambre noire mais il me restait \u00e0 me confronter \u00e0 la fabrication de st\u00e9nop\u00e9s, une nouvelle aventure commen\u00e7ait !<\/p>\n\n\n\n<p>Peu confiante en mes talents de bricoleuse, j&rsquo;ai tout d&rsquo;abord achet\u00e9 un kit <a title=\"The photographers\u2019 gallery \u00e0 Londres\" href=\"https:\/\/lafilledecorinthe.com\/wordpress\/2012\/05\/the-photographers-gallery-a-londres\/\">\u00ab\u00a0Pinhole camera\u00a0\u00bb.<\/a><\/p>\n\n\n<div class=\"wp-block-image\">\n<figure class=\"aligncenter size-medium\"><a href=\"https:\/\/lafilledecorinthe.com\/wordpress\/wp-content\/uploads\/2012\/09\/P1050623.jpg\"><img loading=\"lazy\" decoding=\"async\" width=\"680\" height=\"510\" src=\"https:\/\/lafilledecorinthe.com\/wordpress\/wp-content\/uploads\/2012\/09\/P1050623-680x510.jpg\" alt=\"\" class=\"wp-image-1146\" srcset=\"https:\/\/lafilledecorinthe.com\/wordpress\/wp-content\/uploads\/2012\/09\/P1050623-680x510.jpg 680w, https:\/\/lafilledecorinthe.com\/wordpress\/wp-content\/uploads\/2012\/09\/P1050623-400x300.jpg 400w, https:\/\/lafilledecorinthe.com\/wordpress\/wp-content\/uploads\/2012\/09\/P1050623.jpg 800w\" sizes=\"auto, (max-width: 680px) 100vw, 680px\" \/><\/a><figcaption class=\"wp-element-caption\">Pinhole camera, Flights of fancy<\/figcaption><\/figure>\n<\/div>\n\n\n<p>La bo\u00eete noire est en papier canson, elle s&rsquo;ins\u00e8re dans une bo\u00eete en bois d\u00e9montable.<br>Tout le mat\u00e9riel n\u00e9cessaire est fourni : papier photographique, r\u00e9v\u00e9lateur, fixateur, cuvettes, pince, filtre inactinique, gants&#8230;<\/p>\n\n\n\n<p>D\u00e9cid\u00e9e \u00e0 compl\u00e9ter ce premier st\u00e9nop\u00e9 par d&rsquo;autres de ma fabrication, je vais rendre visite aux sympathiques vendeurs de <a href=\"http:\/\/www.photostock.fr\/index.cfm\" target=\"_blank\" rel=\"noopener\">photostock<\/a> pour pouvoir transformer ma salle de bain en v\u00e9ritable laboratoire photographique : une ampoule rouge, des cuvettes color\u00e9es avec leurs pinces respectives, des \u00e9prouvettes, des bidons pour conserver les produits chimiques et du papier photographique.<\/p>\n\n\n<div class=\"wp-block-image\">\n<figure class=\"aligncenter size-medium\"><a href=\"https:\/\/lafilledecorinthe.com\/wordpress\/wp-content\/uploads\/2012\/09\/P1050619.jpg\"><img loading=\"lazy\" decoding=\"async\" width=\"680\" height=\"510\" src=\"https:\/\/lafilledecorinthe.com\/wordpress\/wp-content\/uploads\/2012\/09\/P1050619-680x510.jpg\" alt=\"\" class=\"wp-image-1147\" srcset=\"https:\/\/lafilledecorinthe.com\/wordpress\/wp-content\/uploads\/2012\/09\/P1050619-680x510.jpg 680w, https:\/\/lafilledecorinthe.com\/wordpress\/wp-content\/uploads\/2012\/09\/P1050619-400x300.jpg 400w, https:\/\/lafilledecorinthe.com\/wordpress\/wp-content\/uploads\/2012\/09\/P1050619.jpg 800w\" sizes=\"auto, (max-width: 680px) 100vw, 680px\" \/><\/a><figcaption class=\"wp-element-caption\">salle de bain transform\u00e9e en labo photo<\/figcaption><\/figure>\n<\/div>\n\n\n<p>Avant de me lancer dans la fabrication des st\u00e9nop\u00e9s, je lis avec int\u00e9r\u00eat les sites de <a href=\"http:\/\/stenope.artblog.fr\/263115\/Comment-fabriquer-un-appareil-stenope\/\" target=\"_blank\" rel=\"noopener\">Laurent Diaz<\/a>, de <a href=\"http:\/\/www.galerie-photo.com\/stenope.html\" target=\"_blank\" rel=\"noopener\">Robert Colognoli<\/a> et celui des animateurs de la <a href=\"http:\/\/soucoupes158.blogspot.fr\/2011\/10\/fabriquer-un-stenope.html\" target=\"_blank\" rel=\"noopener\">Rotonde des enfants<\/a>, un grand merci \u00e0 eux pour leurs conseils \u00e9clair\u00e9s ! Je vous recommande tr\u00e8s vivement de les consulter.<\/p>\n\n\n\n<p>Je d\u00e9cide de percer chaque bo\u00eete afin d&rsquo;installer un st\u00e9nop\u00e9 en feuille d&rsquo;aluminium.<\/p>\n\n\n\n<p>Les \u00e9tapes de la fabrication en photos :<\/p>\n\n\n<div class=\"wp-block-image\">\n<figure class=\"aligncenter size-medium\"><a href=\"https:\/\/lafilledecorinthe.com\/wordpress\/wp-content\/uploads\/2012\/09\/P1050567.jpg\"><img loading=\"lazy\" decoding=\"async\" width=\"510\" height=\"680\" src=\"https:\/\/lafilledecorinthe.com\/wordpress\/wp-content\/uploads\/2012\/09\/P1050567-510x680.jpg\" alt=\"\" class=\"wp-image-1150\" srcset=\"https:\/\/lafilledecorinthe.com\/wordpress\/wp-content\/uploads\/2012\/09\/P1050567-510x680.jpg 510w, https:\/\/lafilledecorinthe.com\/wordpress\/wp-content\/uploads\/2012\/09\/P1050567-225x300.jpg 225w, https:\/\/lafilledecorinthe.com\/wordpress\/wp-content\/uploads\/2012\/09\/P1050567.jpg 600w\" sizes=\"auto, (max-width: 510px) 100vw, 510px\" \/><\/a><figcaption class=\"wp-element-caption\">Percer la bo\u00eete, trou de 5 mm<\/figcaption><\/figure>\n<\/div>\n\n<div class=\"wp-block-image\">\n<figure class=\"aligncenter size-medium\"><a href=\"https:\/\/lafilledecorinthe.com\/wordpress\/wp-content\/uploads\/2012\/09\/P1050569.jpg\"><img loading=\"lazy\" decoding=\"async\" width=\"680\" height=\"510\" src=\"https:\/\/lafilledecorinthe.com\/wordpress\/wp-content\/uploads\/2012\/09\/P1050569-680x510.jpg\" alt=\"\" class=\"wp-image-1151\" srcset=\"https:\/\/lafilledecorinthe.com\/wordpress\/wp-content\/uploads\/2012\/09\/P1050569-680x510.jpg 680w, https:\/\/lafilledecorinthe.com\/wordpress\/wp-content\/uploads\/2012\/09\/P1050569-400x300.jpg 400w, https:\/\/lafilledecorinthe.com\/wordpress\/wp-content\/uploads\/2012\/09\/P1050569.jpg 800w\" sizes=\"auto, (max-width: 680px) 100vw, 680px\" \/><\/a><figcaption class=\"wp-element-caption\">Peindre l&rsquo;int\u00e9rieur des bo\u00eetes en noir<\/figcaption><\/figure>\n<\/div>\n\n<div class=\"wp-block-image\">\n<figure class=\"aligncenter size-medium\"><a href=\"https:\/\/lafilledecorinthe.com\/wordpress\/wp-content\/uploads\/2012\/09\/P1050626.jpg\"><img loading=\"lazy\" decoding=\"async\" width=\"680\" height=\"510\" src=\"https:\/\/lafilledecorinthe.com\/wordpress\/wp-content\/uploads\/2012\/09\/P1050626-680x510.jpg\" alt=\"\" class=\"wp-image-1167\" srcset=\"https:\/\/lafilledecorinthe.com\/wordpress\/wp-content\/uploads\/2012\/09\/P1050626-680x510.jpg 680w, https:\/\/lafilledecorinthe.com\/wordpress\/wp-content\/uploads\/2012\/09\/P1050626-400x300.jpg 400w, https:\/\/lafilledecorinthe.com\/wordpress\/wp-content\/uploads\/2012\/09\/P1050626.jpg 800w\" sizes=\"auto, (max-width: 680px) 100vw, 680px\" \/><\/a><figcaption class=\"wp-element-caption\">St\u00e9nop\u00e9 en aluminium et ses deux caches noirs<\/figcaption><\/figure>\n<\/div>\n\n<div class=\"wp-block-image\">\n<figure class=\"aligncenter size-medium\"><a href=\"https:\/\/lafilledecorinthe.com\/wordpress\/wp-content\/uploads\/2012\/09\/P1050627.jpg\"><img loading=\"lazy\" decoding=\"async\" width=\"680\" height=\"510\" src=\"https:\/\/lafilledecorinthe.com\/wordpress\/wp-content\/uploads\/2012\/09\/P1050627-680x510.jpg\" alt=\"\" class=\"wp-image-1168\" srcset=\"https:\/\/lafilledecorinthe.com\/wordpress\/wp-content\/uploads\/2012\/09\/P1050627-680x510.jpg 680w, https:\/\/lafilledecorinthe.com\/wordpress\/wp-content\/uploads\/2012\/09\/P1050627-400x300.jpg 400w, https:\/\/lafilledecorinthe.com\/wordpress\/wp-content\/uploads\/2012\/09\/P1050627.jpg 800w\" sizes=\"auto, (max-width: 680px) 100vw, 680px\" \/><\/a><figcaption class=\"wp-element-caption\">St\u00e9nop\u00e9 pr\u00eat \u00e0 \u00eatre install\u00e9<\/figcaption><\/figure>\n<\/div>\n\n<div class=\"wp-block-image\">\n<figure class=\"aligncenter size-medium\"><a href=\"https:\/\/lafilledecorinthe.com\/wordpress\/wp-content\/uploads\/2012\/09\/P1050583.jpg\"><img loading=\"lazy\" decoding=\"async\" width=\"680\" height=\"510\" src=\"https:\/\/lafilledecorinthe.com\/wordpress\/wp-content\/uploads\/2012\/09\/P1050583-680x510.jpg\" alt=\"\" class=\"wp-image-1153\" srcset=\"https:\/\/lafilledecorinthe.com\/wordpress\/wp-content\/uploads\/2012\/09\/P1050583-680x510.jpg 680w, https:\/\/lafilledecorinthe.com\/wordpress\/wp-content\/uploads\/2012\/09\/P1050583-400x300.jpg 400w, https:\/\/lafilledecorinthe.com\/wordpress\/wp-content\/uploads\/2012\/09\/P1050583.jpg 800w\" sizes=\"auto, (max-width: 680px) 100vw, 680px\" \/><\/a><figcaption class=\"wp-element-caption\">Installation du st\u00e9nop\u00e9 dans la bo\u00eete avec du gaffeur noir<\/figcaption><\/figure>\n<\/div>\n\n\n<p>Je dois maintenant installer dans chaque bo\u00eetier une feuille photographique sous lumi\u00e8re inactinique. Le plus difficile est de pr\u00e9parer le papier \u00e0 la taille de chaque bo\u00eetier alors que la visibilit\u00e9 est tr\u00e8s r\u00e9duite. Je r\u00e9alise auparavant des pochoirs en carton pour m&rsquo;aider !<\/p>\n\n\n<div class=\"wp-block-image\">\n<figure class=\"aligncenter size-medium\"><a href=\"https:\/\/lafilledecorinthe.com\/wordpress\/wp-content\/uploads\/2012\/09\/P1050624.jpg\"><img loading=\"lazy\" decoding=\"async\" width=\"680\" height=\"510\" src=\"https:\/\/lafilledecorinthe.com\/wordpress\/wp-content\/uploads\/2012\/09\/P1050624-680x510.jpg\" alt=\"\" class=\"wp-image-1155\" srcset=\"https:\/\/lafilledecorinthe.com\/wordpress\/wp-content\/uploads\/2012\/09\/P1050624-680x510.jpg 680w, https:\/\/lafilledecorinthe.com\/wordpress\/wp-content\/uploads\/2012\/09\/P1050624-400x300.jpg 400w, https:\/\/lafilledecorinthe.com\/wordpress\/wp-content\/uploads\/2012\/09\/P1050624.jpg 800w\" sizes=\"auto, (max-width: 680px) 100vw, 680px\" \/><\/a><figcaption class=\"wp-element-caption\">Pochoirs pour la d\u00e9coupe du papier<\/figcaption><\/figure>\n<\/div>\n\n<div class=\"wp-block-image\">\n<figure class=\"aligncenter size-medium\"><a href=\"https:\/\/lafilledecorinthe.com\/wordpress\/wp-content\/uploads\/2012\/09\/P1050585.jpg\"><img loading=\"lazy\" decoding=\"async\" width=\"680\" height=\"510\" src=\"https:\/\/lafilledecorinthe.com\/wordpress\/wp-content\/uploads\/2012\/09\/P1050585-680x510.jpg\" alt=\"\" class=\"wp-image-1154\" srcset=\"https:\/\/lafilledecorinthe.com\/wordpress\/wp-content\/uploads\/2012\/09\/P1050585-680x510.jpg 680w, https:\/\/lafilledecorinthe.com\/wordpress\/wp-content\/uploads\/2012\/09\/P1050585-400x300.jpg 400w, https:\/\/lafilledecorinthe.com\/wordpress\/wp-content\/uploads\/2012\/09\/P1050585.jpg 800w\" sizes=\"auto, (max-width: 680px) 100vw, 680px\" \/><\/a><figcaption class=\"wp-element-caption\">Patafix pour maintenir le papier<\/figcaption><\/figure>\n<\/div>\n\n<div class=\"wp-block-image\">\n<figure class=\"aligncenter size-medium\"><a href=\"https:\/\/lafilledecorinthe.com\/wordpress\/wp-content\/uploads\/2012\/09\/P1050584.jpg\"><img loading=\"lazy\" decoding=\"async\" width=\"680\" height=\"510\" src=\"https:\/\/lafilledecorinthe.com\/wordpress\/wp-content\/uploads\/2012\/09\/P1050584-680x510.jpg\" alt=\"\" class=\"wp-image-1156\" srcset=\"https:\/\/lafilledecorinthe.com\/wordpress\/wp-content\/uploads\/2012\/09\/P1050584-680x510.jpg 680w, https:\/\/lafilledecorinthe.com\/wordpress\/wp-content\/uploads\/2012\/09\/P1050584-400x300.jpg 400w, https:\/\/lafilledecorinthe.com\/wordpress\/wp-content\/uploads\/2012\/09\/P1050584.jpg 800w\" sizes=\"auto, (max-width: 680px) 100vw, 680px\" \/><\/a><figcaption class=\"wp-element-caption\">Installation du papier sous lumi\u00e8re inactinique<\/figcaption><\/figure>\n<\/div>\n\n\n<p>Par un beau dimanche tr\u00e8s ensoleill\u00e9, nous allons r\u00e9aliser nos premi\u00e8res prises de vue sur l&rsquo;\u00eele Seguin. Il nous faut d&rsquo;abord trouver un endroit stable pour poser les bo\u00eetiers puis choisir le temps de pose. Je d\u00e9cide de faire des essais avec 1min et 2 min.<\/p>\n\n\n<div class=\"wp-block-image\">\n<figure class=\"aligncenter size-medium\"><a href=\"https:\/\/lafilledecorinthe.com\/wordpress\/wp-content\/uploads\/2012\/09\/P1050607.jpg\"><img loading=\"lazy\" decoding=\"async\" width=\"510\" height=\"680\" src=\"https:\/\/lafilledecorinthe.com\/wordpress\/wp-content\/uploads\/2012\/09\/P1050607-510x680.jpg\" alt=\"\" class=\"wp-image-1159\" srcset=\"https:\/\/lafilledecorinthe.com\/wordpress\/wp-content\/uploads\/2012\/09\/P1050607-510x680.jpg 510w, https:\/\/lafilledecorinthe.com\/wordpress\/wp-content\/uploads\/2012\/09\/P1050607-225x300.jpg 225w, https:\/\/lafilledecorinthe.com\/wordpress\/wp-content\/uploads\/2012\/09\/P1050607.jpg 600w\" sizes=\"auto, (max-width: 510px) 100vw, 510px\" \/><\/a><figcaption class=\"wp-element-caption\">Installation du bo\u00eetier pour la prise de vue<\/figcaption><\/figure>\n<\/div>\n\n<div class=\"wp-block-image\">\n<figure class=\"aligncenter size-medium\"><a href=\"https:\/\/lafilledecorinthe.com\/wordpress\/wp-content\/uploads\/2012\/09\/P1050610.jpg\"><img loading=\"lazy\" decoding=\"async\" width=\"680\" height=\"510\" src=\"https:\/\/lafilledecorinthe.com\/wordpress\/wp-content\/uploads\/2012\/09\/P1050610-680x510.jpg\" alt=\"\" class=\"wp-image-1160\" srcset=\"https:\/\/lafilledecorinthe.com\/wordpress\/wp-content\/uploads\/2012\/09\/P1050610-680x510.jpg 680w, https:\/\/lafilledecorinthe.com\/wordpress\/wp-content\/uploads\/2012\/09\/P1050610-400x300.jpg 400w, https:\/\/lafilledecorinthe.com\/wordpress\/wp-content\/uploads\/2012\/09\/P1050610.jpg 800w\" sizes=\"auto, (max-width: 680px) 100vw, 680px\" \/><\/a><figcaption class=\"wp-element-caption\">Installation du bo\u00eetier pour la prise de vue<\/figcaption><\/figure>\n<\/div>\n\n<div class=\"wp-block-image\">\n<figure class=\"aligncenter size-medium\"><a href=\"https:\/\/lafilledecorinthe.com\/wordpress\/wp-content\/uploads\/2012\/09\/P1050612.jpg\"><img loading=\"lazy\" decoding=\"async\" width=\"680\" height=\"510\" src=\"https:\/\/lafilledecorinthe.com\/wordpress\/wp-content\/uploads\/2012\/09\/P1050612-680x510.jpg\" alt=\"\" class=\"wp-image-1161\" srcset=\"https:\/\/lafilledecorinthe.com\/wordpress\/wp-content\/uploads\/2012\/09\/P1050612-680x510.jpg 680w, https:\/\/lafilledecorinthe.com\/wordpress\/wp-content\/uploads\/2012\/09\/P1050612-400x300.jpg 400w, https:\/\/lafilledecorinthe.com\/wordpress\/wp-content\/uploads\/2012\/09\/P1050612.jpg 800w\" sizes=\"auto, (max-width: 680px) 100vw, 680px\" \/><\/a><figcaption class=\"wp-element-caption\">Installation du bo\u00eetier pour la prise de vue<\/figcaption><\/figure>\n<\/div>\n\n<div class=\"wp-block-image\">\n<figure class=\"aligncenter size-medium\"><a href=\"https:\/\/lafilledecorinthe.com\/wordpress\/wp-content\/uploads\/2012\/09\/P1050615.jpg\"><img loading=\"lazy\" decoding=\"async\" width=\"680\" height=\"510\" src=\"https:\/\/lafilledecorinthe.com\/wordpress\/wp-content\/uploads\/2012\/09\/P1050615-680x510.jpg\" alt=\"\" class=\"wp-image-1162\" srcset=\"https:\/\/lafilledecorinthe.com\/wordpress\/wp-content\/uploads\/2012\/09\/P1050615-680x510.jpg 680w, https:\/\/lafilledecorinthe.com\/wordpress\/wp-content\/uploads\/2012\/09\/P1050615-400x300.jpg 400w, https:\/\/lafilledecorinthe.com\/wordpress\/wp-content\/uploads\/2012\/09\/P1050615.jpg 800w\" sizes=\"auto, (max-width: 680px) 100vw, 680px\" \/><\/a><figcaption class=\"wp-element-caption\">Installation du bo\u00eetier pour la prise de vue<\/figcaption><\/figure>\n<\/div>\n\n\n<p>Toute f\u00e9brile, je vais d\u00e9velopper ces premiers essais et l\u00e0 grosse d\u00e9ception, un seul n\u00e9gatif est correct, les autres sont tr\u00e8s noirs !<\/p>\n\n\n<div class=\"wp-block-image\">\n<figure class=\"aligncenter size-medium\"><a href=\"https:\/\/lafilledecorinthe.com\/wordpress\/wp-content\/uploads\/2012\/09\/P1050621.jpg\"><img loading=\"lazy\" decoding=\"async\" width=\"680\" height=\"510\" src=\"https:\/\/lafilledecorinthe.com\/wordpress\/wp-content\/uploads\/2012\/09\/P1050621-680x510.jpg\" alt=\"\" class=\"wp-image-1166\" srcset=\"https:\/\/lafilledecorinthe.com\/wordpress\/wp-content\/uploads\/2012\/09\/P1050621-680x510.jpg 680w, https:\/\/lafilledecorinthe.com\/wordpress\/wp-content\/uploads\/2012\/09\/P1050621-400x300.jpg 400w, https:\/\/lafilledecorinthe.com\/wordpress\/wp-content\/uploads\/2012\/09\/P1050621.jpg 800w\" sizes=\"auto, (max-width: 680px) 100vw, 680px\" \/><\/a><figcaption class=\"wp-element-caption\">n\u00e9gatifs des premi\u00e8res prises de vue<\/figcaption><\/figure>\n<\/div>\n\n<div class=\"wp-block-image\">\n<figure class=\"aligncenter size-medium\"><a href=\"https:\/\/lafilledecorinthe.com\/wordpress\/wp-content\/uploads\/2012\/09\/P1050625.jpg\"><img loading=\"lazy\" decoding=\"async\" width=\"680\" height=\"510\" src=\"https:\/\/lafilledecorinthe.com\/wordpress\/wp-content\/uploads\/2012\/09\/P1050625-680x510.jpg\" alt=\"\" class=\"wp-image-1165\" title=\"P1050625\" srcset=\"https:\/\/lafilledecorinthe.com\/wordpress\/wp-content\/uploads\/2012\/09\/P1050625-680x510.jpg 680w, https:\/\/lafilledecorinthe.com\/wordpress\/wp-content\/uploads\/2012\/09\/P1050625-400x300.jpg 400w, https:\/\/lafilledecorinthe.com\/wordpress\/wp-content\/uploads\/2012\/09\/P1050625.jpg 800w\" sizes=\"auto, (max-width: 680px) 100vw, 680px\" \/><\/a><\/figure>\n<\/div>\n\n\n<p>J&rsquo;observe attentivement le st\u00e9nop\u00e9 du bo\u00eetier qui a fonctionn\u00e9, son trou est tr\u00e8s nettement plus petit que les autres. Pour les autres, les temps d&rsquo;exposition \u00e9taient beaucoup trop longs par rapport au diam\u00e8tre du trou. D\u00e8s demain, je recommence en r\u00e9duisant le temps d&rsquo;exposition. Si \u00e7a ne marche pas, je ferais de nouveaux st\u00e9nop\u00e9s plus petits. A suivre !<\/p>\n","protected":false},"excerpt":{"rendered":"<p>Depuis le premier choc ressenti dans la pi\u00e8ce-chambre noire de l&rsquo;EMBA-Galerie Manet de Gennevilliers, j&rsquo;ai le d\u00e9sir, d\u00e8s que l&rsquo;occasion se pr\u00e9sente, de revivre cette exp\u00e9rience particuli\u00e8rement intense. On m&rsquo;avait conduite dans une petite pi\u00e8ce qui jouxte le laboratoire photo, j&rsquo;\u00e9tais rest\u00e9e seule dans le noir face \u00e0 un mur blanc sans trop savoir ce&#8230;<\/p>\n","protected":false},"author":2,"featured_media":1144,"comment_status":"open","ping_status":"open","sticky":false,"template":"","format":"standard","meta":{"_kad_post_transparent":"","_kad_post_title":"","_kad_post_layout":"","_kad_post_sidebar_id":"","_kad_post_content_style":"","_kad_post_vertical_padding":"","_kad_post_feature":"","_kad_post_feature_position":"","_kad_post_header":false,"_kad_post_footer":false,"_kad_post_classname":"","footnotes":""},"categories":[6],"tags":[167,168,174,173,171,170,169,172,118],"class_list":["post-1133","post","type-post","status-publish","format-standard","has-post-thumbnail","hentry","category-blog","tag-chambre-noire","tag-emba-galerie-manet","tag-fabrication-dun-stenope","tag-la-rotonde-des-enfants","tag-laurent-diaz","tag-photostock","tag-pinhole-camera","tag-robert-colognoli","tag-stenope"],"_links":{"self":[{"href":"https:\/\/lafilledecorinthe.com\/wordpress\/wp-json\/wp\/v2\/posts\/1133","targetHints":{"allow":["GET"]}}],"collection":[{"href":"https:\/\/lafilledecorinthe.com\/wordpress\/wp-json\/wp\/v2\/posts"}],"about":[{"href":"https:\/\/lafilledecorinthe.com\/wordpress\/wp-json\/wp\/v2\/types\/post"}],"author":[{"embeddable":true,"href":"https:\/\/lafilledecorinthe.com\/wordpress\/wp-json\/wp\/v2\/users\/2"}],"replies":[{"embeddable":true,"href":"https:\/\/lafilledecorinthe.com\/wordpress\/wp-json\/wp\/v2\/comments?post=1133"}],"version-history":[{"count":36,"href":"https:\/\/lafilledecorinthe.com\/wordpress\/wp-json\/wp\/v2\/posts\/1133\/revisions"}],"predecessor-version":[{"id":15459,"href":"https:\/\/lafilledecorinthe.com\/wordpress\/wp-json\/wp\/v2\/posts\/1133\/revisions\/15459"}],"wp:featuredmedia":[{"embeddable":true,"href":"https:\/\/lafilledecorinthe.com\/wordpress\/wp-json\/wp\/v2\/media\/1144"}],"wp:attachment":[{"href":"https:\/\/lafilledecorinthe.com\/wordpress\/wp-json\/wp\/v2\/media?parent=1133"}],"wp:term":[{"taxonomy":"category","embeddable":true,"href":"https:\/\/lafilledecorinthe.com\/wordpress\/wp-json\/wp\/v2\/categories?post=1133"},{"taxonomy":"post_tag","embeddable":true,"href":"https:\/\/lafilledecorinthe.com\/wordpress\/wp-json\/wp\/v2\/tags?post=1133"}],"curies":[{"name":"wp","href":"https:\/\/api.w.org\/{rel}","templated":true}]}}