{"id":11293,"date":"2021-06-10T14:38:59","date_gmt":"2021-06-10T13:38:59","guid":{"rendered":"http:\/\/lafilledecorinthe.com\/wordpress\/?p=11293"},"modified":"2025-12-07T08:37:59","modified_gmt":"2025-12-07T07:37:59","slug":"je-nen-crois-pas-mes-yeux-atelier-ecole-et-cinema","status":"publish","type":"post","link":"https:\/\/lafilledecorinthe.com\/wordpress\/2021\/06\/je-nen-crois-pas-mes-yeux-atelier-ecole-et-cinema\/","title":{"rendered":"\u00ab\u00a0Je n&rsquo;en crois pas mes yeux\u00a0\u00bb, atelier \u00ab\u00a0\u00c9cole et Cin\u00e9ma\u00a0\u00bb"},"content":{"rendered":"\n<p><em>\u00a0 \u00ab\u00a0Voir c&rsquo;est vouloir croire\u00a0\u00bb<\/em><br><em>\u00ab\u00a0Voir le relief, c&rsquo;est recevoir, au moyen de chaque oeil, l&rsquo;impression simultan\u00e9e de deux images dissemblables du m\u00eame objet.\u00a0\u00bb<\/em>\u00a0Euclide (300 AV JC)<\/p>\n\n\n\n<p>Atelier propos\u00e9 aux classes de cycle 3 dans le cadre d&rsquo;<em>\u00c9cole et Cin\u00e9ma<\/em> organis\u00e9 \u00e0 Paris par l&rsquo;association&nbsp;<a href=\"https:\/\/www.enfancesaucinema.net\/\"><em>Enfances au<\/em>&nbsp;<em>Cin\u00e9ma<\/em><\/a>.<\/p>\n\n\n\n<p>M&rsquo;inspirant du projet du <a href=\"https:\/\/www.passeursdimages.fr\/le-film-absent\" target=\"_blank\" rel=\"noopener\">film absent<\/a>&nbsp;propos\u00e9 par l&rsquo;association <em>Passeurs d&rsquo;images,<\/em> j&rsquo;ai d\u00e9clin\u00e9 cette proposition pour parler avec les enfants de l&rsquo;histoire de la 3D gr\u00e2ce \u00e0 l&rsquo;impressionnante s\u00e9quence d&rsquo;ouverture de <a href=\"https:\/\/nanouk-ec.com\/enseignants\/les-films\/la-ruee-vers-l-or\/kino#film\" target=\"_blank\" rel=\"noopener\"><em>La ru\u00e9e vers l&rsquo;or<\/em><\/a> de Charlie Chaplin.<\/p>\n\n\n<div class=\"wp-block-image wp-image-11324 size-full\">\n<figure class=\"aligncenter\"><img loading=\"lazy\" decoding=\"async\" width=\"1622\" height=\"620\" src=\"https:\/\/lafilledecorinthe.com\/wordpress\/wp-content\/uploads\/2021\/06\/Capture-d\u2019e\u0301cran-2021-06-10-a\u0300-14.14.04.png\" alt=\"Capture d\u2019e\u0301cran 2021-06-10 a\u0300 14.14.04\" class=\"wp-image-11324\" srcset=\"https:\/\/lafilledecorinthe.com\/wordpress\/wp-content\/uploads\/2021\/06\/Capture-d\u2019e\u0301cran-2021-06-10-a\u0300-14.14.04.png 1622w, https:\/\/lafilledecorinthe.com\/wordpress\/wp-content\/uploads\/2021\/06\/Capture-d\u2019e\u0301cran-2021-06-10-a\u0300-14.14.04-680x260.png 680w, https:\/\/lafilledecorinthe.com\/wordpress\/wp-content\/uploads\/2021\/06\/Capture-d\u2019e\u0301cran-2021-06-10-a\u0300-14.14.04-1280x489.png 1280w, https:\/\/lafilledecorinthe.com\/wordpress\/wp-content\/uploads\/2021\/06\/Capture-d\u2019e\u0301cran-2021-06-10-a\u0300-14.14.04-500x191.png 500w\" sizes=\"auto, (max-width: 1622px) 100vw, 1622px\" \/><figcaption class=\"wp-element-caption\">Photogrammes des deux premi\u00e8res s\u00e9quences de La ru\u00e9e vers l&rsquo;or<\/figcaption><\/figure>\n<\/div>\n\n\n<p>Les enfant ont tout d&rsquo;abord compar\u00e9 les deux premi\u00e8res s\u00e9quences du film en cherchant tout ce qui les opposait. Nous avons ensuite discut\u00e9 sur la m\u00e9thode de travail de Charlie Chaplin, ce dernier mettant un film en chantier \u00e0 partir d&rsquo;une id\u00e9e\u00a0g\u00e9n\u00e9rale.<br>En l&rsquo;occurence,\u00a0l&rsquo;id\u00e9e de <em>La ru\u00e9e vers l&rsquo;or<\/em> lui est venue en observant une photo st\u00e9r\u00e9oscopique chez ses amis et associ\u00e9s, Marie Pickford et Douglas Fairbanks. Cette photo montrait une foule de\u00a0prospecteurs\u00a0grimpant p\u00e9niblement un col montagneux pour atteindre la rivi\u00e8re Yukon (Alaska) riche en or \u00e0 la fin du XIX \u00e8me si\u00e8cle.<\/p>\n\n\n<div class=\"wp-block-image\">\n<figure class=\"aligncenter\"><a href=\"https:\/\/lafilledecorinthe.com\/wordpress\/wp-content\/uploads\/2021\/06\/Singley.png\"><img loading=\"lazy\" decoding=\"async\" width=\"1650\" height=\"620\" src=\"https:\/\/lafilledecorinthe.com\/wordpress\/wp-content\/uploads\/2021\/06\/Singley.png\" alt=\"Singley\" class=\"wp-image-11326\" srcset=\"https:\/\/lafilledecorinthe.com\/wordpress\/wp-content\/uploads\/2021\/06\/Singley.png 1650w, https:\/\/lafilledecorinthe.com\/wordpress\/wp-content\/uploads\/2021\/06\/Singley-680x256.png 680w, https:\/\/lafilledecorinthe.com\/wordpress\/wp-content\/uploads\/2021\/06\/Singley-1280x481.png 1280w, https:\/\/lafilledecorinthe.com\/wordpress\/wp-content\/uploads\/2021\/06\/Singley-500x188.png 500w\" sizes=\"auto, (max-width: 1650px) 100vw, 1650px\" \/><\/a><figcaption class=\"wp-element-caption\">Photos de B.L. Singley, 1898<\/figcaption><\/figure>\n<\/div>\n\n\n<p>R\u00e9partis en trois groupes les \u00e9l\u00e8ves ont&nbsp;d\u00e9couvert par la manipulation diff\u00e9rents moyens de voir des images en relief.<\/p>\n\n\n<div class=\"wp-block-image\">\n<figure class=\"aligncenter\"><a href=\"https:\/\/lafilledecorinthe.com\/wordpress\/wp-content\/uploads\/2021\/06\/Capture-d\u2019e\u0301cran-2021-06-10-a\u0300-15.22.18.png\"><img loading=\"lazy\" decoding=\"async\" width=\"1270\" height=\"978\" src=\"https:\/\/lafilledecorinthe.com\/wordpress\/wp-content\/uploads\/2021\/06\/Capture-d\u2019e\u0301cran-2021-06-10-a\u0300-15.22.18.png\" alt=\"Capture d\u2019e\u0301cran 2021-06-10 a\u0300 15.22.18\" class=\"wp-image-11337\" srcset=\"https:\/\/lafilledecorinthe.com\/wordpress\/wp-content\/uploads\/2021\/06\/Capture-d\u2019e\u0301cran-2021-06-10-a\u0300-15.22.18.png 1270w, https:\/\/lafilledecorinthe.com\/wordpress\/wp-content\/uploads\/2021\/06\/Capture-d\u2019e\u0301cran-2021-06-10-a\u0300-15.22.18-680x524.png 680w, https:\/\/lafilledecorinthe.com\/wordpress\/wp-content\/uploads\/2021\/06\/Capture-d\u2019e\u0301cran-2021-06-10-a\u0300-15.22.18-390x300.png 390w\" sizes=\"auto, (max-width: 1270px) 100vw, 1270px\" \/><\/a><figcaption class=\"wp-element-caption\">St\u00e9r\u00e9oscopes et visionneuses 3D<\/figcaption><\/figure>\n<\/div>\n\n<div class=\"wp-block-image\">\n<figure class=\"aligncenter\"><a href=\"https:\/\/lafilledecorinthe.com\/wordpress\/wp-content\/uploads\/2021\/06\/Capture-d\u2019e\u0301cran-2021-06-10-a\u0300-15.03.41.png\"><img loading=\"lazy\" decoding=\"async\" width=\"1272\" height=\"984\" src=\"https:\/\/lafilledecorinthe.com\/wordpress\/wp-content\/uploads\/2021\/06\/Capture-d\u2019e\u0301cran-2021-06-10-a\u0300-15.03.41.png\" alt=\"Capture d\u2019e\u0301cran 2021-06-10 a\u0300 15.03.41\" class=\"wp-image-11331\" srcset=\"https:\/\/lafilledecorinthe.com\/wordpress\/wp-content\/uploads\/2021\/06\/Capture-d\u2019e\u0301cran-2021-06-10-a\u0300-15.03.41.png 1272w, https:\/\/lafilledecorinthe.com\/wordpress\/wp-content\/uploads\/2021\/06\/Capture-d\u2019e\u0301cran-2021-06-10-a\u0300-15.03.41-680x526.png 680w, https:\/\/lafilledecorinthe.com\/wordpress\/wp-content\/uploads\/2021\/06\/Capture-d\u2019e\u0301cran-2021-06-10-a\u0300-15.03.41-388x300.png 388w\" sizes=\"auto, (max-width: 1272px) 100vw, 1272px\" \/><\/a><figcaption class=\"wp-element-caption\">Anaglyphes<\/figcaption><\/figure>\n<\/div>\n\n<div class=\"wp-block-image\">\n<figure class=\"aligncenter\"><a href=\"https:\/\/lafilledecorinthe.com\/wordpress\/wp-content\/uploads\/2021\/06\/Capture-d\u2019e\u0301cran-2021-06-10-a\u0300-15.11.23.png\"><img loading=\"lazy\" decoding=\"async\" width=\"1324\" height=\"984\" src=\"https:\/\/lafilledecorinthe.com\/wordpress\/wp-content\/uploads\/2021\/06\/Capture-d\u2019e\u0301cran-2021-06-10-a\u0300-15.11.23.png\" alt=\"Capture d\u2019e\u0301cran 2021-06-10 a\u0300 15.11.23\" class=\"wp-image-11332\" srcset=\"https:\/\/lafilledecorinthe.com\/wordpress\/wp-content\/uploads\/2021\/06\/Capture-d\u2019e\u0301cran-2021-06-10-a\u0300-15.11.23.png 1324w, https:\/\/lafilledecorinthe.com\/wordpress\/wp-content\/uploads\/2021\/06\/Capture-d\u2019e\u0301cran-2021-06-10-a\u0300-15.11.23-680x505.png 680w, https:\/\/lafilledecorinthe.com\/wordpress\/wp-content\/uploads\/2021\/06\/Capture-d\u2019e\u0301cran-2021-06-10-a\u0300-15.11.23-1280x951.png 1280w, https:\/\/lafilledecorinthe.com\/wordpress\/wp-content\/uploads\/2021\/06\/Capture-d\u2019e\u0301cran-2021-06-10-a\u0300-15.11.23-404x300.png 404w\" sizes=\"auto, (max-width: 1324px) 100vw, 1324px\" \/><\/a><figcaption class=\"wp-element-caption\">St\u00e9r\u00e9ogrammes ou \u00ab\u00a0images magiques\u00a0\u00bb<\/figcaption><\/figure>\n<\/div>\n\n\n<p>Enfin, nous avons vu comment le principe de l&rsquo;image 3D s&rsquo;\u00e9tait appliqu\u00e9 au cin\u00e9ma.<\/p>\n\n\n\n<p><iframe loading=\"lazy\" title=\"YouTube video player\" src=\"https:\/\/www.youtube.com\/embed\/4dkUktbSe0I\" width=\"560\" height=\"315\" frameborder=\"0\" allowfullscreen=\"allowfullscreen\"><\/iframe><\/p>\n\n\n<div class=\"wp-block-image\">\n<figure class=\"aligncenter\"><a href=\"https:\/\/lafilledecorinthe.com\/wordpress\/wp-content\/uploads\/2021\/06\/Capture-d\u2019e\u0301cran-2021-06-10-a\u0300-15.24.56.png\"><img loading=\"lazy\" decoding=\"async\" width=\"1204\" height=\"980\" src=\"https:\/\/lafilledecorinthe.com\/wordpress\/wp-content\/uploads\/2021\/06\/Capture-d\u2019e\u0301cran-2021-06-10-a\u0300-15.24.56.png\" alt=\"Capture d\u2019e\u0301cran 2021-06-10 a\u0300 15.24.56\" class=\"wp-image-11338\" srcset=\"https:\/\/lafilledecorinthe.com\/wordpress\/wp-content\/uploads\/2021\/06\/Capture-d\u2019e\u0301cran-2021-06-10-a\u0300-15.24.56.png 1204w, https:\/\/lafilledecorinthe.com\/wordpress\/wp-content\/uploads\/2021\/06\/Capture-d\u2019e\u0301cran-2021-06-10-a\u0300-15.24.56-680x553.png 680w, https:\/\/lafilledecorinthe.com\/wordpress\/wp-content\/uploads\/2021\/06\/Capture-d\u2019e\u0301cran-2021-06-10-a\u0300-15.24.56-369x300.png 369w\" sizes=\"auto, (max-width: 1204px) 100vw, 1204px\" \/><\/a><\/figure>\n<\/div>\n\n\n<p><\/p>\n","protected":false},"excerpt":{"rendered":"<p>\u00a0 \u00ab\u00a0Voir c&rsquo;est vouloir croire\u00a0\u00bb\u00ab\u00a0Voir le relief, c&rsquo;est recevoir, au moyen de chaque oeil, l&rsquo;impression simultan\u00e9e de deux images dissemblables du m\u00eame objet.\u00a0\u00bb\u00a0Euclide (300 AV JC) Atelier propos\u00e9 aux classes de cycle 3 dans le cadre d&rsquo;\u00c9cole et Cin\u00e9ma organis\u00e9 \u00e0 Paris par l&rsquo;association&nbsp;Enfances au&nbsp;Cin\u00e9ma. M&rsquo;inspirant du projet du film absent&nbsp;propos\u00e9 par l&rsquo;association Passeurs d&rsquo;images,&#8230;<\/p>\n","protected":false},"author":2,"featured_media":11294,"comment_status":"open","ping_status":"open","sticky":false,"template":"","format":"standard","meta":{"_kad_post_transparent":"","_kad_post_title":"","_kad_post_layout":"","_kad_post_sidebar_id":"","_kad_post_content_style":"","_kad_post_vertical_padding":"","_kad_post_feature":"","_kad_post_feature_position":"","_kad_post_header":false,"_kad_post_footer":false,"_kad_post_classname":"","footnotes":""},"categories":[7],"tags":[2113,9,1597,24,353,2111,1839,2112,2114,2110],"class_list":["post-11293","post","type-post","status-publish","format-standard","has-post-thumbnail","hentry","category-ateliers-enfants","tag-anaglyphes","tag-atelier","tag-charlie-chaplin","tag-ecole-et-cinema","tag-enfances-au-cinema","tag-film-absent","tag-la-ruee-vers-lor","tag-passeurs-dimages","tag-stereogrammes-ou-images-magiques","tag-vue-stereoscopique"],"_links":{"self":[{"href":"https:\/\/lafilledecorinthe.com\/wordpress\/wp-json\/wp\/v2\/posts\/11293","targetHints":{"allow":["GET"]}}],"collection":[{"href":"https:\/\/lafilledecorinthe.com\/wordpress\/wp-json\/wp\/v2\/posts"}],"about":[{"href":"https:\/\/lafilledecorinthe.com\/wordpress\/wp-json\/wp\/v2\/types\/post"}],"author":[{"embeddable":true,"href":"https:\/\/lafilledecorinthe.com\/wordpress\/wp-json\/wp\/v2\/users\/2"}],"replies":[{"embeddable":true,"href":"https:\/\/lafilledecorinthe.com\/wordpress\/wp-json\/wp\/v2\/comments?post=11293"}],"version-history":[{"count":18,"href":"https:\/\/lafilledecorinthe.com\/wordpress\/wp-json\/wp\/v2\/posts\/11293\/revisions"}],"predecessor-version":[{"id":14870,"href":"https:\/\/lafilledecorinthe.com\/wordpress\/wp-json\/wp\/v2\/posts\/11293\/revisions\/14870"}],"wp:featuredmedia":[{"embeddable":true,"href":"https:\/\/lafilledecorinthe.com\/wordpress\/wp-json\/wp\/v2\/media\/11294"}],"wp:attachment":[{"href":"https:\/\/lafilledecorinthe.com\/wordpress\/wp-json\/wp\/v2\/media?parent=11293"}],"wp:term":[{"taxonomy":"category","embeddable":true,"href":"https:\/\/lafilledecorinthe.com\/wordpress\/wp-json\/wp\/v2\/categories?post=11293"},{"taxonomy":"post_tag","embeddable":true,"href":"https:\/\/lafilledecorinthe.com\/wordpress\/wp-json\/wp\/v2\/tags?post=11293"}],"curies":[{"name":"wp","href":"https:\/\/api.w.org\/{rel}","templated":true}]}}