{"id":11216,"date":"2021-05-11T17:54:21","date_gmt":"2021-05-11T16:54:21","guid":{"rendered":"http:\/\/lafilledecorinthe.com\/wordpress\/?p=11216"},"modified":"2025-12-07T08:38:58","modified_gmt":"2025-12-07T07:38:58","slug":"je-nen-crois-pas-mes-oreilles-atelier-mon-1er-cinema","status":"publish","type":"post","link":"https:\/\/lafilledecorinthe.com\/wordpress\/2021\/05\/je-nen-crois-pas-mes-oreilles-atelier-mon-1er-cinema\/","title":{"rendered":"\u00ab\u00a0Je n&rsquo;en crois pas mes oreilles !\u00a0\u00bb, Atelier \u00ab\u00a0Mon 1er Cin\u00e9ma\u00a0\u00bb"},"content":{"rendered":"\n<p><em>\u00ab\u00a0J&rsquo;esp\u00e8re seulement qu&rsquo;on ne perdra pas de vue une chose : tout a commenc\u00e9 avec une souris.\u00a0\u00bb<\/em><br>Cette phrase c\u00e9l\u00e8bre de Walt Disney n&rsquo;est pas compl\u00e8tement juste. Avant sa c\u00e9l\u00e8bre souris, une petite fille r\u00e9elle, Virginia Davis, \u00e2g\u00e9e de 5 ans, a \u00e9t\u00e9 l&rsquo;h\u00e9ro\u00efne d&rsquo;une s\u00e9rie combinant prises de vue en continue et\u00a0dessins anim\u00e9s, la s\u00e9rie des\u00a0<a href=\"http:\/\/www.malavidafilms.com\/cinema\/alicecomedies2\" target=\"_blank\" rel=\"noopener\"><em>Alice&rsquo;s Comedies<\/em><\/a>. \u00c0 la r\u00e9ouverture des cin\u00e9mas, les\u00a0jeunes \u00e9l\u00e8ves parisiens inscrits dans le dispositif <em>Mon premier Cin\u00e9ma<\/em>\u00a0vont d\u00e9couvrir quatre \u00e9pisodes de cette s\u00e9rie dans la salle de cin\u00e9ma de leur quartier.<\/p>\n\n\n<div class=\"wp-block-image\">\n<figure class=\"aligncenter\"><a href=\"https:\/\/lafilledecorinthe.com\/wordpress\/wp-content\/uploads\/2021\/05\/8-2.jpeg\"><img loading=\"lazy\" decoding=\"async\" width=\"2268\" height=\"1512\" src=\"https:\/\/lafilledecorinthe.com\/wordpress\/wp-content\/uploads\/2021\/05\/8-2.jpeg\" alt=\"8 2\" class=\"wp-image-11309\" srcset=\"https:\/\/lafilledecorinthe.com\/wordpress\/wp-content\/uploads\/2021\/05\/8-2.jpeg 2268w, https:\/\/lafilledecorinthe.com\/wordpress\/wp-content\/uploads\/2021\/05\/8-2-680x453.jpeg 680w, https:\/\/lafilledecorinthe.com\/wordpress\/wp-content\/uploads\/2021\/05\/8-2-1280x853.jpeg 1280w, https:\/\/lafilledecorinthe.com\/wordpress\/wp-content\/uploads\/2021\/05\/8-2-450x300.jpeg 450w\" sizes=\"auto, (max-width: 2268px) 100vw, 2268px\" \/><\/a><\/figure>\n<\/div>\n\n\n<p><\/p>\n\n\n\n<p>En&nbsp;collaboration avec l&rsquo;association <a href=\"https:\/\/enfancesaucinema.net\/inscriptions-aux-dispositifs\/mon-1er-cinema\/66.html\" target=\"_blank\" rel=\"noopener\">Enfances au Cin\u00e9ma<\/a>, j&rsquo;ai eu le plaisir d&rsquo;animer un&nbsp;atelier pour pr\u00e9parer cette sortie tant attendue. R\u00e9alis\u00e9e \u00e0 l&rsquo;\u00e9poque du cin\u00e9ma muet, la s\u00e9rie des <em>Alice&rsquo;s Comedies&nbsp;<\/em>permet<em>&nbsp;<\/em>de faire d\u00e9couvrir aux enfants comment faire bouger les images et comment les rendre sonores.&nbsp;Bienvenue \u00e0 <em>Cartoon Land<\/em> !<\/p>\n\n\n\n<p><iframe loading=\"lazy\" title=\"YouTube video player\" src=\"https:\/\/www.youtube.com\/embed\/tIFEIVkYSnw\" width=\"560\" height=\"315\" frameborder=\"0\" allowfullscreen=\"allowfullscreen\"><\/iframe><\/p>\n\n\n\n<p>D\u00e9couvrons tout d&rsquo;abord le visage de Walt Disney et de son complice, le grand dessinateur am\u00e9ricain Ub Iwerks.<\/p>\n\n\n<div class=\"wp-block-image\">\n<figure class=\"aligncenter\"><a href=\"https:\/\/lafilledecorinthe.com\/wordpress\/wp-content\/uploads\/2021\/05\/walt-et-Ub.png\"><img loading=\"lazy\" decoding=\"async\" width=\"1336\" height=\"586\" src=\"https:\/\/lafilledecorinthe.com\/wordpress\/wp-content\/uploads\/2021\/05\/walt-et-Ub.png\" alt=\"walt et Ub\" class=\"wp-image-11297\" srcset=\"https:\/\/lafilledecorinthe.com\/wordpress\/wp-content\/uploads\/2021\/05\/walt-et-Ub.png 1336w, https:\/\/lafilledecorinthe.com\/wordpress\/wp-content\/uploads\/2021\/05\/walt-et-Ub-680x298.png 680w, https:\/\/lafilledecorinthe.com\/wordpress\/wp-content\/uploads\/2021\/05\/walt-et-Ub-1280x561.png 1280w, https:\/\/lafilledecorinthe.com\/wordpress\/wp-content\/uploads\/2021\/05\/walt-et-Ub-500x219.png 500w\" sizes=\"auto, (max-width: 1336px) 100vw, 1336px\" \/><\/a><\/figure>\n<\/div>\n\n\n<p><\/p>\n\n\n\n<p>\u00c0 l&rsquo;aide des jouets du pr\u00e9-cin\u00e9ma,&nbsp;les enfants comprennent peu \u00e0 peu comment faire bouger un dessin.<\/p>\n\n\n<div class=\"wp-block-image\">\n<figure class=\"aligncenter\"><img loading=\"lazy\" decoding=\"async\" width=\"1216\" height=\"910\" src=\"https:\/\/lafilledecorinthe.com\/wordpress\/wp-content\/uploads\/2021\/05\/Capture-d\u2019e\u0301cran-2021-05-11-a\u0300-16.01.39.png\" alt=\"Capture d\u2019e\u0301cran 2021-05-11 a\u0300 16.01.39\" class=\"wp-image-11299\" srcset=\"https:\/\/lafilledecorinthe.com\/wordpress\/wp-content\/uploads\/2021\/05\/Capture-d\u2019e\u0301cran-2021-05-11-a\u0300-16.01.39.png 1216w, https:\/\/lafilledecorinthe.com\/wordpress\/wp-content\/uploads\/2021\/05\/Capture-d\u2019e\u0301cran-2021-05-11-a\u0300-16.01.39-680x509.png 680w, https:\/\/lafilledecorinthe.com\/wordpress\/wp-content\/uploads\/2021\/05\/Capture-d\u2019e\u0301cran-2021-05-11-a\u0300-16.01.39-401x300.png 401w\" sizes=\"auto, (max-width: 1216px) 100vw, 1216px\" \/><\/figure>\n<\/div>\n\n\n<p><\/p>\n\n\n\n<p>Avant de bruiter des images, nous r\u00e9veillons notre corps pour \u00eatre&nbsp;plus attentifs.<\/p>\n\n\n<div class=\"wp-block-image\">\n<figure class=\"aligncenter\"><img loading=\"lazy\" decoding=\"async\" width=\"1482\" height=\"624\" src=\"https:\/\/lafilledecorinthe.com\/wordpress\/wp-content\/uploads\/2021\/05\/Capture-d\u2019e\u0301cran-2021-05-11-a\u0300-17.45.30.png\" alt=\"Capture d\u2019e\u0301cran 2021-05-11 a\u0300 17.45.30\" class=\"wp-image-11300\" srcset=\"https:\/\/lafilledecorinthe.com\/wordpress\/wp-content\/uploads\/2021\/05\/Capture-d\u2019e\u0301cran-2021-05-11-a\u0300-17.45.30.png 1482w, https:\/\/lafilledecorinthe.com\/wordpress\/wp-content\/uploads\/2021\/05\/Capture-d\u2019e\u0301cran-2021-05-11-a\u0300-17.45.30-680x286.png 680w, https:\/\/lafilledecorinthe.com\/wordpress\/wp-content\/uploads\/2021\/05\/Capture-d\u2019e\u0301cran-2021-05-11-a\u0300-17.45.30-1280x539.png 1280w, https:\/\/lafilledecorinthe.com\/wordpress\/wp-content\/uploads\/2021\/05\/Capture-d\u2019e\u0301cran-2021-05-11-a\u0300-17.45.30-500x211.png 500w\" sizes=\"auto, (max-width: 1482px) 100vw, 1482px\" \/><\/figure>\n<\/div>\n\n\n<p><\/p>\n\n\n<div class=\"wp-block-image\">\n<figure class=\"aligncenter\"><img loading=\"lazy\" decoding=\"async\" width=\"1318\" height=\"540\" src=\"https:\/\/lafilledecorinthe.com\/wordpress\/wp-content\/uploads\/2021\/05\/Capture-d\u2019e\u0301cran-2021-05-11-a\u0300-17.55.15.png\" alt=\"Capture d\u2019e\u0301cran 2021-05-11 a\u0300 17.55.15\" class=\"wp-image-11304\" srcset=\"https:\/\/lafilledecorinthe.com\/wordpress\/wp-content\/uploads\/2021\/05\/Capture-d\u2019e\u0301cran-2021-05-11-a\u0300-17.55.15.png 1318w, https:\/\/lafilledecorinthe.com\/wordpress\/wp-content\/uploads\/2021\/05\/Capture-d\u2019e\u0301cran-2021-05-11-a\u0300-17.55.15-680x279.png 680w, https:\/\/lafilledecorinthe.com\/wordpress\/wp-content\/uploads\/2021\/05\/Capture-d\u2019e\u0301cran-2021-05-11-a\u0300-17.55.15-1280x524.png 1280w, https:\/\/lafilledecorinthe.com\/wordpress\/wp-content\/uploads\/2021\/05\/Capture-d\u2019e\u0301cran-2021-05-11-a\u0300-17.55.15-500x205.png 500w\" sizes=\"auto, (max-width: 1318px) 100vw, 1318px\" \/><\/figure>\n<\/div>\n\n\n<p><\/p>\n\n\n<div class=\"wp-block-image\">\n<figure class=\"aligncenter\"><a href=\"https:\/\/lafilledecorinthe.com\/wordpress\/wp-content\/uploads\/2021\/05\/bruitage-pluie-.png\"><img loading=\"lazy\" decoding=\"async\" width=\"1918\" height=\"706\" src=\"https:\/\/lafilledecorinthe.com\/wordpress\/wp-content\/uploads\/2021\/05\/bruitage-pluie-.png\" alt=\"bruitage pluie\" class=\"wp-image-11307\" srcset=\"https:\/\/lafilledecorinthe.com\/wordpress\/wp-content\/uploads\/2021\/05\/bruitage-pluie-.png 1918w, https:\/\/lafilledecorinthe.com\/wordpress\/wp-content\/uploads\/2021\/05\/bruitage-pluie--680x250.png 680w, https:\/\/lafilledecorinthe.com\/wordpress\/wp-content\/uploads\/2021\/05\/bruitage-pluie--1280x471.png 1280w, https:\/\/lafilledecorinthe.com\/wordpress\/wp-content\/uploads\/2021\/05\/bruitage-pluie--500x184.png 500w\" sizes=\"auto, (max-width: 1918px) 100vw, 1918px\" \/><\/a><\/figure>\n<\/div>\n\n\n<p><\/p>\n\n\n\n<p>Voici&nbsp;deux bandes-son r\u00e9alis\u00e9es par nos apprentis bruiteurs, un grand bravo \u00e0 tous !<\/p>\n\n\n\n<p><iframe loading=\"lazy\" title=\"YouTube video player\" src=\"https:\/\/www.youtube.com\/embed\/XXWqti9d8ig\" width=\"560\" height=\"315\" frameborder=\"0\" allowfullscreen=\"allowfullscreen\"><\/iframe><\/p>\n","protected":false},"excerpt":{"rendered":"<p>\u00ab\u00a0J&rsquo;esp\u00e8re seulement qu&rsquo;on ne perdra pas de vue une chose : tout a commenc\u00e9 avec une souris.\u00a0\u00bbCette phrase c\u00e9l\u00e8bre de Walt Disney n&rsquo;est pas compl\u00e8tement juste. Avant sa c\u00e9l\u00e8bre souris, une petite fille r\u00e9elle, Virginia Davis, \u00e2g\u00e9e de 5 ans, a \u00e9t\u00e9 l&rsquo;h\u00e9ro\u00efne d&rsquo;une s\u00e9rie combinant prises de vue en continue et\u00a0dessins anim\u00e9s, la s\u00e9rie&#8230;<\/p>\n","protected":false},"author":2,"featured_media":11219,"comment_status":"open","ping_status":"open","sticky":false,"template":"","format":"standard","meta":{"_kad_post_transparent":"","_kad_post_title":"","_kad_post_layout":"","_kad_post_sidebar_id":"","_kad_post_content_style":"","_kad_post_vertical_padding":"","_kad_post_feature":"","_kad_post_feature_position":"","_kad_post_header":false,"_kad_post_footer":false,"_kad_post_classname":"","footnotes":""},"categories":[7],"tags":[2107,9,2109,353,2106,1320,2108,1877],"class_list":["post-11216","post","type-post","status-publish","format-standard","has-post-thumbnail","hentry","category-ateliers-enfants","tag-alices-comedies","tag-atelier","tag-bruiteur","tag-enfances-au-cinema","tag-je-nen-crois-pas-mes-oreilles","tag-mon-1er-cinema","tag-ub-iwerks","tag-walt-disney"],"_links":{"self":[{"href":"https:\/\/lafilledecorinthe.com\/wordpress\/wp-json\/wp\/v2\/posts\/11216","targetHints":{"allow":["GET"]}}],"collection":[{"href":"https:\/\/lafilledecorinthe.com\/wordpress\/wp-json\/wp\/v2\/posts"}],"about":[{"href":"https:\/\/lafilledecorinthe.com\/wordpress\/wp-json\/wp\/v2\/types\/post"}],"author":[{"embeddable":true,"href":"https:\/\/lafilledecorinthe.com\/wordpress\/wp-json\/wp\/v2\/users\/2"}],"replies":[{"embeddable":true,"href":"https:\/\/lafilledecorinthe.com\/wordpress\/wp-json\/wp\/v2\/comments?post=11216"}],"version-history":[{"count":20,"href":"https:\/\/lafilledecorinthe.com\/wordpress\/wp-json\/wp\/v2\/posts\/11216\/revisions"}],"predecessor-version":[{"id":14871,"href":"https:\/\/lafilledecorinthe.com\/wordpress\/wp-json\/wp\/v2\/posts\/11216\/revisions\/14871"}],"wp:featuredmedia":[{"embeddable":true,"href":"https:\/\/lafilledecorinthe.com\/wordpress\/wp-json\/wp\/v2\/media\/11219"}],"wp:attachment":[{"href":"https:\/\/lafilledecorinthe.com\/wordpress\/wp-json\/wp\/v2\/media?parent=11216"}],"wp:term":[{"taxonomy":"category","embeddable":true,"href":"https:\/\/lafilledecorinthe.com\/wordpress\/wp-json\/wp\/v2\/categories?post=11216"},{"taxonomy":"post_tag","embeddable":true,"href":"https:\/\/lafilledecorinthe.com\/wordpress\/wp-json\/wp\/v2\/tags?post=11216"}],"curies":[{"name":"wp","href":"https:\/\/api.w.org\/{rel}","templated":true}]}}