{"id":1118,"date":"2012-08-24T09:11:08","date_gmt":"2012-08-24T08:11:08","guid":{"rendered":"http:\/\/lafilledecorinthe.com\/wordpress\/?p=1118"},"modified":"2025-12-09T16:34:19","modified_gmt":"2025-12-09T15:34:19","slug":"pres-du-feu-d-alejandro-fernandez-almendras","status":"publish","type":"post","link":"https:\/\/lafilledecorinthe.com\/wordpress\/2012\/08\/pres-du-feu-d-alejandro-fernandez-almendras\/","title":{"rendered":"\u00ab\u00a0Pr\u00e8s du feu\u00a0\u00bb d&rsquo; Alejandro Fernandez Almendras"},"content":{"rendered":"<p>Dany a quitt\u00e9 la ville pour la campagne chilienne, il \u00e9tait chauffeur de taxi, il est maintenant ouvrier agricole. Ce changement de vie intervient lorsque sa compagne, Alejandra, doit faire face \u00e0 une maladie grave. Le film fait un petit bout de chemin avec eux, il est construit sur une succession de tableaux. Chacun est annonc\u00e9 par un \u00e9cran noir o\u00f9, une phrase du dialogue \u00e0 venir, est mise en exergue, accompagn\u00e9e d&rsquo;un lieu, d&rsquo;une date.<\/p>\n<p>Le corps de Dany envahit l&rsquo;\u00e9cran, qu&rsquo;il soit dans l&rsquo;action ou l&rsquo;attente, il est pr\u00e9sent au monde. Sa vie tient par une succession de gestes ; gestes du travail, gestes du quotidien, gestes d&rsquo;amour. Son apparence \u00e9volue tout au long du film ; cheveux longs, cheveux courts, barbu, glabre. Signes des changements int\u00e9rieurs qu&rsquo;il doit affronter et\u00a0du temps qui passe inexorablement. La campagne chilienne se transforme aussi au fil des saisons, la lumi\u00e8re y est tr\u00e8s pr\u00e9sente, \u00e9t\u00e9 comme hiver. Elle accueille, r\u00e9chauffe les corps, mais face \u00e0 sa permanence, rend notre statut de mortel encore plus vuln\u00e9rable. Chaque tableau du film se termine par de magnifiques plans fixes, les personnages quittent peu \u00e0 peu le cadre, seul le d\u00e9cor reste, immuable.<\/p>\n<p>Les dialogues sont peu nombreux, l&rsquo;un des plus marquants est celui qu&rsquo;\u00e9changent Dany et Alejandra apr\u00e8s avoir fait l&rsquo;amour. Ils se racontent \u00ab\u00a0leur premi\u00e8re fois\u00a0\u00bb, Dany \u00e9voque son retour \u00e0 la maison paternelle apr\u00e8s sa premi\u00e8re nuit \u00e0 l&rsquo;ext\u00e9rieur. Malgr\u00e9 sa fatigue, il va dans la cuisine, boit, allume la t\u00e9l\u00e9, discute avec son p\u00e8re. Il ne veut pas aller dormir car il ne veut pas que \u00ab\u00a0\u00e7a\u00a0\u00bb s&rsquo;arr\u00eate. Le titre du film \u00a0\u00bb <a href=\"http:\/\/www.uchile.cl\/cultura\/teillier\/antologia\/angelesygorriones\/6.html\" target=\"_blank\" rel=\"noopener\">Sentados frete al fuego<\/a>\u00a0\u00bb est extrait d&rsquo;un po\u00e8me chilien de Jorge Teillier. D&rsquo;autres vers (<a href=\"http:\/\/poesie.webnet.fr\/lesgrandsclassiques\/poemes\/alphonse_de_lamartine\/le_lac.html\" target=\"_blank\" rel=\"noopener\"> Le lac<\/a> de Lamartine) entrent en r\u00e9sonance avec le film pour souligner notre fragilit\u00e9 commune.<\/p>\n<p>\u00ab &#8230; Mais je demande en vain quelques moments encore,<br \/>\nLe temps m&rsquo;\u00e9chappe et fuit\u00a0;<br \/>\nJe dis \u00e0 cette nuit\u00a0: \u00ab\u00a0Sois plus\u00a0lente\u00a0\u00bb\u00a0; et l&rsquo;aurore<br \/>\nVa dissiper la nuit.<\/p>\n<p>\u00ab\u00a0Aimons donc, aimons donc\u00a0! de l&rsquo;heure fugitive,<br \/>\nH\u00e2tons-nous, jouissons\u00a0!<br \/>\nL&rsquo;homme n&rsquo;a\u00a0point de port, le temps n&rsquo;a point de rive\u00a0;<br \/>\nIl coule, et nous passons\u00a0!\u00a0\u00bb<\/p>\n<figure id=\"attachment_1121\" aria-describedby=\"caption-attachment-1121\" style=\"width: 200px\" class=\"wp-caption aligncenter\"><a href=\"https:\/\/lafilledecorinthe.com\/wordpress\/wp-content\/uploads\/2012\/08\/PDF-Photo1.jpg\"><img loading=\"lazy\" decoding=\"async\" class=\"size-thumbnail wp-image-1121\" title=\"PDF-Photo1\" src=\"https:\/\/lafilledecorinthe.com\/wordpress\/wp-content\/uploads\/2012\/08\/PDF-Photo1-200x200.jpg\" alt=\"\" width=\"200\" height=\"200\" \/><\/a><figcaption id=\"caption-attachment-1121\" class=\"wp-caption-text\">\u00a9 arizona distrib. www.arizonafilms.net<\/figcaption><\/figure>\n","protected":false},"excerpt":{"rendered":"<p>Dany a quitt\u00e9 la ville pour la campagne chilienne, il \u00e9tait chauffeur de taxi, il est maintenant ouvrier agricole. Ce changement de vie intervient lorsque sa compagne, Alejandra, doit faire face \u00e0 une maladie grave. Le film fait un petit bout de chemin avec eux, il est construit sur une succession de tableaux. Chacun est&#8230;<\/p>\n","protected":false},"author":2,"featured_media":1122,"comment_status":"open","ping_status":"open","sticky":false,"template":"","format":"standard","meta":{"_kad_post_transparent":"","_kad_post_title":"","_kad_post_layout":"","_kad_post_sidebar_id":"","_kad_post_content_style":"","_kad_post_vertical_padding":"","_kad_post_feature":"","_kad_post_feature_position":"","_kad_post_header":false,"_kad_post_footer":false,"_kad_post_classname":"","footnotes":""},"categories":[6,13],"tags":[162,164,163,166,165,161],"class_list":["post-1118","post","type-post","status-publish","format-standard","has-post-thumbnail","hentry","category-blog","category-sorties-culturelles","tag-alejandro-fernandez-almendras","tag-arizona-distrib-sentados-frente-al-fuego","tag-film-chilien","tag-lamartine","tag-le-lac","tag-pres-du-feu"],"_links":{"self":[{"href":"https:\/\/lafilledecorinthe.com\/wordpress\/wp-json\/wp\/v2\/posts\/1118","targetHints":{"allow":["GET"]}}],"collection":[{"href":"https:\/\/lafilledecorinthe.com\/wordpress\/wp-json\/wp\/v2\/posts"}],"about":[{"href":"https:\/\/lafilledecorinthe.com\/wordpress\/wp-json\/wp\/v2\/types\/post"}],"author":[{"embeddable":true,"href":"https:\/\/lafilledecorinthe.com\/wordpress\/wp-json\/wp\/v2\/users\/2"}],"replies":[{"embeddable":true,"href":"https:\/\/lafilledecorinthe.com\/wordpress\/wp-json\/wp\/v2\/comments?post=1118"}],"version-history":[{"count":13,"href":"https:\/\/lafilledecorinthe.com\/wordpress\/wp-json\/wp\/v2\/posts\/1118\/revisions"}],"predecessor-version":[{"id":15329,"href":"https:\/\/lafilledecorinthe.com\/wordpress\/wp-json\/wp\/v2\/posts\/1118\/revisions\/15329"}],"wp:featuredmedia":[{"embeddable":true,"href":"https:\/\/lafilledecorinthe.com\/wordpress\/wp-json\/wp\/v2\/media\/1122"}],"wp:attachment":[{"href":"https:\/\/lafilledecorinthe.com\/wordpress\/wp-json\/wp\/v2\/media?parent=1118"}],"wp:term":[{"taxonomy":"category","embeddable":true,"href":"https:\/\/lafilledecorinthe.com\/wordpress\/wp-json\/wp\/v2\/categories?post=1118"},{"taxonomy":"post_tag","embeddable":true,"href":"https:\/\/lafilledecorinthe.com\/wordpress\/wp-json\/wp\/v2\/tags?post=1118"}],"curies":[{"name":"wp","href":"https:\/\/api.w.org\/{rel}","templated":true}]}}