{"id":11158,"date":"2021-03-30T16:03:34","date_gmt":"2021-03-30T15:03:34","guid":{"rendered":"http:\/\/lafilledecorinthe.com\/wordpress\/?p=11158"},"modified":"2025-11-29T13:07:32","modified_gmt":"2025-11-29T12:07:32","slug":"kiosque-danete-melece","status":"publish","type":"post","link":"https:\/\/lafilledecorinthe.com\/wordpress\/2021\/03\/kiosque-danete-melece\/","title":{"rendered":"\u00ab\u00a0Kiosque\u00a0\u00bb d&rsquo;Anete Melece"},"content":{"rendered":"\n<p>Les \u00e9ditions de <em><a href=\"https:\/\/www.ecoledesloisirs.fr\/livre\/kiosque\" target=\"_blank\" rel=\"noopener\">L&rsquo;\u00e9cole des loisirs<\/a><\/em> viennent d&rsquo;enrichir leur catalogue avec une p\u00e9pite, l&rsquo;album&nbsp;<em>Kiosque <\/em>r\u00e9alis\u00e9 par l&rsquo;artiste lettone Anete Melece. D\u00e9couvert l&rsquo;an dernier alors que je travaillais sur le <a href=\"https:\/\/lafilledecorinthe.com\/wordpress\/2020\/11\/ecole-et-cinema-maternelle-dans-le-val-doise\/\" target=\"_blank\" rel=\"noopener\">court m\u00e9trage<\/a>&nbsp;\u00e9ponyme dont l&rsquo;album est une adaptation, je r\u00eavais que les lecteurs de langue fran\u00e7aise puissent \u00e0 leur tour avoir ce bel objet en main, c&rsquo;est chose faite&nbsp;!<\/p>\n\n\n\n<p>Anete Melece a imagin\u00e9 l&rsquo;histoire de la plantureuse Olga coinc\u00e9e dans son kiosque \u00e0 journaux&nbsp;apr\u00e8s deux ann\u00e9es \u00e0 cr\u00e9er des images publicitaires dans une agence de design packaging. Elle gagnait bien sa vie mais le sentiment \u00ab\u00a0d&rsquo;\u00eatre au mauvais endroit\u00a0\u00bb&nbsp;l&rsquo;a envahie&nbsp;peu \u00e0 peu. Elle s&rsquo;est mise \u00e0 r\u00eaver d&rsquo;autre chose&#8230;<\/p>\n\n\n<div class=\"wp-block-image\">\n<figure class=\"aligncenter\"><a href=\"https:\/\/lafilledecorinthe.com\/wordpress\/wp-content\/uploads\/2021\/03\/Capture-d\u2019\u00e9cran-2021-03-29-\u00e0-21.20.33.jpg\"><img loading=\"lazy\" decoding=\"async\" width=\"1476\" height=\"1082\" src=\"https:\/\/lafilledecorinthe.com\/wordpress\/wp-content\/uploads\/2021\/03\/Capture-d\u2019\u00e9cran-2021-03-29-\u00e0-21.20.33.jpg\" alt=\"Capture d\u2019\u00e9cran 2021-03-29 \u00e0 21.20.33\" class=\"wp-image-11184\" srcset=\"https:\/\/lafilledecorinthe.com\/wordpress\/wp-content\/uploads\/2021\/03\/Capture-d\u2019\u00e9cran-2021-03-29-\u00e0-21.20.33.jpg 1476w, https:\/\/lafilledecorinthe.com\/wordpress\/wp-content\/uploads\/2021\/03\/Capture-d\u2019\u00e9cran-2021-03-29-\u00e0-21.20.33-680x498.jpg 680w, https:\/\/lafilledecorinthe.com\/wordpress\/wp-content\/uploads\/2021\/03\/Capture-d\u2019\u00e9cran-2021-03-29-\u00e0-21.20.33-1280x938.jpg 1280w, https:\/\/lafilledecorinthe.com\/wordpress\/wp-content\/uploads\/2021\/03\/Capture-d\u2019\u00e9cran-2021-03-29-\u00e0-21.20.33-409x300.jpg 409w\" sizes=\"auto, (max-width: 1476px) 100vw, 1476px\" \/><\/a><figcaption class=\"wp-element-caption\">Extrait\u00a0de la bande dessin\u00e9e publi\u00e9e\u00a0sur le site de l&rsquo;\u00e9diteur letton <a href=\"\u00a0https:\/\/geckopress.com\/day-in-the-life-of-anete-melece\/\" target=\"_blank\" rel=\"noopener\">Gecko Press<\/a> lors de la sortie de l&rsquo;album en anglais.<\/figcaption><\/figure>\n<\/div>\n\n\n<p>&#8230; et finalement elle a d\u00e9cid\u00e9 de quitter son&nbsp;travail alimentaire pour se former \u00e0 l&rsquo;animation et \u00e0 l&rsquo;illustration \u00e0 la <a href=\"https:\/\/www.hslu.ch\/en\/\" target=\"_blank\" rel=\"noopener\">HSLU<\/a> (universit\u00e9 des Sciences appliqu\u00e9es et des Arts), une \u00e9cole publique de Lucerne en Suisse. Pendant ses \u00e9tudes, elle a d\u00e9velopp\u00e9 l&rsquo;histoire d&rsquo;Olga sous la forme d&rsquo;un court m\u00e9trage anim\u00e9. Son film de fin d&rsquo;\u00e9tude lui a permis de r\u00e9aliser le r\u00eave d&rsquo;Olga, voyager&#8230; &#8230; dans les festivals du monde entier.<\/p>\n\n\n\n<p><iframe loading=\"lazy\" src=\"https:\/\/player.vimeo.com\/video\/258238541\" width=\"640\" height=\"360\" frameborder=\"0\" allowfullscreen=\"allowfullscreen\"><\/iframe><\/p>\n\n\n\n<p><a href=\"https:\/\/vimeo.com\/258238541\">The Kiosk<\/a> from <a href=\"https:\/\/vimeo.com\/user6037288\">Anete Melece<\/a> on <a href=\"https:\/\/vimeo.com\">Vimeo<\/a>.<\/p>\n\n\n\n<p>J&rsquo;aime cette histoire aux multiples r\u00e9sonances. Le d\u00e9sir de libert\u00e9 qui anime Olga et qui lui permet de se mettre en mouvement nous touche particuli\u00e8rement en ces temps de confinement impos\u00e9. Chacun, petits et grands, se retrouve dans ce portrait quels que soient ses&nbsp;bloquages et ses envies d&rsquo;ailleurs.<\/p>\n\n\n<div class=\"wp-block-image\">\n<figure class=\"aligncenter\"><a href=\"https:\/\/lafilledecorinthe.com\/wordpress\/wp-content\/uploads\/2021\/03\/illustration.jpg\"><img loading=\"lazy\" decoding=\"async\" width=\"1730\" height=\"650\" src=\"https:\/\/lafilledecorinthe.com\/wordpress\/wp-content\/uploads\/2021\/03\/illustration.jpg\" alt=\"illustration\" class=\"wp-image-11195\" srcset=\"https:\/\/lafilledecorinthe.com\/wordpress\/wp-content\/uploads\/2021\/03\/illustration.jpg 1730w, https:\/\/lafilledecorinthe.com\/wordpress\/wp-content\/uploads\/2021\/03\/illustration-680x255.jpg 680w, https:\/\/lafilledecorinthe.com\/wordpress\/wp-content\/uploads\/2021\/03\/illustration-1280x481.jpg 1280w, https:\/\/lafilledecorinthe.com\/wordpress\/wp-content\/uploads\/2021\/03\/illustration-500x188.jpg 500w\" sizes=\"auto, (max-width: 1730px) 100vw, 1730px\" \/><\/a><\/figure>\n<\/div>\n\n\n<p>Si de nombreux auteurs d&rsquo;albums ont donn\u00e9 une nouvelle vie \u00e0 leur histoire en les animant, le chemin inverse est plus rare et souvent d\u00e9cevant.&nbsp;Le changement de m\u00e9dium effectu\u00e9 par Anete Melece est ici remarquable. Elle a entrepris l&rsquo;adaptation de son film sept ans apr\u00e8s sa sortie. Ce laps de temps important lui a permis d&rsquo;envisager son histoire avec un oeil nouveau. Elle a pris la d\u00e9cision&nbsp;de ne pas utiliser des images extraites du film&nbsp;mais d&rsquo;en cr\u00e9er de nouvelles.&nbsp;&nbsp;L&rsquo;alternance d&rsquo;images en vignettes et d&rsquo;images plein cadre cr\u00e9\u00e9 un rythme int\u00e9ressant, le lecteur peut moduler sa lecture et prendre le temps d&rsquo;explorer de grands tableaux.<\/p>\n\n\n<div class=\"wp-block-image\">\n<figure class=\"aligncenter\"><a href=\"https:\/\/lafilledecorinthe.com\/wordpress\/wp-content\/uploads\/2021\/03\/Capture-d\u2019\u00e9cran-2021-03-30-\u00e0-12.24.25.jpg\"><img loading=\"lazy\" decoding=\"async\" width=\"1874\" height=\"888\" src=\"https:\/\/lafilledecorinthe.com\/wordpress\/wp-content\/uploads\/2021\/03\/Capture-d\u2019\u00e9cran-2021-03-30-\u00e0-12.24.25.jpg\" alt=\"Capture d\u2019\u00e9cran 2021-03-30 \u00e0 12.24.25\" class=\"wp-image-11198\" srcset=\"https:\/\/lafilledecorinthe.com\/wordpress\/wp-content\/uploads\/2021\/03\/Capture-d\u2019\u00e9cran-2021-03-30-\u00e0-12.24.25.jpg 1874w, https:\/\/lafilledecorinthe.com\/wordpress\/wp-content\/uploads\/2021\/03\/Capture-d\u2019\u00e9cran-2021-03-30-\u00e0-12.24.25-680x322.jpg 680w, https:\/\/lafilledecorinthe.com\/wordpress\/wp-content\/uploads\/2021\/03\/Capture-d\u2019\u00e9cran-2021-03-30-\u00e0-12.24.25-1280x607.jpg 1280w, https:\/\/lafilledecorinthe.com\/wordpress\/wp-content\/uploads\/2021\/03\/Capture-d\u2019\u00e9cran-2021-03-30-\u00e0-12.24.25-500x237.jpg 500w\" sizes=\"auto, (max-width: 1874px) 100vw, 1874px\" \/><\/a><\/figure>\n<\/div>\n\n\n<p><\/p>\n\n\n\n<p>La n\u00e9cessit\u00e9 de condenser un&nbsp;\u00e9v\u00e8nement en une seule image impose de nouveaux choix formels, de point de vue, de cadrage et de format. Elle impose&nbsp;aussi de trouver des astuces pour figurer le mouvement en d\u00e9multipliant par exemple le personnage comme dans la page ci dessous qui figure la trajectoire&nbsp;d&rsquo;Olga sur la rivi\u00e8re.<\/p>\n\n\n<div class=\"wp-block-image\">\n<figure class=\"aligncenter\"><a href=\"https:\/\/lafilledecorinthe.com\/wordpress\/wp-content\/uploads\/2021\/03\/photogrammes-illustrations.jpg\"><img loading=\"lazy\" decoding=\"async\" width=\"2004\" height=\"684\" src=\"https:\/\/lafilledecorinthe.com\/wordpress\/wp-content\/uploads\/2021\/03\/photogrammes-illustrations.jpg\" alt=\"photogrammes: illustrations\" class=\"wp-image-11197\" srcset=\"https:\/\/lafilledecorinthe.com\/wordpress\/wp-content\/uploads\/2021\/03\/photogrammes-illustrations.jpg 2004w, https:\/\/lafilledecorinthe.com\/wordpress\/wp-content\/uploads\/2021\/03\/photogrammes-illustrations-680x232.jpg 680w, https:\/\/lafilledecorinthe.com\/wordpress\/wp-content\/uploads\/2021\/03\/photogrammes-illustrations-1280x437.jpg 1280w, https:\/\/lafilledecorinthe.com\/wordpress\/wp-content\/uploads\/2021\/03\/photogrammes-illustrations-500x171.jpg 500w\" sizes=\"auto, (max-width: 2004px) 100vw, 2004px\" \/><\/a><\/figure>\n<\/div>\n\n\n<p><\/p>\n\n\n\n<p>Le passage du film au livre&nbsp;a aussi n\u00e9cessit\u00e9 l&rsquo;\u00e9criture d&rsquo;un texte, le&nbsp;court m\u00e9trage&nbsp;\u00e9tant sans parole. Ce texte \u00e9mane&nbsp;du regard chaleureux que porte Anete Melece sur son personnage principal nous la rendant \u00e9minemment sympathique. Enfin, la couverture du livre a \u00e9t\u00e9 con\u00e7ue avec soin par l&rsquo;ancienne designeuse.&nbsp;Une&nbsp;d\u00e9coupe de l&rsquo;encadrement du kiosque permet de&nbsp;passer de l&rsquo;int\u00e9rieur&nbsp;\u00e0 l&rsquo;ext\u00e9rieur en ouvrant et fermant la couverture.&nbsp;Quelle sera la nouvelle destination d&rsquo;Olga ?<\/p>\n\n\n<div class=\"wp-block-image\">\n<figure class=\"aligncenter\"><a href=\"https:\/\/lafilledecorinthe.com\/wordpress\/wp-content\/uploads\/2021\/03\/Capture-d\u2019\u00e9cran-2021-03-30-\u00e0-16.31.36.jpg\"><img loading=\"lazy\" decoding=\"async\" width=\"2146\" height=\"1414\" src=\"https:\/\/lafilledecorinthe.com\/wordpress\/wp-content\/uploads\/2021\/03\/Capture-d\u2019\u00e9cran-2021-03-30-\u00e0-16.31.36.jpg\" alt=\"Capture d\u2019\u00e9cran 2021-03-30 \u00e0 16.31.36\" class=\"wp-image-11201\" srcset=\"https:\/\/lafilledecorinthe.com\/wordpress\/wp-content\/uploads\/2021\/03\/Capture-d\u2019\u00e9cran-2021-03-30-\u00e0-16.31.36.jpg 2146w, https:\/\/lafilledecorinthe.com\/wordpress\/wp-content\/uploads\/2021\/03\/Capture-d\u2019\u00e9cran-2021-03-30-\u00e0-16.31.36-680x448.jpg 680w, https:\/\/lafilledecorinthe.com\/wordpress\/wp-content\/uploads\/2021\/03\/Capture-d\u2019\u00e9cran-2021-03-30-\u00e0-16.31.36-1280x843.jpg 1280w, https:\/\/lafilledecorinthe.com\/wordpress\/wp-content\/uploads\/2021\/03\/Capture-d\u2019\u00e9cran-2021-03-30-\u00e0-16.31.36-455x300.jpg 455w\" sizes=\"auto, (max-width: 2146px) 100vw, 2146px\" \/><\/a><\/figure>\n<\/div>\n\n\n<p><\/p>\n","protected":false},"excerpt":{"rendered":"<p>Les \u00e9ditions de L&rsquo;\u00e9cole des loisirs viennent d&rsquo;enrichir leur catalogue avec une p\u00e9pite, l&rsquo;album&nbsp;Kiosque r\u00e9alis\u00e9 par l&rsquo;artiste lettone Anete Melece. D\u00e9couvert l&rsquo;an dernier alors que je travaillais sur le court m\u00e9trage&nbsp;\u00e9ponyme dont l&rsquo;album est une adaptation, je r\u00eavais que les lecteurs de langue fran\u00e7aise puissent \u00e0 leur tour avoir ce bel objet en main, c&rsquo;est&#8230;<\/p>\n","protected":false},"author":2,"featured_media":11186,"comment_status":"open","ping_status":"open","sticky":false,"template":"","format":"standard","meta":{"_kad_post_transparent":"","_kad_post_title":"","_kad_post_layout":"","_kad_post_sidebar_id":"","_kad_post_content_style":"","_kad_post_vertical_padding":"","_kad_post_feature":"","_kad_post_feature_position":"","_kad_post_header":false,"_kad_post_footer":false,"_kad_post_classname":"","footnotes":""},"categories":[6,14],"tags":[12,10,2063,2086,2085,2083,2084,2087],"class_list":["post-11158","post","type-post","status-publish","format-standard","has-post-thumbnail","hentry","category-blog","category-decouvertes-artistes","tag-adaptation","tag-album","tag-anete-melece","tag-court-metrage","tag-gecko-press","tag-kiosque","tag-lecole-des-loisirs","tag-medium"],"_links":{"self":[{"href":"https:\/\/lafilledecorinthe.com\/wordpress\/wp-json\/wp\/v2\/posts\/11158","targetHints":{"allow":["GET"]}}],"collection":[{"href":"https:\/\/lafilledecorinthe.com\/wordpress\/wp-json\/wp\/v2\/posts"}],"about":[{"href":"https:\/\/lafilledecorinthe.com\/wordpress\/wp-json\/wp\/v2\/types\/post"}],"author":[{"embeddable":true,"href":"https:\/\/lafilledecorinthe.com\/wordpress\/wp-json\/wp\/v2\/users\/2"}],"replies":[{"embeddable":true,"href":"https:\/\/lafilledecorinthe.com\/wordpress\/wp-json\/wp\/v2\/comments?post=11158"}],"version-history":[{"count":17,"href":"https:\/\/lafilledecorinthe.com\/wordpress\/wp-json\/wp\/v2\/posts\/11158\/revisions"}],"predecessor-version":[{"id":14295,"href":"https:\/\/lafilledecorinthe.com\/wordpress\/wp-json\/wp\/v2\/posts\/11158\/revisions\/14295"}],"wp:featuredmedia":[{"embeddable":true,"href":"https:\/\/lafilledecorinthe.com\/wordpress\/wp-json\/wp\/v2\/media\/11186"}],"wp:attachment":[{"href":"https:\/\/lafilledecorinthe.com\/wordpress\/wp-json\/wp\/v2\/media?parent=11158"}],"wp:term":[{"taxonomy":"category","embeddable":true,"href":"https:\/\/lafilledecorinthe.com\/wordpress\/wp-json\/wp\/v2\/categories?post=11158"},{"taxonomy":"post_tag","embeddable":true,"href":"https:\/\/lafilledecorinthe.com\/wordpress\/wp-json\/wp\/v2\/tags?post=11158"}],"curies":[{"name":"wp","href":"https:\/\/api.w.org\/{rel}","templated":true}]}}