{"id":11127,"date":"2021-03-13T22:21:34","date_gmt":"2021-03-13T21:21:34","guid":{"rendered":"http:\/\/lafilledecorinthe.com\/wordpress\/?p=11127"},"modified":"2025-11-29T13:07:01","modified_gmt":"2025-11-29T12:07:01","slug":"les-voix-du-fleuve-exposition-de-constanza-aguirre","status":"publish","type":"post","link":"https:\/\/lafilledecorinthe.com\/wordpress\/2021\/03\/les-voix-du-fleuve-exposition-de-constanza-aguirre\/","title":{"rendered":"\u00ab\u00a0Les voix du Fleuve\u00a0\u00bb exposition de Constanza Aguirre"},"content":{"rendered":"\n<p>En ces temps de disette culturelle, quel bonheur de recevoir dans sa bo\u00eete mail l&rsquo;invitation \u00e0 l&rsquo;exposition d&rsquo;une artiste dont&nbsp;vous aimez particuli\u00e8rement le travail. Je n&rsquo;avais pas vu Constanza depuis notre <a title=\"Constanza Aguirre, artiste peintre\" href=\"https:\/\/lafilledecorinthe.com\/wordpress\/2016\/01\/constanza-aguirre-artiste-peintre\/\">entretien<\/a> en 2015, elle m&rsquo;avait alors re\u00e7ue dans son atelier de Saint Denis. Elle&nbsp;travaillait \u00e0&nbsp;sa nouvelle s\u00e9rie <em>Les voix du Fleuve <\/em>dont une s\u00e9lection de&nbsp;toiles est expos\u00e9e \u00e0 l&rsquo;<a href=\"https:\/\/www.espace-icare.com\/\" target=\"_blank\" rel=\"noopener\">espace Icare<\/a> d&rsquo;Issy-les-Moulineaux. Cette premi\u00e8re rencontre avec le public est organis\u00e9e par les artistes du collectif Ik-Art jusqu&rsquo;au 27 mars 2021.<\/p>\n\n\n<div class=\"wp-block-image\">\n<figure class=\"aligncenter\"><a href=\"https:\/\/lafilledecorinthe.com\/wordpress\/wp-content\/uploads\/2021\/03\/Constanza.jpeg\"><img loading=\"lazy\" decoding=\"async\" width=\"3264\" height=\"2448\" src=\"https:\/\/lafilledecorinthe.com\/wordpress\/wp-content\/uploads\/2021\/03\/Constanza.jpeg\" alt=\"Constanza\" class=\"wp-image-11131\" srcset=\"https:\/\/lafilledecorinthe.com\/wordpress\/wp-content\/uploads\/2021\/03\/Constanza.jpeg 3264w, https:\/\/lafilledecorinthe.com\/wordpress\/wp-content\/uploads\/2021\/03\/Constanza-680x510.jpeg 680w, https:\/\/lafilledecorinthe.com\/wordpress\/wp-content\/uploads\/2021\/03\/Constanza-1280x960.jpeg 1280w, https:\/\/lafilledecorinthe.com\/wordpress\/wp-content\/uploads\/2021\/03\/Constanza-400x300.jpeg 400w\" sizes=\"auto, (max-width: 3264px) 100vw, 3264px\" \/><\/a><figcaption class=\"wp-element-caption\">Vue de l&rsquo;atelier de Constanza Aguirre, toile en cours de r\u00e9alisation, d\u00e9cembre 2015<\/figcaption><\/figure>\n<\/div>\n\n\n<p>Le fleuve colombien repr\u00e9sent\u00e9 sur les toiles de Constanza est le <em>R\u00edo Atrat\u00f3. <\/em>Fid\u00e8le<em>&nbsp;<\/em>\u00e0 sa d\u00e9marche&nbsp;Constanza a accumul\u00e9 des images, des extraits de film et des dessins effectu\u00e9s lors de ses voyages&nbsp;sur le fleuve <span class=\"s1\">avant de commencer son travail pictural.<\/span><\/p>\n\n\n<div class=\"wp-block-image\">\n<figure class=\"aligncenter\"><a href=\"https:\/\/lafilledecorinthe.com\/wordpress\/wp-content\/uploads\/2021\/03\/IMG_6290.jpeg\"><img loading=\"lazy\" decoding=\"async\" width=\"3910\" height=\"2245\" src=\"https:\/\/lafilledecorinthe.com\/wordpress\/wp-content\/uploads\/2021\/03\/IMG_6290.jpeg\" alt=\"IMG_6290\" class=\"wp-image-11133\" srcset=\"https:\/\/lafilledecorinthe.com\/wordpress\/wp-content\/uploads\/2021\/03\/IMG_6290.jpeg 3910w, https:\/\/lafilledecorinthe.com\/wordpress\/wp-content\/uploads\/2021\/03\/IMG_6290-680x390.jpeg 680w, https:\/\/lafilledecorinthe.com\/wordpress\/wp-content\/uploads\/2021\/03\/IMG_6290-1280x735.jpeg 1280w, https:\/\/lafilledecorinthe.com\/wordpress\/wp-content\/uploads\/2021\/03\/IMG_6290-500x287.jpeg 500w\" sizes=\"auto, (max-width: 3910px) 100vw, 3910px\" \/><\/a><\/figure>\n<\/div>\n\n\n<p><\/p>\n\n\n\n<p>Je suis \u00e0 nouveau marqu\u00e9e par&nbsp;la repr\u00e9sentation de ces corps nus charri\u00e9s par le fleuve. Constanza m&rsquo;avait expliqu\u00e9 que ces cadavres sans nom, cons\u00e9quence de la violence end\u00e9mique qui s\u00e9vit dans la r\u00e9gion, sont pris en charge par les habitants des villages. Sans chercher \u00e0 savoir s&rsquo;ils sont victimes ou bourreaux,&nbsp;les habitants leur offrent une s\u00e9pulture. Les combats entre groupes paramilitaires ne sont pas le seul fl\u00e9au auquel doivent faire face les populations qui vivent sur les berges du fleuve. Le&nbsp;<em>R\u00edo Atrat\u00f3 <\/em>est&nbsp;le fleuve le plus pollu\u00e9 de Colombie. La d\u00e9forestation et l&rsquo;exploitation mini\u00e8re ill\u00e9gale&nbsp;ont profond\u00e9ment perturb\u00e9 l&rsquo;\u00e9cosyst\u00e8me du bassin fluvial. Depuis 2017, la cour constitutionnelle a pris la d\u00e9cision de garantir les <a href=\"https:\/\/www.sciencespo.fr\/ceri\/fr\/content\/les-gardiens-du-fleuve-crise-environnementale-et-droit-ecocentre-en-action-dans-le-choco-col\" target=\"_blank\" rel=\"noopener\">droits<\/a>&nbsp;du fleuve et de ses habitants. Les tableaux de Constanza&nbsp;r\u00e9v\u00e8lent&nbsp;une <a href=\"https:\/\/www.youtube.com\/watch?v=DjJqoMzerWs&amp;t=24s\" target=\"_blank\" rel=\"noopener\">crise environnementale et humanitaire<\/a> qui la heurte dans une r\u00e9gion&nbsp;poss\u00e9dant l&rsquo;un des \u00e9cosyst\u00e8mes les plus diversifi\u00e9s au mode.<\/p>\n\n\n<div class=\"wp-block-image\">\n<figure class=\"aligncenter\"><a href=\"https:\/\/lafilledecorinthe.com\/wordpress\/wp-content\/uploads\/2021\/03\/Capture-d\u2019\u00e9cran-2021-03-13-\u00e0-21.40.09.jpg\"><img loading=\"lazy\" decoding=\"async\" width=\"1514\" height=\"1176\" src=\"https:\/\/lafilledecorinthe.com\/wordpress\/wp-content\/uploads\/2021\/03\/Capture-d\u2019\u00e9cran-2021-03-13-\u00e0-21.40.09.jpg\" alt=\"Capture d\u2019\u00e9cran 2021-03-13 \u00e0 21.40.09\" class=\"wp-image-11137\" srcset=\"https:\/\/lafilledecorinthe.com\/wordpress\/wp-content\/uploads\/2021\/03\/Capture-d\u2019\u00e9cran-2021-03-13-\u00e0-21.40.09.jpg 1514w, https:\/\/lafilledecorinthe.com\/wordpress\/wp-content\/uploads\/2021\/03\/Capture-d\u2019\u00e9cran-2021-03-13-\u00e0-21.40.09-680x528.jpg 680w, https:\/\/lafilledecorinthe.com\/wordpress\/wp-content\/uploads\/2021\/03\/Capture-d\u2019\u00e9cran-2021-03-13-\u00e0-21.40.09-1280x994.jpg 1280w, https:\/\/lafilledecorinthe.com\/wordpress\/wp-content\/uploads\/2021\/03\/Capture-d\u2019\u00e9cran-2021-03-13-\u00e0-21.40.09-386x300.jpg 386w\" sizes=\"auto, (max-width: 1514px) 100vw, 1514px\" \/><\/a><\/figure>\n<\/div>\n\n\n<p><\/p>\n\n\n\n<p>Si dans cette nouvelle s\u00e9rie Constanza reste fid\u00e8le au noir et blanc avec toutefois quelques traces d&rsquo;un galion rouge, t\u00e9moins d&rsquo;un repentir et de l&rsquo;histoire des afro-colombiens, son travail devient de plus en plus&nbsp;figuratif.&nbsp;Toutefois chacun est invit\u00e9 \u00e0 inventer sa propre histoire,&nbsp;Constanza nous rappelle, par le titre donn\u00e9 \u00e0 la s\u00e9rie, que les voix du fleuve sont multiples. D&rsquo;autres fleuves devraient d&rsquo;ailleurs rejoindre le&nbsp;<em>R\u00edo Atrat\u00f3. <\/em>Avec cette s\u00e9rie<em>,&nbsp;<\/em>Constanza&nbsp;entreprend un travail au long court men\u00e9 en solitaire&nbsp;et bient\u00f4t on l&rsquo;esp\u00e8re en \u00e9quipe. Un autre rendez-vous est&nbsp;pris !<\/p>\n\n\n<div class=\"wp-block-image\">\n<figure class=\"aligncenter\"><a href=\"https:\/\/lafilledecorinthe.com\/wordpress\/wp-content\/uploads\/2021\/03\/Capture-d\u2019\u00e9cran-2021-03-13-\u00e0-21.58.12.jpg\"><img loading=\"lazy\" decoding=\"async\" width=\"1600\" height=\"512\" src=\"https:\/\/lafilledecorinthe.com\/wordpress\/wp-content\/uploads\/2021\/03\/Capture-d\u2019\u00e9cran-2021-03-13-\u00e0-21.58.12.jpg\" alt=\"Capture d\u2019\u00e9cran 2021-03-13 \u00e0 21.58.12\" class=\"wp-image-11138\" srcset=\"https:\/\/lafilledecorinthe.com\/wordpress\/wp-content\/uploads\/2021\/03\/Capture-d\u2019\u00e9cran-2021-03-13-\u00e0-21.58.12.jpg 1600w, https:\/\/lafilledecorinthe.com\/wordpress\/wp-content\/uploads\/2021\/03\/Capture-d\u2019\u00e9cran-2021-03-13-\u00e0-21.58.12-680x218.jpg 680w, https:\/\/lafilledecorinthe.com\/wordpress\/wp-content\/uploads\/2021\/03\/Capture-d\u2019\u00e9cran-2021-03-13-\u00e0-21.58.12-1280x410.jpg 1280w, https:\/\/lafilledecorinthe.com\/wordpress\/wp-content\/uploads\/2021\/03\/Capture-d\u2019\u00e9cran-2021-03-13-\u00e0-21.58.12-500x160.jpg 500w\" sizes=\"auto, (max-width: 1600px) 100vw, 1600px\" \/><\/a><\/figure>\n<\/div>\n\n\n<p><\/p>\n","protected":false},"excerpt":{"rendered":"<p>En ces temps de disette culturelle, quel bonheur de recevoir dans sa bo\u00eete mail l&rsquo;invitation \u00e0 l&rsquo;exposition d&rsquo;une artiste dont&nbsp;vous aimez particuli\u00e8rement le travail. Je n&rsquo;avais pas vu Constanza depuis notre entretien en 2015, elle m&rsquo;avait alors re\u00e7ue dans son atelier de Saint Denis. Elle&nbsp;travaillait \u00e0&nbsp;sa nouvelle s\u00e9rie Les voix du Fleuve dont une s\u00e9lection&#8230;<\/p>\n","protected":false},"author":2,"featured_media":11128,"comment_status":"open","ping_status":"open","sticky":false,"template":"","format":"standard","meta":{"_kad_post_transparent":"","_kad_post_title":"","_kad_post_layout":"","_kad_post_sidebar_id":"","_kad_post_content_style":"","_kad_post_vertical_padding":"","_kad_post_feature":"","_kad_post_feature_position":"","_kad_post_header":false,"_kad_post_footer":false,"_kad_post_classname":"","footnotes":""},"categories":[6],"tags":[1195,2081,1197,1194,2079,2080,2082],"class_list":["post-11127","post","type-post","status-publish","format-standard","has-post-thumbnail","hentry","category-blog","tag-les-voix-du-fleuve","tag-collectif-ik-art","tag-colombie","tag-constanza-aguirre","tag-espace-icare","tag-issy-les-moulineaux","tag-rio-atrato"],"_links":{"self":[{"href":"https:\/\/lafilledecorinthe.com\/wordpress\/wp-json\/wp\/v2\/posts\/11127","targetHints":{"allow":["GET"]}}],"collection":[{"href":"https:\/\/lafilledecorinthe.com\/wordpress\/wp-json\/wp\/v2\/posts"}],"about":[{"href":"https:\/\/lafilledecorinthe.com\/wordpress\/wp-json\/wp\/v2\/types\/post"}],"author":[{"embeddable":true,"href":"https:\/\/lafilledecorinthe.com\/wordpress\/wp-json\/wp\/v2\/users\/2"}],"replies":[{"embeddable":true,"href":"https:\/\/lafilledecorinthe.com\/wordpress\/wp-json\/wp\/v2\/comments?post=11127"}],"version-history":[{"count":12,"href":"https:\/\/lafilledecorinthe.com\/wordpress\/wp-json\/wp\/v2\/posts\/11127\/revisions"}],"predecessor-version":[{"id":14294,"href":"https:\/\/lafilledecorinthe.com\/wordpress\/wp-json\/wp\/v2\/posts\/11127\/revisions\/14294"}],"wp:featuredmedia":[{"embeddable":true,"href":"https:\/\/lafilledecorinthe.com\/wordpress\/wp-json\/wp\/v2\/media\/11128"}],"wp:attachment":[{"href":"https:\/\/lafilledecorinthe.com\/wordpress\/wp-json\/wp\/v2\/media?parent=11127"}],"wp:term":[{"taxonomy":"category","embeddable":true,"href":"https:\/\/lafilledecorinthe.com\/wordpress\/wp-json\/wp\/v2\/categories?post=11127"},{"taxonomy":"post_tag","embeddable":true,"href":"https:\/\/lafilledecorinthe.com\/wordpress\/wp-json\/wp\/v2\/tags?post=11127"}],"curies":[{"name":"wp","href":"https:\/\/api.w.org\/{rel}","templated":true}]}}