{"id":11107,"date":"2021-04-21T08:49:13","date_gmt":"2021-04-21T07:49:13","guid":{"rendered":"http:\/\/lafilledecorinthe.com\/wordpress\/?p=11107"},"modified":"2025-12-09T13:01:32","modified_gmt":"2025-12-09T12:01:32","slug":"patricia-misiri-artiste-plasticienne","status":"publish","type":"post","link":"https:\/\/lafilledecorinthe.com\/wordpress\/2021\/04\/patricia-misiri-artiste-plasticienne\/","title":{"rendered":"Patricia Misiri, artiste plasticienne"},"content":{"rendered":"\n<p><em>Les buvettes des festivals bruissent de multiples conversations. C&rsquo;est \u00e0 celle du dernier <a href=\"https:\/\/www.ideklic.fr\/festival\/editions\/3\" target=\"_blank\" rel=\"noopener\">festival Id\u00e9klic<\/a>&nbsp;que j&rsquo;ai fait la connaissance de Patricia. Apr\u00e8s des journ\u00e9es de travail bien remplies nous prenions plaisir \u00e0 nous retrouver autour d&rsquo;une bi\u00e8re fraiche, instant magique de la rencontre, une parfaite inconnue devient une personne qui vous importe.<\/em><br><em>\u00c0 ma demande Patricia s&rsquo;est pr\u00eat\u00e9e ici au jeu de l&rsquo;interview. Passer d&rsquo;une conversation&nbsp;priv\u00e9e \u00e0 un entretien&nbsp;devant \u00eatre publi\u00e9 n&rsquo;est pas anodin. Je la remercie pour sa confiance.&nbsp;<\/em><\/p>\n\n\n\n<p><b>Peux-tu te pr\u00e9senter en quelques mots ?<\/b><\/p>\n\n\n\n<p class=\"p1\">C\u2019est un exercice extr\u00eamement difficile parce que, ce que j\u2019ai fait pendant plus de 20 ans n\u2019est pas r\u00e9pertori\u00e9. Mon m\u00e9tier est un patchwork de divers techniques auxquelles j\u2019ai \u00e9t\u00e9 form\u00e9 et que j\u2019ai d\u00e9velopp\u00e9es : coiffure, perruque, make up, sculpture et dessin. Je suis quelqu\u2019un de tr\u00e8s curieux. Travailler la mati\u00e8re est mon moyen d\u2019expression privil\u00e9gi\u00e9. Ce qui me caract\u00e9rise, c\u2019est que j\u2019ai toujours transform\u00e9 ce que j\u2019ai appris.&nbsp;A mes yeux avoir un cadre est essentiel voir rassurant mais j\u2019ai toujours ressenti le besoin de m\u2019en affranchir, d\u2019aller au del\u00e0\u2026C&rsquo;est plus fort que moi cette n\u00e9cessit\u00e9e d\u2019explorer. C\u2019est ma mani\u00e8re d\u2019appr\u00e9hender le travail cr\u00e9atif .<\/p>\n\n\n\n<p class=\"p1\"><b>Qu\u2019est-ce qui a \u00e9t\u00e9 le plus formateur dans ton enfance ?<\/b><\/p>\n\n\n\n<p class=\"p1\">Mon \u00e9chec scolaire ! C\u2019est une vraie blessure. J\u2019aurais voulu faire des \u00e9tudes. Lorsque j\u2019\u00e9tais en CM1\/CM2 je r\u00eavais d\u2019avoir 12 profs et de parler anglais. Mais je ne suis pas all\u00e9e en classe de 6 \u00e8me&nbsp;et je n\u2019ai pas suivi un cursus classique. Mes probl\u00e8mes d\u2019apprentissage li\u00e9s \u00e0 la dyslexie ont eu un impact sur mon orientation et je me suis retrouv\u00e9e en SES (Section d\u2019Education Sp\u00e9cialis\u00e9e). Tout d\u2019un coup, mon univers s\u2019est r\u00e9tr\u00e9ci, je le refusais, je ne voulais pas \u00eatre couturi\u00e8re en usine ou ouvri\u00e8re cartonni\u00e8re. Ce qui m\u2019a sauv\u00e9 c\u2019\u00e9taient les colos organis\u00e9es par l\u2019ORTF, ma m\u00e8re y travaillait. J\u2019en ai des souvenirs tr\u00e8s forts, c\u2019\u00e9tait de vrais temps de respiration. Les enfants de journaliste ou de r\u00e9alisateur c\u00f4toyaient les enfants de secr\u00e9taire, ces colos permettaient un vrai brassage social. \u00c0&nbsp;l\u2019inverse de l\u2019\u00e9cole, mes moments de vacances m\u2019offraient une ouverture sur le monde et notamment sur la culture. Les \u00e9changes avec les autres enfants et les activit\u00e9s propos\u00e9es ont cr\u00e9\u00e9 un envie d\u2019ailleurs qui m\u2019a nourri. Un autre avenir \u00e9tait possible.<\/p>\n\n\n\n<p class=\"p1\"><b>Une image qui t\u2019accompagne\u2026<\/b><\/p>\n\n\n\n<p class=\"p1\">Moi marchant les cheveux dans le vent sans but. Juste le plaisir de marcher.<\/p>\n\n\n\n<p class=\"p1\"><b><i>Quand as-tu d\u00e9cid\u00e9 que tu allais te consacrer \u00e0 une carri\u00e8re artistique ?<\/i><\/b><\/p>\n\n\n\n<p class=\"p1\">\u00c7a ne s\u2019est jamais pos\u00e9 en ces termes, \u00e7a toujours \u00e9t\u00e9 l\u00e0 ! Je suis mont\u00e9e \u00e0 Paris avec un CAP de coiffure en poche. Je voulais travailler dans le spectacle. \u00c0 18 ans, j\u2019ai pass\u00e9 le concours d\u2019entr\u00e9e aux Beaux Arts, je ne l\u2019ai pas eu, je m\u2019\u00e9tais mal pr\u00e9par\u00e9e. Mon d\u00e9sir \u00e9tait fragilis\u00e9 par la peur de ne pas pouvoir gagner ma vie en \u00e9tant artiste. J\u2019ai suivi des cours du soir dans une \u00e9cole priv\u00e9e, l\u2019\u00e9cole Chauveau, pour me former au \u00ab&nbsp;maquillage artistique&nbsp;\u00bb. Dans la journ\u00e9e, je travaillais comme monitrice, je faisais du baby-sitting, du t\u00e9l\u00e9-marketing\u2026<\/p>\n\n\n\n<p class=\"p1\"><b>Quels ont \u00e9t\u00e9 tes premiers pas dans la vie professionnelle ?<\/b><\/p>\n\n\n\n<p class=\"p1\">J\u2019ai commenc\u00e9 comme maquilleuse sur des tournages. En parall\u00e8le j\u2019ai eu tr\u00e8s vite envie de faire du th\u00e9\u00e2tre, de devenir com\u00e9dienne. Tout ce qui m\u2019avait manqu\u00e9 \u00e0 l\u2019\u00e9cole, j\u2019avais besoin de le chercher par moi-m\u00eame. J\u2019\u00e9tais t\u00e9tanis\u00e9e \u00e0 l\u2019id\u00e9e d\u2019apprendre et de dire un texte,&nbsp;\u00e0 cette \u00e9poque j\u2019\u00e9tais hant\u00e9e par mon \u00e9chec scolaire.<i>&nbsp;<\/i>J\u2019ai beaucoup travaill\u00e9 \u00e0 l\u2019instinct, j\u2019ai cherch\u00e9 des moyens de m\u2019exprimer en dehors des mots. De 22 \u00e0 27 ans j\u2019ai suivi des cours au <a href=\"https:\/\/www.studioalaindebock.com\/\" target=\"_blank\" rel=\"noopener\">studio Alain De Bock<\/a> et \u00e0 l\u2019\u00c9cole du Passage dirig\u00e9e par Niels Arestrup. J\u2019ai continu\u00e9 \u00e0 apprendre au travers de divers stages dont ceux propos\u00e9s par l\u2019\u00e9cole Jacques Lecoq.&nbsp;J\u2019ai int\u00e9gr\u00e9&nbsp;la Compagnie de la Baignoire fond\u00e9e par&nbsp;Neuza Thomasi qui \u00e9tait prof au&nbsp;Studio De Bock<i>.&nbsp;<\/i>J\u2019ai un souvenir tr\u00e8s fort de cette p\u00e9riode. Nous \u00e9tions six com\u00e9diens pour la cr\u00e9ation du spectacle \u00ab&nbsp;<em>\u00c7A !<\/em>\u00bb. Inspir\u00e9 de la mythologie grecque&nbsp;en lien avec la cr\u00e9ation de l\u2019univers,&nbsp;nous l&rsquo;avons travaill\u00e9 \u00e0 partir d\u2019un grand nombre d\u2019improvisations. Proche du th\u00e9\u00e2tre d\u2019objets, c&rsquo;\u00e9tait un spectacle tr\u00e8s visuel, les images se substituaient aux mots. Pour ma premi\u00e8re exp\u00e9rience sur sc\u00e8ne, cela me convenait parfaitement. Au del\u00e0 du travail de com\u00e9dien, les comp\u00e9tences de chacun \u00e9taient mises \u00e0 contribution pour la r\u00e9alisation d\u2019accessoires ou la transformation d\u2019objets r\u00e9cup\u00e9r\u00e9s. Apr\u00e8s plusieurs mois de r\u00e9p\u00e9tition, nous avons d\u00e9cid\u00e9 de rejoindre Avignon \u00e0 pied. Pr\u00e9c\u00e9d\u00e9s par une camionnette, nous sommes partis le jour du d\u00e9but du festival pour arriver \u00e0 sa cl\u00f4ture. C\u2019est ainsi que parall\u00e8lement au festival nous avons parcouru 800 kilom\u00e8tres pour jouer le soir sur les places des villages et des villes que nous traversions. Apr\u00e8s chaque repr\u00e9sentation nous passions le chapeau. C\u2019\u00e9tait un engagement tr\u00e8s physique, j\u2019aimais \u00e7\u00e0 !<\/p>\n\n\n<div class=\"wp-block-image\">\n<figure class=\"aligncenter\"><a href=\"https:\/\/lafilledecorinthe.com\/wordpress\/wp-content\/uploads\/2021\/03\/IMG_6267.jpeg\"><img loading=\"lazy\" decoding=\"async\" width=\"3867\" height=\"3017\" src=\"https:\/\/lafilledecorinthe.com\/wordpress\/wp-content\/uploads\/2021\/03\/IMG_6267.jpeg\" alt=\"IMG_6267\" class=\"wp-image-11109\" srcset=\"https:\/\/lafilledecorinthe.com\/wordpress\/wp-content\/uploads\/2021\/03\/IMG_6267.jpeg 3867w, https:\/\/lafilledecorinthe.com\/wordpress\/wp-content\/uploads\/2021\/03\/IMG_6267-680x531.jpeg 680w, https:\/\/lafilledecorinthe.com\/wordpress\/wp-content\/uploads\/2021\/03\/IMG_6267-1280x999.jpeg 1280w, https:\/\/lafilledecorinthe.com\/wordpress\/wp-content\/uploads\/2021\/03\/IMG_6267-385x300.jpeg 385w\" sizes=\"auto, (max-width: 3867px) 100vw, 3867px\" \/><\/a><figcaption class=\"wp-element-caption\">Journal \u00ab\u00a0La montagne\u00a0\u00bb, 10 juillet 1993<\/figcaption><\/figure>\n<\/div>\n\n\n<p class=\"p1\">J\u2019ai suivi aussi des stages de clown, j\u2019ai fait du chant\u2026Toutes ces disciplines, ces d\u00e9couvertes me permettaient de me sentir vivante, elles m\u2019emmenaient ailleurs.&nbsp;La n\u00e9cessit\u00e9 d&rsquo;exp\u00e9rimenter \u00e9tait un moyen d\u2019utiliser l\u2019\u00e9nergie d\u00e9bordante qui m\u2019habitait silencieusement depuis des ann\u00e9es. C\u2019est aux travers de toutes ces d\u00e9couvertes que j\u2019ai commenc\u00e9 \u00e0 consid\u00e9rer l\u2019importance de pouvoir cr\u00e9er du langage visuel sous toutes ses formes. J\u2019avais un manque de confiance en moi tout en \u00e9tant audacieuse. Ce qui m\u2019a manqu\u00e9 c\u2019est d\u2019\u00eatre accompagn\u00e9e, je faisais le premier pas mais j\u2019aurais eu besoin d\u2019\u00eatre soutenue pour prolonger. J\u2019avais aussi l\u2019impression d\u2019avoir une \u00ab&nbsp;double vie\u00a0\u00bb, officiellement j\u2019\u00e9tais maquilleuse avec le statut d\u2019intermittente du spectacle mais secr\u00e8tement je voulais devenir com\u00e9dienne et&nbsp;vivre plusieurs vies. Je me suis inscrite \u00e0 l\u2019agence Rebecca, par leur interm\u00e9diaire j\u2019ai pass\u00e9 divers castings qui m\u2019ont permis de tourner dans des pubs.<\/p>\n\n\n\n<p class=\"p1\">\u00c0 33 ans, c\u2019est tr\u00e8s pr\u00e9cis, j\u2019ai d\u00e9cid\u00e9 d\u2019arr\u00eater d\u2019\u00eatre com\u00e9dienne. J\u2019ai eu le sentiment qu\u2019il me serait tr\u00e8s difficile de gagner ainsi ma vie.<\/p>\n\n\n\n<p class=\"p1\"><b>Comment a d\u00e9but\u00e9 ton aventure avec <i>Les Guignols de l\u2019info<\/i> ?<\/b><\/p>\n\n\n\n<p class=\"p1\">J\u2019ai d\u2019abord commenc\u00e9 avec les<i> Minikeums, <\/i>l\u2019\u00e9mission de<i> France 3.&nbsp;<\/i>L\u2019une de mes amies&nbsp; faisait partie de l\u2019\u00e9quipe<b><i>&nbsp;<\/i><\/b>qui<i><\/i><b><i>&nbsp;<\/i><\/b>travaillait dans l\u2019atelier d\u2019&nbsp;<a href=\"http:\/\/parolesdactu.canalblog.com\/archives\/2013\/02\/25\/26491648.html\" target=\"_blank\" rel=\"noopener\">Alain Duverne<\/a>.&nbsp;C\u2019est par son interm\u00e9diaire que j&rsquo;ai pu collaborer avec Jean-Christophe Leblanc \u00e0 la cr\u00e9ation de personnages.J\u2019ai pu adapter et transformer mes techniques de maquillage et de coiffure sur les marionnettes en latex. En lien avec les sc\u00e9narios, nous devions fa\u00e7onner un personnage en trouvant des petits d\u00e9tails physiques qui le caract\u00e9risent\u2026<\/p>\n\n\n<div class=\"wp-block-image\">\n<figure class=\"aligncenter\"><a href=\"https:\/\/lafilledecorinthe.com\/wordpress\/wp-content\/uploads\/2021\/04\/IMG_4441.jpeg\"><img loading=\"lazy\" decoding=\"async\" width=\"2437\" height=\"3633\" src=\"https:\/\/lafilledecorinthe.com\/wordpress\/wp-content\/uploads\/2021\/04\/IMG_4441.jpeg\" alt=\"IMG_4441\" class=\"wp-image-11244\" srcset=\"https:\/\/lafilledecorinthe.com\/wordpress\/wp-content\/uploads\/2021\/04\/IMG_4441.jpeg 2437w, https:\/\/lafilledecorinthe.com\/wordpress\/wp-content\/uploads\/2021\/04\/IMG_4441-456x680.jpeg 456w, https:\/\/lafilledecorinthe.com\/wordpress\/wp-content\/uploads\/2021\/04\/IMG_4441-859x1280.jpeg 859w, https:\/\/lafilledecorinthe.com\/wordpress\/wp-content\/uploads\/2021\/04\/IMG_4441-201x300.jpeg 201w\" sizes=\"auto, (max-width: 2437px) 100vw, 2437px\" \/><\/a><\/figure>\n<\/div>\n\n\n<p class=\"p1\">J\u2019ai commenc\u00e9 ensuite \u00e0 travailler en renfort sur les plateaux des <a href=\"https:\/\/www.youtube.com\/channel\/UC1-myiFo9wGsPCcuEjNds_A\" target=\"_blank\" rel=\"noopener\">Guignols de l\u2019info<\/a>. Parall\u00e8lement j\u2019ai eu un contrat de&nbsp;quelques mois comme rempla\u00e7ante \u00e0 la Com\u00e9die Fran\u00e7aise, je devais remettre en forme les perruques et les postiches, je devais aussi \u00eatre pr\u00e9sente pendant les repr\u00e9sentations<i>&nbsp;<\/i>afin d\u2019intervenir lors des changements de sc\u00e8ne.&nbsp;J&rsquo;ai \u00e9t\u00e9 impressionn\u00e9e&nbsp;d\u2019\u00eatre dans ce lieu emprunt de toute une histoire. Les moyens&nbsp;humains et&nbsp;mat\u00e9riels dont il dispose sont incroyables, ils&nbsp;permettent la cr\u00e9ation de pi\u00e8ces d\u2019une grande qualit\u00e9. J&rsquo;ai pu aussi assister \u00e0 la pr\u00e9paration de spectacle, j\u2019ai pu observer les rouages de chaque corps de m\u00e9tier et ressentir l\u2019\u00e9nergie d\u00e9ploy\u00e9e par les com\u00e9diens,&nbsp;de m\u00eame que la ma\u00eetrise de leur jeu !<\/p>\n\n\n<div class=\"wp-block-image\">\n<figure class=\"aligncenter\"><a href=\"https:\/\/lafilledecorinthe.com\/wordpress\/wp-content\/uploads\/2021\/03\/Papa-doit-manger-Marie-Ndiaye-Andre\u0301-Engel.jpeg\"><img loading=\"lazy\" decoding=\"async\" width=\"500\" height=\"386\" src=\"https:\/\/lafilledecorinthe.com\/wordpress\/wp-content\/uploads\/2021\/03\/Papa-doit-manger-Marie-Ndiaye-Andre\u0301-Engel.jpeg\" alt=\"Papa doit manger Marie N'diaye, Andre\u0301 Engel\" class=\"wp-image-11112\" srcset=\"https:\/\/lafilledecorinthe.com\/wordpress\/wp-content\/uploads\/2021\/03\/Papa-doit-manger-Marie-Ndiaye-Andre\u0301-Engel.jpeg 500w, https:\/\/lafilledecorinthe.com\/wordpress\/wp-content\/uploads\/2021\/03\/Papa-doit-manger-Marie-Ndiaye-Andre\u0301-Engel-389x300.jpeg 389w\" sizes=\"auto, (max-width: 500px) 100vw, 500px\" \/><\/a><figcaption class=\"wp-element-caption\">\u00ab\u00a0Papa doit Manger\u00a0\u00bb de Marie NDiaye, mis en sc\u00e8ne par Andr\u00e9 Engel, Com\u00e9die-Fran\u00e7aise, 2003<\/figcaption><\/figure>\n<\/div>\n\n\n<p class=\"p1\">On m\u2019a ensuite propos\u00e9 un poste fixe \u00e0 l\u2019atelier des Guignols que j\u2019ai refus\u00e9, je n\u2019\u00e9tais pas pr\u00eate \u00e0 m\u2019enfermer dans une seule activit\u00e9.&nbsp;Pouvoir r\u00e9pondre \u00e0 divers projets me permettait d\u2019assouvir ma curiosit\u00e9 et d\u2019enrichir mes comp\u00e9tences,&nbsp;je tenais au statut d\u2019intermittent.&nbsp; &nbsp; &nbsp; On me l\u2019a propos\u00e9 \u00e0 nouveau et j\u2019ai dit oui cette fois-ci.&nbsp;J\u2019ai travaill\u00e9 pour <em>Les Guignols<\/em>&nbsp;jusqu\u2019\u00e0 l\u2019arr\u00eat de l\u2019\u00e9mission en 2018.<\/p>\n\n\n\n<p class=\"p1\"><b>Peux-tu nous dire comment s\u2019organisait ton travail ?<\/b><\/p>\n\n\n\n<p class=\"p1\">On pr\u00e9parait quatre sketches par semaine en plus du direct.&nbsp;La semaine de pr\u00e9paration d\u00e9butait pour moi le lundi.<i><\/i><b><i>&nbsp;<\/i><\/b>D\u00e8s le matin, apr\u00e8s avoir lu les textes je faisais une premi\u00e8re s\u00e9lection parmi les 700 marionnettes que nous avions. L\u2019apr\u00e8s-midi avec le r\u00e9alisateur et l\u2019\u00e9quipe nous validions les marionnettes qui incarneraient au mieux les personnages des sketches, nous r\u00e9alisions un casting en quelque sorte.<i><\/i> \u00c0 partir de ce moment l\u00e0 il fallait d\u00e9terminer les priorit\u00e9s, intervenir rapidement afin que les marionnettes soient pr\u00eates pour le tournage.<i> <\/i>Avant m\u00eame de travailler sur la cr\u00e9ation du personnage, il \u00e9tait n\u00e9cessaire de laver, restaurer, peindre, poudrer\u2026Puis juxtaposer une multitude de petits d\u00e9tails via les dents, les yeux, les sourcils, un nez tordu, de grandes oreilles que nous coupions si besoin. J\u2019intervenais sur le&nbsp;style des coiffures, sur l&rsquo;implantation d&rsquo;une barbe par exemple. De tout cela naissait le caract\u00e8re du personnage.<i><\/i><b><i>&nbsp;<\/i><\/b><\/p>\n\n\n<div class=\"wp-block-image\">\n<figure class=\"aligncenter\"><a href=\"https:\/\/lafilledecorinthe.com\/wordpress\/wp-content\/uploads\/2021\/04\/Capture-d\u2019\u00e9cran-2021-04-15-\u00e0-16.07.56-1.jpg\"><img loading=\"lazy\" decoding=\"async\" width=\"1672\" height=\"704\" src=\"https:\/\/lafilledecorinthe.com\/wordpress\/wp-content\/uploads\/2021\/04\/Capture-d\u2019\u00e9cran-2021-04-15-\u00e0-16.07.56-1.jpg\" alt=\"Capture d\u2019\u00e9cran 2021-04-15 \u00e0 16.07.56 (1)\" class=\"wp-image-11239\" srcset=\"https:\/\/lafilledecorinthe.com\/wordpress\/wp-content\/uploads\/2021\/04\/Capture-d\u2019\u00e9cran-2021-04-15-\u00e0-16.07.56-1.jpg 1672w, https:\/\/lafilledecorinthe.com\/wordpress\/wp-content\/uploads\/2021\/04\/Capture-d\u2019\u00e9cran-2021-04-15-\u00e0-16.07.56-1-680x286.jpg 680w, https:\/\/lafilledecorinthe.com\/wordpress\/wp-content\/uploads\/2021\/04\/Capture-d\u2019\u00e9cran-2021-04-15-\u00e0-16.07.56-1-1280x539.jpg 1280w, https:\/\/lafilledecorinthe.com\/wordpress\/wp-content\/uploads\/2021\/04\/Capture-d\u2019\u00e9cran-2021-04-15-\u00e0-16.07.56-1-500x211.jpg 500w\" sizes=\"auto, (max-width: 1672px) 100vw, 1672px\" \/><\/a><\/figure>\n<\/div>\n\n\n<p class=\"p1\">Je me souviens d\u2019un sketch qui m\u2019avait demand\u00e9 beaucoup de travail, il parlait d\u2019abus sexuels sur les enfants dans le cadre de communaut\u00e9s religieuses. Nous devions pr\u00e9parer une dizaine de pr\u00eatre. Chacun devait avoir quelque chose de malsain dans son apparence, des d\u00e9tails infimes qui g\u00eanent sans qu\u2019on r\u00e9alise vraiment pourquoi ; une implantation de sourcils particuli\u00e8re, un regard fuyant, une cicatrice\u2026<br>Le tournage d\u00e9butait le lundi suivant. Ma pr\u00e9paration \u00e9tait rarement termin\u00e9e\u2026car en g\u00e9n\u00e9ral une soixantaine de marionnettes \u00e9taient \u00e0 faire, voir plus !&nbsp;Je laissais ma pr\u00e9paration sur les sketches entre parenth\u00e8ses&nbsp;le temps de prendre en charge&nbsp;le&nbsp;JT&nbsp;en direct. \u00c0 14H00 nous avions le texte de l\u2019\u00e9mission, toutes les marionnettes devaient \u00eatre pr\u00eates pour 17H00.<\/p>\n\n\n<div class=\"wp-block-image\">\n<figure class=\"aligncenter\"><a href=\"https:\/\/lafilledecorinthe.com\/wordpress\/wp-content\/uploads\/2021\/03\/Capture-d\u2019\u00e9cran-2021-03-12-\u00e0-17.52.55.jpg\"><img loading=\"lazy\" decoding=\"async\" width=\"2054\" height=\"870\" src=\"https:\/\/lafilledecorinthe.com\/wordpress\/wp-content\/uploads\/2021\/03\/Capture-d\u2019\u00e9cran-2021-03-12-\u00e0-17.52.55.jpg\" alt=\"Capture d\u2019\u00e9cran 2021-03-12 \u00e0 17.52.55\" class=\"wp-image-11114\" srcset=\"https:\/\/lafilledecorinthe.com\/wordpress\/wp-content\/uploads\/2021\/03\/Capture-d\u2019\u00e9cran-2021-03-12-\u00e0-17.52.55.jpg 2054w, https:\/\/lafilledecorinthe.com\/wordpress\/wp-content\/uploads\/2021\/03\/Capture-d\u2019\u00e9cran-2021-03-12-\u00e0-17.52.55-680x288.jpg 680w, https:\/\/lafilledecorinthe.com\/wordpress\/wp-content\/uploads\/2021\/03\/Capture-d\u2019\u00e9cran-2021-03-12-\u00e0-17.52.55-1280x542.jpg 1280w, https:\/\/lafilledecorinthe.com\/wordpress\/wp-content\/uploads\/2021\/03\/Capture-d\u2019\u00e9cran-2021-03-12-\u00e0-17.52.55-500x212.jpg 500w\" sizes=\"auto, (max-width: 2054px) 100vw, 2054px\" \/><\/a><\/figure>\n<\/div>\n\n\n<p class=\"p1\"><b>Que gardes-tu comme image forte de tes 18 ans de Guignols ?<\/b><\/p>\n\n\n\n<p class=\"p1\">Sans h\u00e9siter l\u2019ambiance particuli\u00e8re de travail. Nous formions une \u00e9quipe soud\u00e9e malgr\u00e9 des temp\u00e9raments tr\u00e8s forts. Chacun \u00e9tait \u00e0 sa place et savait ce qu\u2019il avait \u00e0 faire, l\u2019\u00e9quipe fonctionnait comme une machine super rod\u00e9e ! Je craignais l\u2019enfermement, j\u2019ai eu au contraire beaucoup de libert\u00e9 pour pouvoir explorer des techniques. Grace \u00e0 ce travail et \u00e0 la confiance qu\u2019on m\u2019a donn\u00e9, j\u2019ai vraiment pris conscience de ma valeur, de ce que j\u2019ai entre mes mains. J\u2019ai d\u00e9velopp\u00e9 aussi mon regard.<\/p>\n\n\n<div class=\"wp-block-image\">\n<figure class=\"aligncenter\"><a href=\"https:\/\/lafilledecorinthe.com\/wordpress\/wp-content\/uploads\/2021\/03\/6.jpeg\"><img loading=\"lazy\" decoding=\"async\" width=\"2320\" height=\"1588\" src=\"https:\/\/lafilledecorinthe.com\/wordpress\/wp-content\/uploads\/2021\/03\/6.jpeg\" alt=\"6\" class=\"wp-image-11117\" srcset=\"https:\/\/lafilledecorinthe.com\/wordpress\/wp-content\/uploads\/2021\/03\/6.jpeg 2320w, https:\/\/lafilledecorinthe.com\/wordpress\/wp-content\/uploads\/2021\/03\/6-680x465.jpeg 680w, https:\/\/lafilledecorinthe.com\/wordpress\/wp-content\/uploads\/2021\/03\/6-1280x876.jpeg 1280w, https:\/\/lafilledecorinthe.com\/wordpress\/wp-content\/uploads\/2021\/03\/6-438x300.jpeg 438w\" sizes=\"auto, (max-width: 2320px) 100vw, 2320px\" \/><\/a><\/figure>\n<\/div>\n\n\n<p class=\"p1\">A tchao bonsoir !<\/p>\n\n\n\n<p><iframe loading=\"lazy\" src=\"https:\/\/www.youtube.com\/embed\/-h8xycgz21E\" width=\"560\" height=\"315\" frameborder=\"0\" allowfullscreen=\"allowfullscreen\"><\/iframe><\/p>\n\n\n\n<p class=\"p1\"><b>Quels sont tes projets actuels ?<\/b><\/p>\n\n\n\n<p class=\"p1\">Ils sont divers. Dans la continuit\u00e9 de mon exp\u00e9rience \u00e0 <em>Canal +<\/em> je souhaite poursuivre dans la cr\u00e9ation de personnages \u00e0 l\u2019identit\u00e9 forte en lien avec des projets artistiques, que ce soit dans le monde du cin\u00e9ma, du th\u00e9\u00e2tre ou de la danse contemporaine. Par exemple, actuellement je travaille avec la chor\u00e9graphe <a href=\"https:\/\/www.michaelameschke.com\/\" target=\"_blank\" rel=\"noopener\">Michaela Meschke<\/a>, je l\u2019aide \u00e0 d\u00e9finir visuellement les traits de caract\u00e8re d\u2019un personnage de son futur spectacle en collaboration<span class=\"Apple-converted-space\">&nbsp;<\/span>avec les cr\u00e9ateurs de costumes, Birger Lipinski et Laercio Redondo. J\u2019aime chercher \u00e0 travers des mat\u00e9riaux l\u2019identit\u00e9 physique d\u2019un personnage.<\/p>\n\n\n<div class=\"wp-block-image\">\n<figure class=\"aligncenter\"><a href=\"https:\/\/lafilledecorinthe.com\/wordpress\/wp-content\/uploads\/2021\/04\/DSC_6771.jpeg\"><img loading=\"lazy\" decoding=\"async\" width=\"320\" height=\"213\" src=\"https:\/\/lafilledecorinthe.com\/wordpress\/wp-content\/uploads\/2021\/04\/DSC_6771.jpeg\" alt=\"DSC_6771\" class=\"wp-image-11342\"\/><\/a><figcaption class=\"wp-element-caption\">Conception et r\u00e9alisation des lunettes dor\u00e9es, Patricia Misiri, mai 2021<\/figcaption><\/figure>\n<\/div>\n\n\n<p class=\"p1\">J&rsquo;esp\u00e8re d\u00e9buter tr\u00e8s prochainement une collaboration avec la chor\u00e9graphe <a href=\"https:\/\/www.compagniejehanehamm-leasallustro.com\/\" target=\"_blank\" rel=\"noopener\">Jehane Hamm<\/a>.<\/p>\n\n\n\n<p class=\"p1\">Un autre souhait remonte \u00e0 une exp\u00e9rience que j\u2019ai eu en 2005 au Sri Lanka, l\u2019\u00e9t\u00e9 qui a suivi le tsunami. Je suis all\u00e9e dans ce pays \u00e0 Pathwatha faire des ateliers marionnettes pendant mes vacances. C\u2019est Jean-Christophe Leblanc qui m\u2019a fait cette proposition dans le cadre d\u2019une action b\u00e9n\u00e9vole. Le contact avec des enfants d\u2019une autre culture m\u2019a \u00e9norm\u00e9ment touch\u00e9. Avec le peu de mots en anglais que je connaissais je me suis fait comprendre d\u2019eux. Nos \u00e9changes passaient essentiellement par le corps, les gestes, les expressions et le regard.&nbsp;Depuis, j\u2019ai&nbsp;eu l&rsquo;occasion d&rsquo;encadrer des ateliers d&rsquo;expression plastique autour de la cr\u00e9ation de personnages avec des enfants dans le cadre scolaire. Ponctuellement, je serais ravie de proposer des ateliers dans ce domaine dans diverses structures culturelles et \u00e9ducatives.<\/p>\n\n\n<div class=\"wp-block-image\">\n<figure class=\"aligncenter\"><a href=\"https:\/\/lafilledecorinthe.com\/wordpress\/wp-content\/uploads\/2021\/03\/20180629_161802.jpg\"><img loading=\"lazy\" decoding=\"async\" width=\"2560\" height=\"1536\" src=\"https:\/\/lafilledecorinthe.com\/wordpress\/wp-content\/uploads\/2021\/03\/20180629_161802.jpg\" alt=\"20180629_161802\" class=\"wp-image-11121\" srcset=\"https:\/\/lafilledecorinthe.com\/wordpress\/wp-content\/uploads\/2021\/03\/20180629_161802.jpg 2560w, https:\/\/lafilledecorinthe.com\/wordpress\/wp-content\/uploads\/2021\/03\/20180629_161802-680x408.jpg 680w, https:\/\/lafilledecorinthe.com\/wordpress\/wp-content\/uploads\/2021\/03\/20180629_161802-1280x768.jpg 1280w, https:\/\/lafilledecorinthe.com\/wordpress\/wp-content\/uploads\/2021\/03\/20180629_161802-500x300.jpg 500w\" sizes=\"auto, (max-width: 2560px) 100vw, 2560px\" \/><\/a><\/figure>\n<\/div>\n\n\n<p class=\"p2\">J&rsquo;ai aussi envie de partager mon travail personnel. Je dessine depuis toujours,&nbsp; essentiellement&nbsp;des personnages. Le premier jet me sert \u00e0 avoir de la mati\u00e8re que je&nbsp; d\u00e9coupe et&nbsp;colle&nbsp;pour r\u00e9aliser une nouvelle composition. Je suis en train de pr\u00e9parer une exposition de mon travail qui aura lieu cet \u00e9t\u00e9 \u00e0 Jonzac en Charente-Maritine. C&rsquo;est une grande premi\u00e8re ! Paradoxalement je suis \u00e0 la fois tr\u00e8s excit\u00e9e par ce projet et heureuse de partager mon travail tout en ayant peur de m&rsquo;exposer avec mes oeuvres et surtout de m&rsquo;en s\u00e9parer.<\/p>\n\n\n<div class=\"wp-block-image\">\n<figure class=\"aligncenter\"><a href=\"https:\/\/lafilledecorinthe.com\/wordpress\/wp-content\/uploads\/2021\/04\/Travaux-Pat.jpg\"><img loading=\"lazy\" decoding=\"async\" width=\"1084\" height=\"1128\" src=\"https:\/\/lafilledecorinthe.com\/wordpress\/wp-content\/uploads\/2021\/04\/Travaux-Pat.jpg\" alt=\"Travaux Pat\" class=\"wp-image-11263\" srcset=\"https:\/\/lafilledecorinthe.com\/wordpress\/wp-content\/uploads\/2021\/04\/Travaux-Pat.jpg 1084w, https:\/\/lafilledecorinthe.com\/wordpress\/wp-content\/uploads\/2021\/04\/Travaux-Pat-653x680.jpg 653w, https:\/\/lafilledecorinthe.com\/wordpress\/wp-content\/uploads\/2021\/04\/Travaux-Pat-288x300.jpg 288w\" sizes=\"auto, (max-width: 1084px) 100vw, 1084px\" \/><\/a><figcaption class=\"wp-element-caption\">Diff\u00e9rentes \u00e9tapes du processus de cr\u00e9ation des compositions, \u00a9 Patricia Misiri, 2021<\/figcaption><\/figure>\n<\/div>\n\n\n<p class=\"p2\">&nbsp;<\/p>\n","protected":false},"excerpt":{"rendered":"<p>Les buvettes des festivals bruissent de multiples conversations. C&rsquo;est \u00e0 celle du dernier festival Id\u00e9klic&nbsp;que j&rsquo;ai fait la connaissance de Patricia. Apr\u00e8s des journ\u00e9es de travail bien remplies nous prenions plaisir \u00e0 nous retrouver autour d&rsquo;une bi\u00e8re fraiche, instant magique de la rencontre, une parfaite inconnue devient une personne qui vous importe.\u00c0 ma demande Patricia&#8230;<\/p>\n","protected":false},"author":2,"featured_media":11108,"comment_status":"open","ping_status":"open","sticky":false,"template":"","format":"standard","meta":{"_kad_post_transparent":"","_kad_post_title":"","_kad_post_layout":"","_kad_post_sidebar_id":"","_kad_post_content_style":"","_kad_post_vertical_padding":"","_kad_post_feature":"","_kad_post_feature_position":"","_kad_post_header":false,"_kad_post_footer":false,"_kad_post_classname":"","footnotes":""},"categories":[259],"tags":[2096,2078,2098,2097,2100,2054,2099,2095,2077],"class_list":["post-11107","post","type-post","status-publish","format-standard","has-post-thumbnail","hentry","category-rencontres","tag-alain-duverne","tag-artiste-plasticienne","tag-guignols-de-linfo","tag-jean-christophe-leblanc","tag-jehane-hamm","tag-marionnette","tag-michaela-meschke","tag-minikeums","tag-patricia-misiri"],"_links":{"self":[{"href":"https:\/\/lafilledecorinthe.com\/wordpress\/wp-json\/wp\/v2\/posts\/11107","targetHints":{"allow":["GET"]}}],"collection":[{"href":"https:\/\/lafilledecorinthe.com\/wordpress\/wp-json\/wp\/v2\/posts"}],"about":[{"href":"https:\/\/lafilledecorinthe.com\/wordpress\/wp-json\/wp\/v2\/types\/post"}],"author":[{"embeddable":true,"href":"https:\/\/lafilledecorinthe.com\/wordpress\/wp-json\/wp\/v2\/users\/2"}],"replies":[{"embeddable":true,"href":"https:\/\/lafilledecorinthe.com\/wordpress\/wp-json\/wp\/v2\/comments?post=11107"}],"version-history":[{"count":28,"href":"https:\/\/lafilledecorinthe.com\/wordpress\/wp-json\/wp\/v2\/posts\/11107\/revisions"}],"predecessor-version":[{"id":15244,"href":"https:\/\/lafilledecorinthe.com\/wordpress\/wp-json\/wp\/v2\/posts\/11107\/revisions\/15244"}],"wp:featuredmedia":[{"embeddable":true,"href":"https:\/\/lafilledecorinthe.com\/wordpress\/wp-json\/wp\/v2\/media\/11108"}],"wp:attachment":[{"href":"https:\/\/lafilledecorinthe.com\/wordpress\/wp-json\/wp\/v2\/media?parent=11107"}],"wp:term":[{"taxonomy":"category","embeddable":true,"href":"https:\/\/lafilledecorinthe.com\/wordpress\/wp-json\/wp\/v2\/categories?post=11107"},{"taxonomy":"post_tag","embeddable":true,"href":"https:\/\/lafilledecorinthe.com\/wordpress\/wp-json\/wp\/v2\/tags?post=11107"}],"curies":[{"name":"wp","href":"https:\/\/api.w.org\/{rel}","templated":true}]}}