{"id":11081,"date":"2021-03-09T16:06:43","date_gmt":"2021-03-09T15:06:43","guid":{"rendered":"http:\/\/lafilledecorinthe.com\/wordpress\/?p=11081"},"modified":"2025-12-07T09:10:11","modified_gmt":"2025-12-07T08:10:11","slug":"une-histoire-du-cinema-deux-histoires-de-chien","status":"publish","type":"post","link":"https:\/\/lafilledecorinthe.com\/wordpress\/2021\/03\/une-histoire-du-cinema-deux-histoires-de-chien\/","title":{"rendered":"\u00ab\u00a0Une histoire du cin\u00e9ma&#8230; Deux histoires de chien&#8230;\u00a0\u00bb"},"content":{"rendered":"\n<p>Pour la deuxi\u00e8me ann\u00e9e cons\u00e9cutive, j&rsquo;ai eu le plaisir d&rsquo;\u00eatre associ\u00e9e au projet de deux classes de CE1 de l&rsquo;\u00e9cole Ferdinand Buisson d&rsquo;Antony. Guid\u00e9s par leur ma\u00eetresse, les enfants pr\u00e9parent un spectacle sur l&rsquo;histoire du cin\u00e9ma. L&rsquo;an dernier, la couleur \u00e9tait le fil rouge des diff\u00e9rents tableaux du spectacle, cette ann\u00e9e ce sont les \u00e9motions. En lien avec le programme <em>\u00ab\u00a0M\u00eame pas peur\u00a0\u00bb<\/em> que les enfants devraient d\u00e9couvrir au cin\u00e9ma le S\u00e9lect, nous avons lors d&rsquo;une premi\u00e8re s\u00e9quence travaill\u00e9 \u00e0 partir du premier court m\u00e9trage d&rsquo;Abbas Kiarostami, \u00ab\u00a0<em>Le pain et la rue<\/em>.\u00a0\u00bb<\/p>\n\n\n<div class=\"wp-block-image\">\n<figure class=\"aligncenter\"><a href=\"https:\/\/lafilledecorinthe.com\/wordpress\/wp-content\/uploads\/2021\/03\/Capture-d\u2019\u00e9cran-2021-03-09-\u00e0-15.22.17.jpg\"><img loading=\"lazy\" decoding=\"async\" width=\"1536\" height=\"1148\" src=\"https:\/\/lafilledecorinthe.com\/wordpress\/wp-content\/uploads\/2021\/03\/Capture-d\u2019\u00e9cran-2021-03-09-\u00e0-15.22.17.jpg\" alt=\"Capture d\u2019\u00e9cran 2021-03-09 \u00e0 15.22.17\" class=\"wp-image-11086\" srcset=\"https:\/\/lafilledecorinthe.com\/wordpress\/wp-content\/uploads\/2021\/03\/Capture-d\u2019\u00e9cran-2021-03-09-\u00e0-15.22.17.jpg 1536w, https:\/\/lafilledecorinthe.com\/wordpress\/wp-content\/uploads\/2021\/03\/Capture-d\u2019\u00e9cran-2021-03-09-\u00e0-15.22.17-680x508.jpg 680w, https:\/\/lafilledecorinthe.com\/wordpress\/wp-content\/uploads\/2021\/03\/Capture-d\u2019\u00e9cran-2021-03-09-\u00e0-15.22.17-1280x957.jpg 1280w, https:\/\/lafilledecorinthe.com\/wordpress\/wp-content\/uploads\/2021\/03\/Capture-d\u2019\u00e9cran-2021-03-09-\u00e0-15.22.17-401x300.jpg 401w\" sizes=\"auto, (max-width: 1536px) 100vw, 1536px\" \/><\/a><\/figure>\n<\/div>\n\n\n<p><\/p>\n\n\n<div class=\"wp-block-image\">\n<figure class=\"aligncenter\"><a href=\"https:\/\/lafilledecorinthe.com\/wordpress\/wp-content\/uploads\/2021\/03\/Capture-d\u2019\u00e9cran-2021-03-09-\u00e0-15.22.05.jpg\"><img loading=\"lazy\" decoding=\"async\" width=\"1536\" height=\"1148\" src=\"https:\/\/lafilledecorinthe.com\/wordpress\/wp-content\/uploads\/2021\/03\/Capture-d\u2019\u00e9cran-2021-03-09-\u00e0-15.22.05.jpg\" alt=\"Capture d\u2019\u00e9cran 2021-03-09 \u00e0 15.22.05\" class=\"wp-image-11085\" srcset=\"https:\/\/lafilledecorinthe.com\/wordpress\/wp-content\/uploads\/2021\/03\/Capture-d\u2019\u00e9cran-2021-03-09-\u00e0-15.22.05.jpg 1536w, https:\/\/lafilledecorinthe.com\/wordpress\/wp-content\/uploads\/2021\/03\/Capture-d\u2019\u00e9cran-2021-03-09-\u00e0-15.22.05-680x508.jpg 680w, https:\/\/lafilledecorinthe.com\/wordpress\/wp-content\/uploads\/2021\/03\/Capture-d\u2019\u00e9cran-2021-03-09-\u00e0-15.22.05-1280x957.jpg 1280w, https:\/\/lafilledecorinthe.com\/wordpress\/wp-content\/uploads\/2021\/03\/Capture-d\u2019\u00e9cran-2021-03-09-\u00e0-15.22.05-401x300.jpg 401w\" sizes=\"auto, (max-width: 1536px) 100vw, 1536px\" \/><\/a><figcaption class=\"wp-element-caption\">Synopsis : Un petit gar\u00e7on doit ramener le pain \u00e0 la maison. Mais comment faire pour \u00e9viter le gros chien qui lui barre la rue ?<\/figcaption><\/figure>\n<\/div>\n\n\n<p>En contrepoint de la peur suscit\u00e9e par un chien, nous avons ensuite regard\u00e9 un extrait du tr\u00e8s beau long m\u00e9trage de la r\u00e9alisatrice <a title=\"\u00ab&nbsp;Le voyage de Monsieur Crulic&nbsp;\u00bb de Anca Damian\" href=\"https:\/\/lafilledecorinthe.com\/wordpress\/2012\/12\/le-voyage-de-monsieur-crulic-de-anca-damian\/\">Anca Damian<\/a>,<a href=\"http:\/\/www.cinemapublicfilms.fr\/films\/l_extraordinaire_voyage_de_marona\/\" target=\"_blank\" rel=\"noopener\"><em> L&rsquo;extraordinaire voyage de Marona<\/em><\/a>, qui met en sc\u00e8ne, cette fois-ci, la peur ressentie par une petite chienne. Apr\u00e8s la lecture de l&rsquo;affiche et le visionnement de la bande annonce&#8230;<\/p>\n\n\n<div class=\"wp-block-image\">\n<figure class=\"aligncenter\"><a href=\"https:\/\/lafilledecorinthe.com\/wordpress\/wp-content\/uploads\/2021\/03\/Capture-d\u2019\u00e9cran-2021-03-09-\u00e0-15.50.09.jpg\"><img loading=\"lazy\" decoding=\"async\" width=\"1536\" height=\"1148\" src=\"https:\/\/lafilledecorinthe.com\/wordpress\/wp-content\/uploads\/2021\/03\/Capture-d\u2019\u00e9cran-2021-03-09-\u00e0-15.50.09.jpg\" alt=\"Capture d\u2019\u00e9cran 2021-03-09 \u00e0 15.50.09\" class=\"wp-image-11089\" srcset=\"https:\/\/lafilledecorinthe.com\/wordpress\/wp-content\/uploads\/2021\/03\/Capture-d\u2019\u00e9cran-2021-03-09-\u00e0-15.50.09.jpg 1536w, https:\/\/lafilledecorinthe.com\/wordpress\/wp-content\/uploads\/2021\/03\/Capture-d\u2019\u00e9cran-2021-03-09-\u00e0-15.50.09-680x508.jpg 680w, https:\/\/lafilledecorinthe.com\/wordpress\/wp-content\/uploads\/2021\/03\/Capture-d\u2019\u00e9cran-2021-03-09-\u00e0-15.50.09-1280x957.jpg 1280w, https:\/\/lafilledecorinthe.com\/wordpress\/wp-content\/uploads\/2021\/03\/Capture-d\u2019\u00e9cran-2021-03-09-\u00e0-15.50.09-401x300.jpg 401w\" sizes=\"auto, (max-width: 1536px) 100vw, 1536px\" \/><\/a><\/figure>\n<\/div>\n\n\n<p><iframe loading=\"lazy\" src=\"https:\/\/www.youtube.com\/embed\/PvjIFbauOeM\" width=\"560\" height=\"315\" frameborder=\"0\" allowfullscreen=\"allowfullscreen\"><\/iframe><\/p>\n\n\n\n<p>&#8230; les enfants ont explor\u00e9 57 secondes du film. Les voici &#8230;<\/p>\n\n\n\n<p><iframe loading=\"lazy\" src=\"https:\/\/www.youtube.com\/embed\/P0_rlV4OoqA\" width=\"560\" height=\"315\" frameborder=\"0\" allowfullscreen=\"allowfullscreen\"><\/iframe>\u00a0 \u00a0<\/p>\n\n\n\n<p>Les enfants, une fois de plus, ont d\u00e9pass\u00e9 nos attentes dans la pertinence de leurs remarques. La peur d&rsquo;\u00eatre \u00e0 nouveau abandonn\u00e9e par son ma\u00eetre\u00a0d\u00e9clenche chez Maronna des\u00a0hallucinations, elle imagine que les immeubles se mettent \u00e0 bouger pour l&rsquo;encercler et l&#8217;emprisonner. La r\u00e9alisatrice alterne des plans objectifs aux plans subjectifs pour que nous partagions les \u00e9motions de la petite chienne.<\/p>\n\n\n<div class=\"wp-block-image\">\n<figure class=\"aligncenter\"><a href=\"https:\/\/lafilledecorinthe.com\/wordpress\/wp-content\/uploads\/2021\/03\/20210309_112317.jpeg\"><img loading=\"lazy\" decoding=\"async\" width=\"3456\" height=\"2769\" src=\"https:\/\/lafilledecorinthe.com\/wordpress\/wp-content\/uploads\/2021\/03\/20210309_112317.jpeg\" alt=\"20210309_112317\" class=\"wp-image-11102\" srcset=\"https:\/\/lafilledecorinthe.com\/wordpress\/wp-content\/uploads\/2021\/03\/20210309_112317.jpeg 3456w, https:\/\/lafilledecorinthe.com\/wordpress\/wp-content\/uploads\/2021\/03\/20210309_112317-680x545.jpeg 680w, https:\/\/lafilledecorinthe.com\/wordpress\/wp-content\/uploads\/2021\/03\/20210309_112317-1280x1026.jpeg 1280w, https:\/\/lafilledecorinthe.com\/wordpress\/wp-content\/uploads\/2021\/03\/20210309_112317-374x300.jpeg 374w\" sizes=\"auto, (max-width: 3456px) 100vw, 3456px\" \/><\/a><figcaption class=\"wp-element-caption\">Trois plans subjectifs pr\u00e9sents dans l&rsquo;extrait. Un \u00ab plan subjectif \u00bb est un plan qui permet au spectateur d\u2019adopter le point de vue d\u2019un personnage, comme s\u2019il voyait \u00e0 travers ses yeux.<\/figcaption><\/figure>\n<\/div>\n\n\n<p>La voix off nous permet d&rsquo;avoir acc\u00e8s aux pens\u00e9es de Marona.&nbsp;Deux voix s&rsquo;affrontent \u00e0 l&rsquo;int\u00e9rieur de son corps, l&rsquo;une lui dit que son ma\u00eetre l&rsquo;a oubli\u00e9, qu&rsquo;il ne reviendra pas, tandis que l&rsquo;autre l&rsquo;enjoint&nbsp;\u00e0 se calmer, que l&rsquo;homme va revenir&#8230; Un enfant fait le lien avec&nbsp;un&nbsp;film de <em>Spiderman<\/em>,&nbsp;lui aussi est \u00e9cartel\u00e9 entre&nbsp;deux voix int\u00e9rieures repr\u00e9sent\u00e9es par un ange et un d\u00e9mon.<\/p>\n\n\n\n<p>Si <em>Le pain et la rue<\/em> est&nbsp;tourn\u00e9 en prise de vue continue, <em>L&rsquo;extraordinaire voyage de Marona <\/em>est quant \u00e0 lui un film d&rsquo;animation tourn\u00e9 \u00ab\u00a0image par image\u00a0\u00bb. Nous avons termin\u00e9 la s\u00e9ance en r\u00e9alisant une petite s\u00e9quence anim\u00e9e pour comprendre par l&rsquo;action la technique du papier d\u00e9coup\u00e9.<\/p>\n\n\n<div class=\"wp-block-image\">\n<figure class=\"aligncenter\"><a href=\"https:\/\/lafilledecorinthe.com\/wordpress\/wp-content\/uploads\/2021\/03\/Capture-d\u2019\u00e9cran-2021-03-09-\u00e0-17.40.21.jpg\"><img loading=\"lazy\" decoding=\"async\" width=\"1436\" height=\"538\" src=\"https:\/\/lafilledecorinthe.com\/wordpress\/wp-content\/uploads\/2021\/03\/Capture-d\u2019\u00e9cran-2021-03-09-\u00e0-17.40.21.jpg\" alt=\"Capture d\u2019\u00e9cran 2021-03-09 \u00e0 17.40.21\" class=\"wp-image-11099\" srcset=\"https:\/\/lafilledecorinthe.com\/wordpress\/wp-content\/uploads\/2021\/03\/Capture-d\u2019\u00e9cran-2021-03-09-\u00e0-17.40.21.jpg 1436w, https:\/\/lafilledecorinthe.com\/wordpress\/wp-content\/uploads\/2021\/03\/Capture-d\u2019\u00e9cran-2021-03-09-\u00e0-17.40.21-680x255.jpg 680w, https:\/\/lafilledecorinthe.com\/wordpress\/wp-content\/uploads\/2021\/03\/Capture-d\u2019\u00e9cran-2021-03-09-\u00e0-17.40.21-1280x480.jpg 1280w, https:\/\/lafilledecorinthe.com\/wordpress\/wp-content\/uploads\/2021\/03\/Capture-d\u2019\u00e9cran-2021-03-09-\u00e0-17.40.21-500x187.jpg 500w\" sizes=\"auto, (max-width: 1436px) 100vw, 1436px\" \/><\/a><\/figure>\n<\/div>\n\n\n<p>Voici la repr\u00e9sentation par le dessin de la technique \u00ab\u00a0image par image\u00a0\u00bb et les deux&nbsp;s\u00e9quences.<\/p>\n\n\n<div class=\"wp-block-image\">\n<figure class=\"aligncenter\"><a href=\"https:\/\/lafilledecorinthe.com\/wordpress\/wp-content\/uploads\/2021\/03\/IMG_6255.jpeg\"><img loading=\"lazy\" decoding=\"async\" width=\"2138\" height=\"1493\" src=\"https:\/\/lafilledecorinthe.com\/wordpress\/wp-content\/uploads\/2021\/03\/IMG_6255.jpeg\" alt=\"IMG_6255\" class=\"wp-image-11100\" srcset=\"https:\/\/lafilledecorinthe.com\/wordpress\/wp-content\/uploads\/2021\/03\/IMG_6255.jpeg 2138w, https:\/\/lafilledecorinthe.com\/wordpress\/wp-content\/uploads\/2021\/03\/IMG_6255-680x475.jpeg 680w, https:\/\/lafilledecorinthe.com\/wordpress\/wp-content\/uploads\/2021\/03\/IMG_6255-1280x894.jpeg 1280w, https:\/\/lafilledecorinthe.com\/wordpress\/wp-content\/uploads\/2021\/03\/IMG_6255-430x300.jpeg 430w\" sizes=\"auto, (max-width: 2138px) 100vw, 2138px\" \/><\/a><\/figure>\n<\/div>\n\n\n<p><\/p>\n\n\n\n<p><iframe loading=\"lazy\" src=\"https:\/\/www.youtube.com\/embed\/erhjOXxAWyI\" width=\"560\" height=\"315\" frameborder=\"0\" allowfullscreen=\"allowfullscreen\"><\/iframe>Les enfants racontent leur deuxi\u00e8me s\u00e9ance.<\/p>\n\n\n<div class=\"wp-block-image\">\n<figure class=\"aligncenter\"><a href=\"https:\/\/lafilledecorinthe.com\/wordpress\/wp-content\/uploads\/2021\/03\/Capture-d\u2019e\u0301cran-2021-03-14-a\u0300-20.37.24.png\"><img loading=\"lazy\" decoding=\"async\" width=\"1636\" height=\"914\" src=\"https:\/\/lafilledecorinthe.com\/wordpress\/wp-content\/uploads\/2021\/03\/Capture-d\u2019e\u0301cran-2021-03-14-a\u0300-20.37.24.png\" alt=\"Capture d\u2019e\u0301cran 2021-03-14 a\u0300 20.37.24\" class=\"wp-image-11148\" srcset=\"https:\/\/lafilledecorinthe.com\/wordpress\/wp-content\/uploads\/2021\/03\/Capture-d\u2019e\u0301cran-2021-03-14-a\u0300-20.37.24.png 1636w, https:\/\/lafilledecorinthe.com\/wordpress\/wp-content\/uploads\/2021\/03\/Capture-d\u2019e\u0301cran-2021-03-14-a\u0300-20.37.24-680x380.png 680w, https:\/\/lafilledecorinthe.com\/wordpress\/wp-content\/uploads\/2021\/03\/Capture-d\u2019e\u0301cran-2021-03-14-a\u0300-20.37.24-1280x715.png 1280w, https:\/\/lafilledecorinthe.com\/wordpress\/wp-content\/uploads\/2021\/03\/Capture-d\u2019e\u0301cran-2021-03-14-a\u0300-20.37.24-500x279.png 500w\" sizes=\"auto, (max-width: 1636px) 100vw, 1636px\" \/><\/a><\/figure>\n<\/div>\n\n<div class=\"wp-block-image\">\n<figure class=\"aligncenter\"><a href=\"https:\/\/lafilledecorinthe.com\/wordpress\/wp-content\/uploads\/2021\/03\/Capture-d\u2019e\u0301cran-2021-03-14-a\u0300-20.34.42.png\"><img loading=\"lazy\" decoding=\"async\" width=\"1840\" height=\"1132\" src=\"https:\/\/lafilledecorinthe.com\/wordpress\/wp-content\/uploads\/2021\/03\/Capture-d\u2019e\u0301cran-2021-03-14-a\u0300-20.34.42.png\" alt=\"Capture d\u2019e\u0301cran 2021-03-14 a\u0300 20.34.42\" class=\"wp-image-11147\" srcset=\"https:\/\/lafilledecorinthe.com\/wordpress\/wp-content\/uploads\/2021\/03\/Capture-d\u2019e\u0301cran-2021-03-14-a\u0300-20.34.42.png 1840w, https:\/\/lafilledecorinthe.com\/wordpress\/wp-content\/uploads\/2021\/03\/Capture-d\u2019e\u0301cran-2021-03-14-a\u0300-20.34.42-680x418.png 680w, https:\/\/lafilledecorinthe.com\/wordpress\/wp-content\/uploads\/2021\/03\/Capture-d\u2019e\u0301cran-2021-03-14-a\u0300-20.34.42-1280x787.png 1280w, https:\/\/lafilledecorinthe.com\/wordpress\/wp-content\/uploads\/2021\/03\/Capture-d\u2019e\u0301cran-2021-03-14-a\u0300-20.34.42-488x300.png 488w\" sizes=\"auto, (max-width: 1840px) 100vw, 1840px\" \/><\/a><\/figure>\n<\/div>\n\n\n<p><\/p>\n","protected":false},"excerpt":{"rendered":"<p>Pour la deuxi\u00e8me ann\u00e9e cons\u00e9cutive, j&rsquo;ai eu le plaisir d&rsquo;\u00eatre associ\u00e9e au projet de deux classes de CE1 de l&rsquo;\u00e9cole Ferdinand Buisson d&rsquo;Antony. Guid\u00e9s par leur ma\u00eetresse, les enfants pr\u00e9parent un spectacle sur l&rsquo;histoire du cin\u00e9ma. L&rsquo;an dernier, la couleur \u00e9tait le fil rouge des diff\u00e9rents tableaux du spectacle, cette ann\u00e9e ce sont les \u00e9motions&#8230;.<\/p>\n","protected":false},"author":2,"featured_media":11084,"comment_status":"open","ping_status":"open","sticky":false,"template":"","format":"standard","meta":{"_kad_post_transparent":"","_kad_post_title":"","_kad_post_layout":"","_kad_post_sidebar_id":"","_kad_post_content_style":"","_kad_post_vertical_padding":"","_kad_post_feature":"","_kad_post_feature_position":"","_kad_post_header":false,"_kad_post_footer":false,"_kad_post_classname":"","footnotes":""},"categories":[7],"tags":[1364,233,982,2070,2069,181,2073,2076,2071,2072,2075],"class_list":["post-11081","post","type-post","status-publish","format-standard","has-post-thumbnail","hentry","category-ateliers-enfants","tag-abbas-kiarostami","tag-anca-damian","tag-antony","tag-ecole-ferdinand-buisson","tag-histoire-du-cinema","tag-image-par-image","tag-lextraordinaire-voyage-de-marona","tag-la-technique-du-papier-decoupe","tag-le-cinema-le-select","tag-le-pain-et-la-rue","tag-les-emotions"],"_links":{"self":[{"href":"https:\/\/lafilledecorinthe.com\/wordpress\/wp-json\/wp\/v2\/posts\/11081","targetHints":{"allow":["GET"]}}],"collection":[{"href":"https:\/\/lafilledecorinthe.com\/wordpress\/wp-json\/wp\/v2\/posts"}],"about":[{"href":"https:\/\/lafilledecorinthe.com\/wordpress\/wp-json\/wp\/v2\/types\/post"}],"author":[{"embeddable":true,"href":"https:\/\/lafilledecorinthe.com\/wordpress\/wp-json\/wp\/v2\/users\/2"}],"replies":[{"embeddable":true,"href":"https:\/\/lafilledecorinthe.com\/wordpress\/wp-json\/wp\/v2\/comments?post=11081"}],"version-history":[{"count":18,"href":"https:\/\/lafilledecorinthe.com\/wordpress\/wp-json\/wp\/v2\/posts\/11081\/revisions"}],"predecessor-version":[{"id":11097,"href":"https:\/\/lafilledecorinthe.com\/wordpress\/wp-json\/wp\/v2\/posts\/11081\/revisions\/11097"}],"wp:featuredmedia":[{"embeddable":true,"href":"https:\/\/lafilledecorinthe.com\/wordpress\/wp-json\/wp\/v2\/media\/11084"}],"wp:attachment":[{"href":"https:\/\/lafilledecorinthe.com\/wordpress\/wp-json\/wp\/v2\/media?parent=11081"}],"wp:term":[{"taxonomy":"category","embeddable":true,"href":"https:\/\/lafilledecorinthe.com\/wordpress\/wp-json\/wp\/v2\/categories?post=11081"},{"taxonomy":"post_tag","embeddable":true,"href":"https:\/\/lafilledecorinthe.com\/wordpress\/wp-json\/wp\/v2\/tags?post=11081"}],"curies":[{"name":"wp","href":"https:\/\/api.w.org\/{rel}","templated":true}]}}