{"id":11062,"date":"2021-03-30T19:28:35","date_gmt":"2021-03-30T18:28:35","guid":{"rendered":"http:\/\/lafilledecorinthe.com\/wordpress\/?p=11062"},"modified":"2025-12-04T18:50:07","modified_gmt":"2025-12-04T17:50:07","slug":"ecole-et-cinema-92-meme-pas-peur","status":"publish","type":"post","link":"https:\/\/lafilledecorinthe.com\/wordpress\/2021\/03\/ecole-et-cinema-92-meme-pas-peur\/","title":{"rendered":"\u00ab\u00a0\u00c9cole et Cin\u00e9ma 92\u00a0\u00bb, M\u00eame pas peur !"},"content":{"rendered":"<div class=\"wp-block-image\">\n<figure class=\"aligncenter\"><a href=\"https:\/\/lafilledecorinthe.com\/wordpress\/wp-content\/uploads\/2021\/03\/couv.jpg\"><img loading=\"lazy\" decoding=\"async\" width=\"1546\" height=\"1172\" src=\"https:\/\/lafilledecorinthe.com\/wordpress\/wp-content\/uploads\/2021\/03\/couv.jpg\" alt=\"couv\" class=\"wp-image-11154\" srcset=\"https:\/\/lafilledecorinthe.com\/wordpress\/wp-content\/uploads\/2021\/03\/couv.jpg 1546w, https:\/\/lafilledecorinthe.com\/wordpress\/wp-content\/uploads\/2021\/03\/couv-680x515.jpg 680w, https:\/\/lafilledecorinthe.com\/wordpress\/wp-content\/uploads\/2021\/03\/couv-1280x970.jpg 1280w, https:\/\/lafilledecorinthe.com\/wordpress\/wp-content\/uploads\/2021\/03\/couv-396x300.jpg 396w\" sizes=\"auto, (max-width: 1546px) 100vw, 1546px\" \/><\/a><figcaption class=\"wp-element-caption\">Cinq photogrammes issus des courts m\u00e9trages du programme \u00ab\u00a0M\u00eame pas peur !\u00a0\u00bb li\u00e9 au dispositif \u00ab\u00a0\u00c9cole et Cin\u00e9ma\u00a0\u00bb<\/figcaption><\/figure>\n<\/div>\n\n\n<p><em>\u00ab\u00a0On les (ses peurs) approche, en revanche, avec infiniment plus de douceur, quand on peut les rencontrer dans un r\u00e9cit qui, tout en nous racontant des histoires lointaines, nous parle aussi de nous&#8230;\u00a0 &#8230;\/&#8230; Les r\u00e9cits sont de v\u00e9ritables cadeaux, les plus beaux cadeaux qu&rsquo;on puisse offrir aux enfants : ils leur parlent d&rsquo;eux sans les violer dans leur intimit\u00e9. Il les relient, \u00e0 travers les \u00e2ges et au-del\u00e0 des histoires singuli\u00e8res de chacune et de chacun, \u00e0 la communaut\u00e9 des humains dans ce qu&rsquo;elle a de plus universel.\u00a0\u00ab\u00a0<\/em><br><em>M\u00eame pas peur de la peur !,<\/em>\u00a0Philippe M\u00e9rieu dans <em>M\u00eame pas peur !<\/em>, ouvrage collectif, Gallimard Jeunesse, 2012<\/p>\n\n\n\n<p>Formation en distanciel le mercredi 31 mars 2021<\/p>\n\n\n\n<p>Document \u00e0 t\u00e9l\u00e9charger :\u00a0<a href=\"https:\/\/lafilledecorinthe.com\/wordpress\/wp-content\/uploads\/2021\/03\/Bibliographie-filmographie-sitographie-.pdf\">Bibliographie, filmographie, sitographie<\/a><br><em>Le Pain et la rue,\u00a0<\/em>Abbas Kiarostami, 1970<\/p>\n\n\n<div class=\"wp-block-image\">\n<figure class=\"aligncenter\"><a href=\"https:\/\/lafilledecorinthe.com\/wordpress\/wp-content\/uploads\/2021\/03\/pain-et-la-rue-le-01.jpg\"><img loading=\"lazy\" decoding=\"async\" width=\"1480\" height=\"1080\" src=\"https:\/\/lafilledecorinthe.com\/wordpress\/wp-content\/uploads\/2021\/03\/pain-et-la-rue-le-01.jpg\" alt=\"pain-et-la-rue-le-01\" class=\"wp-image-11159\" srcset=\"https:\/\/lafilledecorinthe.com\/wordpress\/wp-content\/uploads\/2021\/03\/pain-et-la-rue-le-01.jpg 1480w, https:\/\/lafilledecorinthe.com\/wordpress\/wp-content\/uploads\/2021\/03\/pain-et-la-rue-le-01-680x496.jpg 680w, https:\/\/lafilledecorinthe.com\/wordpress\/wp-content\/uploads\/2021\/03\/pain-et-la-rue-le-01-1280x934.jpg 1280w, https:\/\/lafilledecorinthe.com\/wordpress\/wp-content\/uploads\/2021\/03\/pain-et-la-rue-le-01-411x300.jpg 411w\" sizes=\"auto, (max-width: 1480px) 100vw, 1480px\" \/><\/a><\/figure>\n<\/div>\n\n\n<p><\/p>\n\n\n\n<p><em>\u00a0\u00bb &#8230;\/&#8230;&nbsp; J\u2019avais trente ans lorsque j\u2019ai re\u0301alise\u0301 Le pain et la rue, il y avait des enfants autour de moi qui m\u2019ont permis de replonger dans cet univers. Et ma propre enfance n\u2019e\u0301tant pas si e\u0301loigne\u0301e, j\u2019ai eu&nbsp;recours a\u0300 une e\u0301motion tre\u0300s forte issue de ma propre expe\u0301rience. Comme beaucoup d\u2019entre nous, j\u2019avais peur des chiens, et dans ma famille j\u2019avais la responsabilite\u0301 d\u2019aller chercher le pain. La distance e\u0301tait longue, c\u2019e\u0301tait l\u2019apre\u0300s-guerre et il fallait passer par ce de\u0301dale de ruelles, le pain a\u0300 la main. Je me suis rappele\u0301 mon propre de\u0301sarroi et il me semble qu\u2019encore aujourd\u2019hui je n\u2019ai gue\u0300re de mal a\u0300 me replonger dans les e\u0301motions positives ou ne\u0301gatives qui e\u0301taient les miennes a\u0300 cet a\u0302ge-la\u0300. L\u2019enfant qui est en nous n\u2019est jamais loin.\u00a0\u00bb&nbsp; &nbsp; &nbsp; &nbsp; &nbsp; &nbsp; &nbsp; &nbsp; &nbsp; &nbsp; &nbsp; &nbsp; &nbsp; &nbsp; &nbsp; &nbsp; &nbsp; &nbsp; &nbsp; &nbsp; &nbsp; &nbsp; &nbsp; &nbsp; &nbsp; &nbsp; &nbsp; &nbsp; &nbsp; &nbsp; &nbsp; &nbsp;<\/em>Cahier de l&rsquo;invit\u00e9, SAPHIRE, Abbas Kiarostami, 2013<\/p>\n\n\n\n<p>Documents \u00e0 t\u00e9l\u00e9charger :&nbsp;<a href=\"https:\/\/lafilledecorinthe.com\/wordpress\/wp-content\/uploads\/2021\/03\/Images-se\u0301quentielles-.pdf\">Images se\u0301quentielles<\/a>,&nbsp;<a href=\"https:\/\/lafilledecorinthe.com\/wordpress\/wp-content\/uploads\/2021\/03\/Ou\u0300-est-la-maison-de-mon-ami-la-sce\u0300ne-du-chien-.pdf\">Ou\u0300 est la maison de mon ami ? la sce\u0300ne du chien<\/a>,&nbsp;<a href=\"https:\/\/lafilledecorinthe.com\/wordpress\/wp-content\/uploads\/2021\/03\/plans-subjectifs-.pdf\">plans subjectifs<\/a><\/p>\n\n\n\n<p><em>Allez Hop !<\/em>, Juliette Baily, 2012&nbsp; &nbsp; &nbsp; &nbsp; &nbsp; &nbsp; &nbsp; &nbsp; &nbsp; &nbsp; &nbsp; &nbsp; &nbsp; &nbsp; &nbsp; &nbsp; &nbsp; &nbsp; &nbsp; &nbsp; &nbsp; &nbsp; &nbsp; &nbsp; &nbsp; &nbsp; &nbsp; &nbsp; &nbsp; &nbsp; &nbsp; &nbsp; &nbsp; &nbsp; &nbsp; &nbsp; &nbsp; &nbsp; &nbsp; Documents \u00e0 t\u00e9l\u00e9charger :&nbsp;<a href=\"https:\/\/lafilledecorinthe.com\/wordpress\/wp-content\/uploads\/2021\/03\/Imagine-et-dessine-l\u2019environnement-autour-du-plongeoir-et-de-la-nageuse.-.pdf\">Imagine et dessine l\u2019environnement autour du plongeoir et de la nageuse.<\/a>,&nbsp;<a href=\"https:\/\/lafilledecorinthe.com\/wordpress\/wp-content\/uploads\/2021\/03\/Recherches-graphiques.pdf\">Recherches graphiques<\/a><\/p>\n\n\n\n<p><iframe loading=\"lazy\" src=\"https:\/\/player.vimeo.com\/video\/98214316\" width=\"640\" height=\"360\" frameborder=\"0\" allowfullscreen=\"allowfullscreen\"><\/iframe><\/p>\n\n\n\n<p><a href=\"https:\/\/vimeo.com\/98214316\">la piscine<\/a> from <a href=\"https:\/\/vimeo.com\/user24797641\">GIF TEAM<\/a> on <a href=\"https:\/\/vimeo.com\">Vimeo<\/a>.<\/p>\n\n\n\n<p><em>Shopping<\/em>,&nbsp;Vladilen Vierny, 2013<\/p>\n\n\n<div class=\"wp-block-image\">\n<figure class=\"aligncenter\"><a href=\"https:\/\/lafilledecorinthe.com\/wordpress\/wp-content\/uploads\/2021\/03\/microgeste1.png\"><img loading=\"lazy\" decoding=\"async\" width=\"1454\" height=\"1078\" src=\"https:\/\/lafilledecorinthe.com\/wordpress\/wp-content\/uploads\/2021\/03\/microgeste1.png\" alt=\"microgeste1\" class=\"wp-image-11213\" srcset=\"https:\/\/lafilledecorinthe.com\/wordpress\/wp-content\/uploads\/2021\/03\/microgeste1.png 1454w, https:\/\/lafilledecorinthe.com\/wordpress\/wp-content\/uploads\/2021\/03\/microgeste1-680x504.png 680w, https:\/\/lafilledecorinthe.com\/wordpress\/wp-content\/uploads\/2021\/03\/microgeste1-1280x949.png 1280w, https:\/\/lafilledecorinthe.com\/wordpress\/wp-content\/uploads\/2021\/03\/microgeste1-405x300.png 405w\" sizes=\"auto, (max-width: 1454px) 100vw, 1454px\" \/><\/a><\/figure>\n<\/div>\n\n\n<p>Documents \u00e0 t\u00e9l\u00e9charger :&nbsp;<a href=\"https:\/\/lafilledecorinthe.com\/wordpress\/wp-content\/uploads\/2021\/03\/La-came\u0301ra-au-plus-pre\u0300s-du-personnage-.pdf\">La came\u0301ra au plus pre\u0300s du personnage<\/a>,&nbsp;<a href=\"https:\/\/lafilledecorinthe.com\/wordpress\/wp-content\/uploads\/2021\/03\/Juste-une-mise-au-point-.pdf\">Juste une mise au point !<\/a>,&nbsp;<a href=\"https:\/\/lafilledecorinthe.com\/wordpress\/wp-content\/uploads\/2021\/03\/Un-accessoire-cle\u0301-.pdf\">Un accessoire cle\u0301 !<\/a><\/p>\n\n\n\n<p><em>La Saint-Festin<\/em>, Anne-Laure Daffis et L\u00e9o Marchand, 2007&nbsp; &nbsp; &nbsp; &nbsp; &nbsp; &nbsp; &nbsp; &nbsp; &nbsp; &nbsp; &nbsp; &nbsp; &nbsp; &nbsp; &nbsp; &nbsp; &nbsp; &nbsp; &nbsp; &nbsp; &nbsp; &nbsp; &nbsp; &nbsp; &nbsp; &nbsp; &nbsp; Documents \u00e0 t\u00e9l\u00e9charger :&nbsp;<a href=\"https:\/\/lafilledecorinthe.com\/wordpress\/wp-content\/uploads\/2021\/03\/Le-montage-alterne\u0301-.pdf\">&#8211; Le montage alterne\u0301<\/a>,&nbsp;<a href=\"https:\/\/lafilledecorinthe.com\/wordpress\/wp-content\/uploads\/2021\/03\/Empathie-.pdf\">Empathie<\/a>,<a href=\"https:\/\/lafilledecorinthe.com\/wordpress\/wp-content\/uploads\/2021\/03\/L\u2019e\u0301chelle-des-plans-.pdf\">L\u2019e\u0301chelle des plans<\/a>,<a href=\"https:\/\/lafilledecorinthe.com\/wordpress\/wp-content\/uploads\/2021\/03\/Le-jeu-des-diffe\u0301rences-.pdf\">Le jeu des diffe\u0301rences<\/a>,&nbsp;<a href=\"https:\/\/lafilledecorinthe.com\/wordpress\/wp-content\/uploads\/2021\/03\/L\u2019art-des-me\u0301langes-.pdf\">L\u2019art des me\u0301langes<\/a>,<\/p>\n\n\n\n<p><em>&nbsp;La grosse b\u00eate<\/em>, Pierre-Luc Granjon, 2013<\/p>\n\n\n<div class=\"wp-block-image\">\n<figure class=\"aligncenter\"><a href=\"https:\/\/lafilledecorinthe.com\/wordpress\/wp-content\/uploads\/2021\/03\/changement-de-tableau.jpeg\"><img loading=\"lazy\" decoding=\"async\" width=\"715\" height=\"387\" src=\"https:\/\/lafilledecorinthe.com\/wordpress\/wp-content\/uploads\/2021\/03\/changement-de-tableau.jpeg\" alt=\"changement de tableau\" class=\"wp-image-11214\" srcset=\"https:\/\/lafilledecorinthe.com\/wordpress\/wp-content\/uploads\/2021\/03\/changement-de-tableau.jpeg 715w, https:\/\/lafilledecorinthe.com\/wordpress\/wp-content\/uploads\/2021\/03\/changement-de-tableau-680x368.jpeg 680w, https:\/\/lafilledecorinthe.com\/wordpress\/wp-content\/uploads\/2021\/03\/changement-de-tableau-500x271.jpeg 500w\" sizes=\"auto, (max-width: 715px) 100vw, 715px\" \/><\/a><\/figure>\n<\/div>\n\n\n<p>&nbsp; Documents \u00e0 t\u00e9l\u00e9charger :&nbsp;<a href=\"https:\/\/lafilledecorinthe.com\/wordpress\/wp-content\/uploads\/2021\/03\/Images-se\u0301quentielles-1.pdf\">Images se\u0301quentielles<\/a>,&nbsp;<a href=\"https:\/\/lafilledecorinthe.com\/wordpress\/wp-content\/uploads\/2021\/03\/Dossier-pre\u0301paratoire.pdf\">Dossier pre\u0301paratoire<\/a><\/p>\n","protected":false},"excerpt":{"rendered":"<p>\u00ab\u00a0On les (ses peurs) approche, en revanche, avec infiniment plus de douceur, quand on peut les rencontrer dans un r\u00e9cit qui, tout en nous racontant des histoires lointaines, nous parle aussi de nous&#8230;\u00a0 &#8230;\/&#8230; Les r\u00e9cits sont de v\u00e9ritables cadeaux, les plus beaux cadeaux qu&rsquo;on puisse offrir aux enfants : ils leur parlent d&rsquo;eux sans&#8230;<\/p>\n","protected":false},"author":2,"featured_media":11214,"comment_status":"open","ping_status":"open","sticky":false,"template":"","format":"standard","meta":{"_kad_post_transparent":"","_kad_post_title":"","_kad_post_layout":"","_kad_post_sidebar_id":"","_kad_post_content_style":"","_kad_post_vertical_padding":"","_kad_post_feature":"","_kad_post_feature_position":"","_kad_post_header":false,"_kad_post_footer":false,"_kad_post_classname":"","footnotes":""},"categories":[8],"tags":[1364,2089,310,373,2090,2094,2093,2072,311,2088,227,2091,2092],"class_list":["post-11062","post","type-post","status-publish","format-standard","has-post-thumbnail","hentry","category-formations-adultes","tag-abbas-kiarostami","tag-allez-hop","tag-anne-laure-daffis","tag-ecole-et-cinema-92","tag-juliette-baily","tag-la-grosse-bete","tag-la-saint-festin","tag-le-pain-et-la-rue","tag-leo-marchand","tag-meme-pas-peur","tag-pierre-luc-granjon","tag-shopping","tag-vladilen-vierny"],"_links":{"self":[{"href":"https:\/\/lafilledecorinthe.com\/wordpress\/wp-json\/wp\/v2\/posts\/11062","targetHints":{"allow":["GET"]}}],"collection":[{"href":"https:\/\/lafilledecorinthe.com\/wordpress\/wp-json\/wp\/v2\/posts"}],"about":[{"href":"https:\/\/lafilledecorinthe.com\/wordpress\/wp-json\/wp\/v2\/types\/post"}],"author":[{"embeddable":true,"href":"https:\/\/lafilledecorinthe.com\/wordpress\/wp-json\/wp\/v2\/users\/2"}],"replies":[{"embeddable":true,"href":"https:\/\/lafilledecorinthe.com\/wordpress\/wp-json\/wp\/v2\/comments?post=11062"}],"version-history":[{"count":21,"href":"https:\/\/lafilledecorinthe.com\/wordpress\/wp-json\/wp\/v2\/posts\/11062\/revisions"}],"predecessor-version":[{"id":14591,"href":"https:\/\/lafilledecorinthe.com\/wordpress\/wp-json\/wp\/v2\/posts\/11062\/revisions\/14591"}],"wp:featuredmedia":[{"embeddable":true,"href":"https:\/\/lafilledecorinthe.com\/wordpress\/wp-json\/wp\/v2\/media\/11214"}],"wp:attachment":[{"href":"https:\/\/lafilledecorinthe.com\/wordpress\/wp-json\/wp\/v2\/media?parent=11062"}],"wp:term":[{"taxonomy":"category","embeddable":true,"href":"https:\/\/lafilledecorinthe.com\/wordpress\/wp-json\/wp\/v2\/categories?post=11062"},{"taxonomy":"post_tag","embeddable":true,"href":"https:\/\/lafilledecorinthe.com\/wordpress\/wp-json\/wp\/v2\/tags?post=11062"}],"curies":[{"name":"wp","href":"https:\/\/api.w.org\/{rel}","templated":true}]}}