{"id":11059,"date":"2021-02-26T18:41:02","date_gmt":"2021-02-26T17:41:02","guid":{"rendered":"http:\/\/lafilledecorinthe.com\/wordpress\/?p=11059"},"modified":"2025-12-07T09:15:32","modified_gmt":"2025-12-07T08:15:32","slug":"2021-lannee-georges-melies","status":"publish","type":"post","link":"https:\/\/lafilledecorinthe.com\/wordpress\/2021\/02\/2021-lannee-georges-melies\/","title":{"rendered":"2021, l&rsquo;ann\u00e9e Georges M\u00e9li\u00e8s&#8230;"},"content":{"rendered":"\n<p>M\u00e9li\u00e8s est selon&nbsp;Edgar Morin <em>\u00ab\u00a0Le prestidigitateur qui mit le cin\u00e9matographe dans un chapeau pour en faire sortir le cin\u00e9ma.\u00a0\u00bb <\/em>Gageons que cette ann\u00e9e 2021&nbsp;soit son ann\u00e9e avec l&rsquo;ouverture tr\u00e8s attendue du nouvel espace d&rsquo;exposition permanente&nbsp;de la <a href=\"https:\/\/www.cinematheque.fr\/cycle\/melies-593.html\" target=\"_blank\" rel=\"noopener\">Cin\u00e9math\u00e8que&nbsp;<\/a>qui lui rend un hommage appuy\u00e9 ! Pour les impatients, plusieurs publications sont d&rsquo;ores et d\u00e9j\u00e0 disponibles.<\/p>\n\n\n<div class=\"wp-block-image\">\n<figure class=\"aligncenter\"><a href=\"https:\/\/lafilledecorinthe.com\/wordpress\/wp-content\/uploads\/2021\/02\/cine\u0301mathe\u0300que2.jpg\"><img loading=\"lazy\" decoding=\"async\" width=\"882\" height=\"1138\" src=\"https:\/\/lafilledecorinthe.com\/wordpress\/wp-content\/uploads\/2021\/02\/cine\u0301mathe\u0300que2.jpg\" alt=\"cine\u0301mathe\u0300que2\" class=\"wp-image-11069\" srcset=\"https:\/\/lafilledecorinthe.com\/wordpress\/wp-content\/uploads\/2021\/02\/cine\u0301mathe\u0300que2.jpg 882w, https:\/\/lafilledecorinthe.com\/wordpress\/wp-content\/uploads\/2021\/02\/cine\u0301mathe\u0300que2-527x680.jpg 527w, https:\/\/lafilledecorinthe.com\/wordpress\/wp-content\/uploads\/2021\/02\/cine\u0301mathe\u0300que2-233x300.jpg 233w\" sizes=\"auto, (max-width: 882px) 100vw, 882px\" \/><\/a><\/figure>\n<\/div>\n\n\n<p><\/p>\n\n\n\n<p>Il vous reste aussi quelques jours pour regarder sur <a href=\"https:\/\/www.arte.tv\/fr\/videos\/099870-000-A\/le-mystere-melies\/\" target=\"_blank\" rel=\"noopener\">Arte<\/a> le superbe documentaire d&rsquo;Eric Lange qui lui est consacr\u00e9.<\/p>\n\n\n<div class=\"wp-block-image\">\n<figure class=\"aligncenter\"><a href=\"https:\/\/lafilledecorinthe.com\/wordpress\/wp-content\/uploads\/2021\/02\/Capture-d\u2019e\u0301cran-2021-02-26-a\u0300-10.40.11.png\"><img loading=\"lazy\" decoding=\"async\" width=\"1532\" height=\"838\" src=\"https:\/\/lafilledecorinthe.com\/wordpress\/wp-content\/uploads\/2021\/02\/Capture-d\u2019e\u0301cran-2021-02-26-a\u0300-10.40.11.png\" alt=\"Capture d\u2019e\u0301cran 2021-02-26 a\u0300 10.40.11\" class=\"wp-image-11070\" srcset=\"https:\/\/lafilledecorinthe.com\/wordpress\/wp-content\/uploads\/2021\/02\/Capture-d\u2019e\u0301cran-2021-02-26-a\u0300-10.40.11.png 1532w, https:\/\/lafilledecorinthe.com\/wordpress\/wp-content\/uploads\/2021\/02\/Capture-d\u2019e\u0301cran-2021-02-26-a\u0300-10.40.11-680x372.png 680w, https:\/\/lafilledecorinthe.com\/wordpress\/wp-content\/uploads\/2021\/02\/Capture-d\u2019e\u0301cran-2021-02-26-a\u0300-10.40.11-1280x700.png 1280w, https:\/\/lafilledecorinthe.com\/wordpress\/wp-content\/uploads\/2021\/02\/Capture-d\u2019e\u0301cran-2021-02-26-a\u0300-10.40.11-500x273.png 500w\" sizes=\"auto, (max-width: 1532px) 100vw, 1532px\" \/><\/a><\/figure>\n<\/div>\n\n\n<p>Quant \u00e0 moi j&rsquo;ai eu&nbsp;le plaisir de proposer \u00e0 nouveau un atelier autour de ce grand monsieur et de son truc mythique, l&rsquo;arr\u00eat de la cam\u00e9ra.&nbsp;Que se soit dans le cadre scolaire avec deux classes de CE2 de Noisy-le-Sec ou dans le cadre des vacances avec des enfants d&rsquo;un centre de loisirs de Mitry-Mory,&nbsp;le m\u00eame enthousiasme s&rsquo;est manifest\u00e9 \u00e0 \u00eatre devant ou derri\u00e8re la cam\u00e9ra.<\/p>\n\n\n<div class=\"wp-block-image\">\n<figure class=\"aligncenter\"><a href=\"https:\/\/lafilledecorinthe.com\/wordpress\/wp-content\/uploads\/2021\/02\/Capture-d\u2019\u00e9cran-2021-02-26-\u00e0-18.00.30.jpg\"><img loading=\"lazy\" decoding=\"async\" width=\"1534\" height=\"1120\" src=\"https:\/\/lafilledecorinthe.com\/wordpress\/wp-content\/uploads\/2021\/02\/Capture-d\u2019\u00e9cran-2021-02-26-\u00e0-18.00.30.jpg\" alt=\"Capture d\u2019\u00e9cran 2021-02-26 \u00e0 18.00.30\" class=\"wp-image-11077\" srcset=\"https:\/\/lafilledecorinthe.com\/wordpress\/wp-content\/uploads\/2021\/02\/Capture-d\u2019\u00e9cran-2021-02-26-\u00e0-18.00.30.jpg 1534w, https:\/\/lafilledecorinthe.com\/wordpress\/wp-content\/uploads\/2021\/02\/Capture-d\u2019\u00e9cran-2021-02-26-\u00e0-18.00.30-680x496.jpg 680w, https:\/\/lafilledecorinthe.com\/wordpress\/wp-content\/uploads\/2021\/02\/Capture-d\u2019\u00e9cran-2021-02-26-\u00e0-18.00.30-1280x935.jpg 1280w, https:\/\/lafilledecorinthe.com\/wordpress\/wp-content\/uploads\/2021\/02\/Capture-d\u2019\u00e9cran-2021-02-26-\u00e0-18.00.30-411x300.jpg 411w\" sizes=\"auto, (max-width: 1534px) 100vw, 1534px\" \/><\/a><\/figure>\n<\/div>\n\n\n<p><\/p>\n\n\n\n<p>Un autre film \u00e0 voir sur la page Youtube du cin\u00e9ma Le Trianon<br><iframe loading=\"lazy\" src=\"https:\/\/www.youtube.com\/embed\/FTjm_zc__A8\" width=\"560\" height=\"315\" frameborder=\"0\" allowfullscreen=\"allowfullscreen\"><\/iframe><\/p>\n","protected":false},"excerpt":{"rendered":"<p>M\u00e9li\u00e8s est selon&nbsp;Edgar Morin \u00ab\u00a0Le prestidigitateur qui mit le cin\u00e9matographe dans un chapeau pour en faire sortir le cin\u00e9ma.\u00a0\u00bb Gageons que cette ann\u00e9e 2021&nbsp;soit son ann\u00e9e avec l&rsquo;ouverture tr\u00e8s attendue du nouvel espace d&rsquo;exposition permanente&nbsp;de la Cin\u00e9math\u00e8que&nbsp;qui lui rend un hommage appuy\u00e9 ! Pour les impatients, plusieurs publications sont d&rsquo;ores et d\u00e9j\u00e0 disponibles. Il vous&#8230;<\/p>\n","protected":false},"author":2,"featured_media":11073,"comment_status":"open","ping_status":"open","sticky":false,"template":"","format":"standard","meta":{"_kad_post_transparent":"","_kad_post_title":"","_kad_post_layout":"","_kad_post_sidebar_id":"","_kad_post_content_style":"","_kad_post_vertical_padding":"","_kad_post_feature":"","_kad_post_feature_position":"","_kad_post_header":false,"_kad_post_footer":false,"_kad_post_classname":"","footnotes":""},"categories":[7],"tags":[352,588,2067,2068,1190],"class_list":["post-11059","post","type-post","status-publish","format-standard","has-post-thumbnail","hentry","category-ateliers-enfants","tag-cinematheque","tag-georges-melies","tag-le-trianon","tag-mitry-mory","tag-noisy-le-sec"],"_links":{"self":[{"href":"https:\/\/lafilledecorinthe.com\/wordpress\/wp-json\/wp\/v2\/posts\/11059","targetHints":{"allow":["GET"]}}],"collection":[{"href":"https:\/\/lafilledecorinthe.com\/wordpress\/wp-json\/wp\/v2\/posts"}],"about":[{"href":"https:\/\/lafilledecorinthe.com\/wordpress\/wp-json\/wp\/v2\/types\/post"}],"author":[{"embeddable":true,"href":"https:\/\/lafilledecorinthe.com\/wordpress\/wp-json\/wp\/v2\/users\/2"}],"replies":[{"embeddable":true,"href":"https:\/\/lafilledecorinthe.com\/wordpress\/wp-json\/wp\/v2\/comments?post=11059"}],"version-history":[{"count":10,"href":"https:\/\/lafilledecorinthe.com\/wordpress\/wp-json\/wp\/v2\/posts\/11059\/revisions"}],"predecessor-version":[{"id":14903,"href":"https:\/\/lafilledecorinthe.com\/wordpress\/wp-json\/wp\/v2\/posts\/11059\/revisions\/14903"}],"wp:featuredmedia":[{"embeddable":true,"href":"https:\/\/lafilledecorinthe.com\/wordpress\/wp-json\/wp\/v2\/media\/11073"}],"wp:attachment":[{"href":"https:\/\/lafilledecorinthe.com\/wordpress\/wp-json\/wp\/v2\/media?parent=11059"}],"wp:term":[{"taxonomy":"category","embeddable":true,"href":"https:\/\/lafilledecorinthe.com\/wordpress\/wp-json\/wp\/v2\/categories?post=11059"},{"taxonomy":"post_tag","embeddable":true,"href":"https:\/\/lafilledecorinthe.com\/wordpress\/wp-json\/wp\/v2\/tags?post=11059"}],"curies":[{"name":"wp","href":"https:\/\/api.w.org\/{rel}","templated":true}]}}