{"id":10993,"date":"2020-12-14T16:06:42","date_gmt":"2020-12-14T15:06:42","guid":{"rendered":"http:\/\/lafilledecorinthe.com\/wordpress\/?p=10993"},"modified":"2025-12-07T09:16:42","modified_gmt":"2025-12-07T08:16:42","slug":"atelier-mon-premier-cinema-flocon-de-neige","status":"publish","type":"post","link":"https:\/\/lafilledecorinthe.com\/wordpress\/2020\/12\/atelier-mon-premier-cinema-flocon-de-neige\/","title":{"rendered":"Atelier \u00ab\u00a0Mon premier cin\u00e9ma\u00a0\u00bb : \u00ab\u00a0Flocon de neige\u00a0\u00bb"},"content":{"rendered":"\n<p>\u00a0En attendant la r\u00e9ouverture des salles de cin\u00e9ma partenaires du dispositif <em>Mon premier\u00a0 \u00a0cin\u00e9ma<\/em>, l&rsquo;association\u00a0<a href=\"https:\/\/www.enfancesaucinema.net\/\" target=\"_blank\" rel=\"noopener\">Enfance au cin\u00e9ma<\/a>\u00a0a organis\u00e9 dans les classes de maternelle<br>des ateliers autour de courts m\u00e9trages\u00a0disponibles sur\u00a0la plateforme p\u00e9dagogique de\u00a0 \u00a0l&rsquo;Agence du court m\u00e9trage, le\u00a0<a href=\"https:\/\/www.lekinetoscope.fr\/\" target=\"_blank\" rel=\"noopener\">Kin\u00e9toscope<\/a>.<\/p>\n\n\n\n<p>J&rsquo;ai eu le plaisir de pr\u00e9senter \u00e0 quatre classes le tr\u00e8s beau court m\u00e9trage de la r\u00e9alisatrice russe Natalia Chernysheva,<em> Flocon de neige<\/em>.<\/p>\n\n\n\n<figure class=\"wp-block-embed is-type-video is-provider-youtube wp-block-embed-youtube wp-embed-aspect-16-9 wp-has-aspect-ratio\"><div class=\"wp-block-embed__wrapper\">\n<iframe loading=\"lazy\" title=\"Flocon de neige (Snowflake) | Teaser\" width=\"720\" height=\"405\" src=\"https:\/\/www.youtube.com\/embed\/_ZozqQi9Rhg?feature=oembed\" frameborder=\"0\" allow=\"accelerometer; autoplay; clipboard-write; encrypted-media; gyroscope; picture-in-picture; web-share\" referrerpolicy=\"strict-origin-when-cross-origin\" allowfullscreen><\/iframe>\n<\/div><\/figure>\n\n\n\n<p>Aper\u00e7u en images de ces rencontres entre les enfants et les images anim\u00e9es.<\/p>\n\n\n<div class=\"wp-block-image\">\n<figure class=\"aligncenter\"><a href=\"https:\/\/lafilledecorinthe.com\/wordpress\/wp-content\/uploads\/2020\/12\/Pre\u0301paration-mate\u0301rielle.png\"><img loading=\"lazy\" decoding=\"async\" width=\"1398\" height=\"1048\" src=\"https:\/\/lafilledecorinthe.com\/wordpress\/wp-content\/uploads\/2020\/12\/Pre\u0301paration-mate\u0301rielle.png\" alt=\"Pre\u0301paration mate\u0301rielle\" class=\"wp-image-11019\" srcset=\"https:\/\/lafilledecorinthe.com\/wordpress\/wp-content\/uploads\/2020\/12\/Pre\u0301paration-mate\u0301rielle.png 1398w, https:\/\/lafilledecorinthe.com\/wordpress\/wp-content\/uploads\/2020\/12\/Pre\u0301paration-mate\u0301rielle-680x510.png 680w, https:\/\/lafilledecorinthe.com\/wordpress\/wp-content\/uploads\/2020\/12\/Pre\u0301paration-mate\u0301rielle-1280x960.png 1280w, https:\/\/lafilledecorinthe.com\/wordpress\/wp-content\/uploads\/2020\/12\/Pre\u0301paration-mate\u0301rielle-400x300.png 400w\" sizes=\"auto, (max-width: 1398px) 100vw, 1398px\" \/><\/a><figcaption class=\"wp-element-caption\">Pr\u00e9paration du mat\u00e9riel<\/figcaption><\/figure>\n<\/div>\n\n<div class=\"wp-block-image\">\n<figure class=\"aligncenter\"><a href=\"https:\/\/lafilledecorinthe.com\/wordpress\/wp-content\/uploads\/2020\/12\/Capture-d\u2019e\u0301cran-2020-12-14-a\u0300-15.09.29.png\"><img loading=\"lazy\" decoding=\"async\" width=\"1452\" height=\"1034\" src=\"https:\/\/lafilledecorinthe.com\/wordpress\/wp-content\/uploads\/2020\/12\/Capture-d\u2019e\u0301cran-2020-12-14-a\u0300-15.09.29.png\" alt=\"Capture d\u2019e\u0301cran 2020-12-14 a\u0300 15.09.29\" class=\"wp-image-11022\" srcset=\"https:\/\/lafilledecorinthe.com\/wordpress\/wp-content\/uploads\/2020\/12\/Capture-d\u2019e\u0301cran-2020-12-14-a\u0300-15.09.29.png 1452w, https:\/\/lafilledecorinthe.com\/wordpress\/wp-content\/uploads\/2020\/12\/Capture-d\u2019e\u0301cran-2020-12-14-a\u0300-15.09.29-680x484.png 680w, https:\/\/lafilledecorinthe.com\/wordpress\/wp-content\/uploads\/2020\/12\/Capture-d\u2019e\u0301cran-2020-12-14-a\u0300-15.09.29-1280x912.png 1280w, https:\/\/lafilledecorinthe.com\/wordpress\/wp-content\/uploads\/2020\/12\/Capture-d\u2019e\u0301cran-2020-12-14-a\u0300-15.09.29-421x300.png 421w\" sizes=\"auto, (max-width: 1452px) 100vw, 1452px\" \/><\/a><figcaption class=\"wp-element-caption\">Lecture de l&rsquo;affiche et projection du film<\/figcaption><\/figure>\n<\/div>\n\n<div class=\"wp-block-image\">\n<figure class=\"aligncenter\"><a href=\"https:\/\/lafilledecorinthe.com\/wordpress\/wp-content\/uploads\/2020\/12\/images-se\u0301quentielles.png\"><img loading=\"lazy\" decoding=\"async\" width=\"1330\" height=\"1046\" src=\"https:\/\/lafilledecorinthe.com\/wordpress\/wp-content\/uploads\/2020\/12\/images-se\u0301quentielles.png\" alt=\"images se\u0301quentielles\" class=\"wp-image-11023\" srcset=\"https:\/\/lafilledecorinthe.com\/wordpress\/wp-content\/uploads\/2020\/12\/images-se\u0301quentielles.png 1330w, https:\/\/lafilledecorinthe.com\/wordpress\/wp-content\/uploads\/2020\/12\/images-se\u0301quentielles-680x535.png 680w, https:\/\/lafilledecorinthe.com\/wordpress\/wp-content\/uploads\/2020\/12\/images-se\u0301quentielles-1280x1007.png 1280w, https:\/\/lafilledecorinthe.com\/wordpress\/wp-content\/uploads\/2020\/12\/images-se\u0301quentielles-381x300.png 381w\" sizes=\"auto, (max-width: 1330px) 100vw, 1330px\" \/><\/a><figcaption class=\"wp-element-caption\">Raconter l&rsquo;histoire \u00e0 l&rsquo;aide d&rsquo;images s\u00e9quentielles<\/figcaption><\/figure>\n<\/div>\n\n<div class=\"wp-block-image\">\n<figure class=\"aligncenter\"><a href=\"https:\/\/lafilledecorinthe.com\/wordpress\/wp-content\/uploads\/2020\/12\/Sons.png\"><img loading=\"lazy\" decoding=\"async\" width=\"1356\" height=\"1004\" src=\"https:\/\/lafilledecorinthe.com\/wordpress\/wp-content\/uploads\/2020\/12\/Sons.png\" alt=\"Sons\" class=\"wp-image-11025\" srcset=\"https:\/\/lafilledecorinthe.com\/wordpress\/wp-content\/uploads\/2020\/12\/Sons.png 1356w, https:\/\/lafilledecorinthe.com\/wordpress\/wp-content\/uploads\/2020\/12\/Sons-680x503.png 680w, https:\/\/lafilledecorinthe.com\/wordpress\/wp-content\/uploads\/2020\/12\/Sons-1280x948.png 1280w, https:\/\/lafilledecorinthe.com\/wordpress\/wp-content\/uploads\/2020\/12\/Sons-405x300.png 405w\" sizes=\"auto, (max-width: 1356px) 100vw, 1356px\" \/><\/a><figcaption class=\"wp-element-caption\">R\u00e9veiller son corps pour jouer avec les sons<\/figcaption><\/figure>\n<\/div>\n\n<div class=\"wp-block-image\">\n<figure class=\"aligncenter\"><a href=\"https:\/\/lafilledecorinthe.com\/wordpress\/wp-content\/uploads\/2020\/12\/Capture-d\u2019e\u0301cran-2020-12-14-a\u0300-15.43.30.png\"><img loading=\"lazy\" decoding=\"async\" width=\"1194\" height=\"970\" src=\"https:\/\/lafilledecorinthe.com\/wordpress\/wp-content\/uploads\/2020\/12\/Capture-d\u2019e\u0301cran-2020-12-14-a\u0300-15.43.30.png\" alt=\"Capture d\u2019e\u0301cran 2020-12-14 a\u0300 15.43.30\" class=\"wp-image-11027\" srcset=\"https:\/\/lafilledecorinthe.com\/wordpress\/wp-content\/uploads\/2020\/12\/Capture-d\u2019e\u0301cran-2020-12-14-a\u0300-15.43.30.png 1194w, https:\/\/lafilledecorinthe.com\/wordpress\/wp-content\/uploads\/2020\/12\/Capture-d\u2019e\u0301cran-2020-12-14-a\u0300-15.43.30-680x552.png 680w, https:\/\/lafilledecorinthe.com\/wordpress\/wp-content\/uploads\/2020\/12\/Capture-d\u2019e\u0301cran-2020-12-14-a\u0300-15.43.30-369x300.png 369w\" sizes=\"auto, (max-width: 1194px) 100vw, 1194px\" \/><\/a><figcaption class=\"wp-element-caption\">Atelier bruitage ; les pas dans la neige<\/figcaption><\/figure>\n<\/div>\n\n<div class=\"wp-block-image\">\n<figure class=\"aligncenter\"><a href=\"https:\/\/lafilledecorinthe.com\/wordpress\/wp-content\/uploads\/2020\/12\/bande-son.png\"><img loading=\"lazy\" decoding=\"async\" width=\"1356\" height=\"996\" src=\"https:\/\/lafilledecorinthe.com\/wordpress\/wp-content\/uploads\/2020\/12\/bande-son.png\" alt=\"bande son\" class=\"wp-image-11028\" srcset=\"https:\/\/lafilledecorinthe.com\/wordpress\/wp-content\/uploads\/2020\/12\/bande-son.png 1356w, https:\/\/lafilledecorinthe.com\/wordpress\/wp-content\/uploads\/2020\/12\/bande-son-680x499.png 680w, https:\/\/lafilledecorinthe.com\/wordpress\/wp-content\/uploads\/2020\/12\/bande-son-1280x940.png 1280w, https:\/\/lafilledecorinthe.com\/wordpress\/wp-content\/uploads\/2020\/12\/bande-son-408x300.png 408w\" sizes=\"auto, (max-width: 1356px) 100vw, 1356px\" \/><\/a><figcaption class=\"wp-element-caption\">Bruiter la bande son qui a disparu<\/figcaption><\/figure>\n<\/div>\n\n\n<p>Un grand merci aux classes de Sybille, C\u00e9line, Sophie et Anne et une grosse pens\u00e9e pour leur cin\u00e9ma de quartier, <a href=\"http:\/\/www.lentrepot.fr\/\" target=\"_blank\" rel=\"noopener\">l&rsquo;Entrep\u00f4t<\/a>, le <a href=\"https:\/\/www.lescinemaschaplin.fr\/denfert\/\" target=\"_blank\" rel=\"noopener\">Chaplin Denfert<\/a> et le <a href=\"https:\/\/www.luminor-hoteldeville.com\/\" target=\"_blank\" rel=\"noopener\">Luminor<\/a>.<\/p>\n","protected":false},"excerpt":{"rendered":"<p>\u00a0En attendant la r\u00e9ouverture des salles de cin\u00e9ma partenaires du dispositif Mon premier\u00a0 \u00a0cin\u00e9ma, l&rsquo;association\u00a0Enfance au cin\u00e9ma\u00a0a organis\u00e9 dans les classes de maternelledes ateliers autour de courts m\u00e9trages\u00a0disponibles sur\u00a0la plateforme p\u00e9dagogique de\u00a0 \u00a0l&rsquo;Agence du court m\u00e9trage, le\u00a0Kin\u00e9toscope. J&rsquo;ai eu le plaisir de pr\u00e9senter \u00e0 quatre classes le tr\u00e8s beau court m\u00e9trage de la r\u00e9alisatrice russe&#8230;<\/p>\n","protected":false},"author":2,"featured_media":10994,"comment_status":"open","ping_status":"open","sticky":false,"template":"","format":"standard","meta":{"_kad_post_transparent":"","_kad_post_title":"","_kad_post_layout":"","_kad_post_sidebar_id":"","_kad_post_content_style":"","_kad_post_vertical_padding":"","_kad_post_feature":"","_kad_post_feature_position":"","_kad_post_header":false,"_kad_post_footer":false,"_kad_post_classname":"","footnotes":""},"categories":[7],"tags":[9,1541,2041,2058,354,1506],"class_list":["post-10993","post","type-post","status-publish","format-standard","has-post-thumbnail","hentry","category-ateliers-enfants","tag-atelier","tag-enfance-au-cinema","tag-flocon-de-neige","tag-le-kinetoscope","tag-mon-premier-cinema","tag-natalia-chernysheva"],"_links":{"self":[{"href":"https:\/\/lafilledecorinthe.com\/wordpress\/wp-json\/wp\/v2\/posts\/10993","targetHints":{"allow":["GET"]}}],"collection":[{"href":"https:\/\/lafilledecorinthe.com\/wordpress\/wp-json\/wp\/v2\/posts"}],"about":[{"href":"https:\/\/lafilledecorinthe.com\/wordpress\/wp-json\/wp\/v2\/types\/post"}],"author":[{"embeddable":true,"href":"https:\/\/lafilledecorinthe.com\/wordpress\/wp-json\/wp\/v2\/users\/2"}],"replies":[{"embeddable":true,"href":"https:\/\/lafilledecorinthe.com\/wordpress\/wp-json\/wp\/v2\/comments?post=10993"}],"version-history":[{"count":9,"href":"https:\/\/lafilledecorinthe.com\/wordpress\/wp-json\/wp\/v2\/posts\/10993\/revisions"}],"predecessor-version":[{"id":14904,"href":"https:\/\/lafilledecorinthe.com\/wordpress\/wp-json\/wp\/v2\/posts\/10993\/revisions\/14904"}],"wp:featuredmedia":[{"embeddable":true,"href":"https:\/\/lafilledecorinthe.com\/wordpress\/wp-json\/wp\/v2\/media\/10994"}],"wp:attachment":[{"href":"https:\/\/lafilledecorinthe.com\/wordpress\/wp-json\/wp\/v2\/media?parent=10993"}],"wp:term":[{"taxonomy":"category","embeddable":true,"href":"https:\/\/lafilledecorinthe.com\/wordpress\/wp-json\/wp\/v2\/categories?post=10993"},{"taxonomy":"post_tag","embeddable":true,"href":"https:\/\/lafilledecorinthe.com\/wordpress\/wp-json\/wp\/v2\/tags?post=10993"}],"curies":[{"name":"wp","href":"https:\/\/api.w.org\/{rel}","templated":true}]}}