{"id":10915,"date":"2020-11-28T13:19:18","date_gmt":"2020-11-28T12:19:18","guid":{"rendered":"http:\/\/lafilledecorinthe.com\/wordpress\/?p=10915"},"modified":"2025-12-07T09:21:51","modified_gmt":"2025-12-07T08:21:51","slug":"atelier-cinemix-a-rosny-sous-bois","status":"publish","type":"post","link":"https:\/\/lafilledecorinthe.com\/wordpress\/2020\/11\/atelier-cinemix-a-rosny-sous-bois\/","title":{"rendered":"Atelier Cin\u00e9mix \u00e0 Rosny sous Bois"},"content":{"rendered":"\n<p>Fin septembre, je recevais une proposition insolite du <a href=\"https:\/\/www.rosnysousbois.fr\/structures-culturelles\/presentation-theatre-cinema-simenon\/\" target=\"_blank\" rel=\"noopener\">Th\u00e9\u00e2tre-Cin\u00e9ma Georges Simenon<\/a> de Rosny-sous-bois, imaginer un atelier en lien avec le spectacle <em>Jours d&rsquo;\u00e9cole <\/em>de<em>&nbsp;<\/em>l&rsquo;artiste Prieur de la Marne. Je ne connaissais pas l&rsquo;univers de l&rsquo;artiste mais un petit tour sur internet&nbsp;avec le visionnement de quelques extraits de ses pr\u00e9c\u00e9dents spectacles et l&rsquo;interview ci-dessous m&rsquo;a donn\u00e9 envie de dire \u00ab\u00a0oui\u00a0\u00bb.<\/p>\n\n\n\n<figure class=\"wp-block-embed is-type-video is-provider-vimeo wp-block-embed-vimeo wp-embed-aspect-16-9 wp-has-aspect-ratio\"><div class=\"wp-block-embed__wrapper\">\n<iframe loading=\"lazy\" title=\"What&#039;s up... Prieur de la Marne ?!\" src=\"https:\/\/player.vimeo.com\/video\/287265410?dnt=1&amp;app_id=122963\" width=\"720\" height=\"405\" frameborder=\"0\" allow=\"autoplay; fullscreen; picture-in-picture; clipboard-write; encrypted-media; web-share\" referrerpolicy=\"strict-origin-when-cross-origin\"><\/iframe>\n<\/div><\/figure>\n\n\n\n<p><br><\/p>\n\n\n<div class=\"wp-block-image\">\n<figure class=\"aligncenter\"><a href=\"https:\/\/lafilledecorinthe.com\/wordpress\/wp-content\/uploads\/2020\/11\/Capture-d\u2019\u00e9cran-2020-11-28-\u00e0-10.33.26.jpg\"><img loading=\"lazy\" decoding=\"async\" width=\"1536\" height=\"1150\" src=\"https:\/\/lafilledecorinthe.com\/wordpress\/wp-content\/uploads\/2020\/11\/Capture-d\u2019\u00e9cran-2020-11-28-\u00e0-10.33.26.jpg\" alt=\"Capture d\u2019\u00e9cran 2020-11-28 \u00e0 10.33.26\" class=\"wp-image-10920\" srcset=\"https:\/\/lafilledecorinthe.com\/wordpress\/wp-content\/uploads\/2020\/11\/Capture-d\u2019\u00e9cran-2020-11-28-\u00e0-10.33.26.jpg 1536w, https:\/\/lafilledecorinthe.com\/wordpress\/wp-content\/uploads\/2020\/11\/Capture-d\u2019\u00e9cran-2020-11-28-\u00e0-10.33.26-680x509.jpg 680w, https:\/\/lafilledecorinthe.com\/wordpress\/wp-content\/uploads\/2020\/11\/Capture-d\u2019\u00e9cran-2020-11-28-\u00e0-10.33.26-1280x958.jpg 1280w, https:\/\/lafilledecorinthe.com\/wordpress\/wp-content\/uploads\/2020\/11\/Capture-d\u2019\u00e9cran-2020-11-28-\u00e0-10.33.26-401x300.jpg 401w\" sizes=\"auto, (max-width: 1536px) 100vw, 1536px\" \/><\/a><\/figure>\n<\/div>\n\n\n<p>Le&nbsp;myst\u00e8re qui entoure le contenu de son spectacle <em>Jours d&rsquo;\u00e9cole<\/em>&nbsp;me donnait&nbsp;une grande libert\u00e9 pour construire&nbsp;un atelier avec les enfants de deux classes de CP de l&rsquo;\u00e9cole Jean Mermoz. J&rsquo;ai eu envie de leur proposer de r\u00e9aliser une vid\u00e9o dont le sujet serait l&rsquo;artiste lui-m\u00eame et de commencer \u00e0 d\u00e9couvrir l&rsquo;art du mixage par la pratique&#8230;le tout en une matin\u00e9e&nbsp;seulement.<\/p>\n\n\n<div class=\"wp-block-image\">\n<figure class=\"aligncenter\"><a href=\"https:\/\/lafilledecorinthe.com\/wordpress\/wp-content\/uploads\/2020\/11\/Capture-d\u2019\u00e9cran-2020-11-28-\u00e0-10.50.20.jpg\"><img loading=\"lazy\" decoding=\"async\" width=\"1536\" height=\"1150\" src=\"https:\/\/lafilledecorinthe.com\/wordpress\/wp-content\/uploads\/2020\/11\/Capture-d\u2019\u00e9cran-2020-11-28-\u00e0-10.50.20.jpg\" alt=\"Capture d\u2019\u00e9cran 2020-11-28 \u00e0 10.50.20\" class=\"wp-image-10923\" srcset=\"https:\/\/lafilledecorinthe.com\/wordpress\/wp-content\/uploads\/2020\/11\/Capture-d\u2019\u00e9cran-2020-11-28-\u00e0-10.50.20.jpg 1536w, https:\/\/lafilledecorinthe.com\/wordpress\/wp-content\/uploads\/2020\/11\/Capture-d\u2019\u00e9cran-2020-11-28-\u00e0-10.50.20-680x509.jpg 680w, https:\/\/lafilledecorinthe.com\/wordpress\/wp-content\/uploads\/2020\/11\/Capture-d\u2019\u00e9cran-2020-11-28-\u00e0-10.50.20-1280x958.jpg 1280w, https:\/\/lafilledecorinthe.com\/wordpress\/wp-content\/uploads\/2020\/11\/Capture-d\u2019\u00e9cran-2020-11-28-\u00e0-10.50.20-401x300.jpg 401w\" sizes=\"auto, (max-width: 1536px) 100vw, 1536px\" \/><\/a><\/figure>\n<\/div>\n\n<div class=\"wp-block-image\">\n<figure class=\"aligncenter\"><a href=\"https:\/\/lafilledecorinthe.com\/wordpress\/wp-content\/uploads\/2020\/11\/2.png\"><img loading=\"lazy\" decoding=\"async\" width=\"1398\" height=\"1052\" src=\"https:\/\/lafilledecorinthe.com\/wordpress\/wp-content\/uploads\/2020\/11\/2.png\" alt=\"2\" class=\"wp-image-10924\" srcset=\"https:\/\/lafilledecorinthe.com\/wordpress\/wp-content\/uploads\/2020\/11\/2.png 1398w, https:\/\/lafilledecorinthe.com\/wordpress\/wp-content\/uploads\/2020\/11\/2-680x512.png 680w, https:\/\/lafilledecorinthe.com\/wordpress\/wp-content\/uploads\/2020\/11\/2-1280x963.png 1280w, https:\/\/lafilledecorinthe.com\/wordpress\/wp-content\/uploads\/2020\/11\/2-399x300.png 399w\" sizes=\"auto, (max-width: 1398px) 100vw, 1398px\" \/><\/a><\/figure>\n<\/div>\n\n<div class=\"wp-block-image\">\n<figure class=\"aligncenter\"><a href=\"https:\/\/lafilledecorinthe.com\/wordpress\/wp-content\/uploads\/2020\/11\/1.png\"><img loading=\"lazy\" decoding=\"async\" width=\"1298\" height=\"1150\" src=\"https:\/\/lafilledecorinthe.com\/wordpress\/wp-content\/uploads\/2020\/11\/1.png\" alt=\"1\" class=\"wp-image-10925\" srcset=\"https:\/\/lafilledecorinthe.com\/wordpress\/wp-content\/uploads\/2020\/11\/1.png 1298w, https:\/\/lafilledecorinthe.com\/wordpress\/wp-content\/uploads\/2020\/11\/1-680x602.png 680w, https:\/\/lafilledecorinthe.com\/wordpress\/wp-content\/uploads\/2020\/11\/1-1280x1134.png 1280w, https:\/\/lafilledecorinthe.com\/wordpress\/wp-content\/uploads\/2020\/11\/1-339x300.png 339w\" sizes=\"auto, (max-width: 1298px) 100vw, 1298px\" \/><\/a><\/figure>\n<\/div>\n\n\n<p>Prendre deux images qui existent d\u00e9j\u00e0 et en inventer une troisi\u00e8me par le d\u00e9coupage-collage. Les enfants se sont amus\u00e9s \u00e0 cr\u00e9er un troisi\u00e8me <em>Prieur de la Marne<\/em> compl\u00e8tement imaginaire celui-ci.Dans l&rsquo;affiche se cachait un personnage intrigant tout de noir v\u00eatu, ma\u00eetresse pour les uns, ma\u00eetre nageur pour les autres&#8230; Un zoom dans l&rsquo;image num\u00e9rique a permis de d\u00e9voiler un homme tout de noir v\u00eatu portant sur son \u00e9paule une carabine.&nbsp;Toute ressemblance avec une personne r\u00e9elle serait-elle fortuite ?<\/p>\n\n\n<div class=\"wp-block-image\">\n<figure class=\"aligncenter\"><a href=\"https:\/\/lafilledecorinthe.com\/wordpress\/wp-content\/uploads\/2020\/11\/Capture-d\u2019\u00e9cran-2020-11-28-\u00e0-13.10.58.jpg\"><img loading=\"lazy\" decoding=\"async\" width=\"1534\" height=\"1154\" src=\"https:\/\/lafilledecorinthe.com\/wordpress\/wp-content\/uploads\/2020\/11\/Capture-d\u2019\u00e9cran-2020-11-28-\u00e0-13.10.58.jpg\" alt=\"Capture d\u2019\u00e9cran 2020-11-28 \u00e0 13.10.58\" class=\"wp-image-10938\" srcset=\"https:\/\/lafilledecorinthe.com\/wordpress\/wp-content\/uploads\/2020\/11\/Capture-d\u2019\u00e9cran-2020-11-28-\u00e0-13.10.58.jpg 1534w, https:\/\/lafilledecorinthe.com\/wordpress\/wp-content\/uploads\/2020\/11\/Capture-d\u2019\u00e9cran-2020-11-28-\u00e0-13.10.58-680x512.jpg 680w, https:\/\/lafilledecorinthe.com\/wordpress\/wp-content\/uploads\/2020\/11\/Capture-d\u2019\u00e9cran-2020-11-28-\u00e0-13.10.58-1280x963.jpg 1280w, https:\/\/lafilledecorinthe.com\/wordpress\/wp-content\/uploads\/2020\/11\/Capture-d\u2019\u00e9cran-2020-11-28-\u00e0-13.10.58-399x300.jpg 399w\" sizes=\"auto, (max-width: 1534px) 100vw, 1534px\" \/><\/a><\/figure>\n<\/div>\n\n\n<p><\/p>\n\n\n<div class=\"wp-block-image\">\n<figure class=\"aligncenter\"><a href=\"https:\/\/lafilledecorinthe.com\/wordpress\/wp-content\/uploads\/2020\/11\/IMG-7114.jpeg\"><img loading=\"lazy\" decoding=\"async\" width=\"2866\" height=\"1880\" src=\"https:\/\/lafilledecorinthe.com\/wordpress\/wp-content\/uploads\/2020\/11\/IMG-7114.jpeg\" alt=\"IMG-7114\" class=\"wp-image-10928\" srcset=\"https:\/\/lafilledecorinthe.com\/wordpress\/wp-content\/uploads\/2020\/11\/IMG-7114.jpeg 2866w, https:\/\/lafilledecorinthe.com\/wordpress\/wp-content\/uploads\/2020\/11\/IMG-7114-680x446.jpeg 680w, https:\/\/lafilledecorinthe.com\/wordpress\/wp-content\/uploads\/2020\/11\/IMG-7114-1280x840.jpeg 1280w, https:\/\/lafilledecorinthe.com\/wordpress\/wp-content\/uploads\/2020\/11\/IMG-7114-457x300.jpeg 457w\" sizes=\"auto, (max-width: 2866px) 100vw, 2866px\" \/><\/a><\/figure>\n<\/div>\n\n\n<p>Apr\u00e8s l&rsquo;image, nous nous sommes int\u00e9ress\u00e9s aux sons pr\u00e9sents dans les films :<br>aux voix,\u00a0aux\u00a0ambiances et \u00e0 la musique&#8230; Nous nous sommes amus\u00e9s avec des jeux vocaux avant d&rsquo;enregistrer le titre du spectacle et un appel angoiss\u00e9 \u00e0 PRIEUR !<\/p>\n\n\n<div class=\"wp-block-image\">\n<figure class=\"aligncenter\"><a href=\"https:\/\/lafilledecorinthe.com\/wordpress\/wp-content\/uploads\/2020\/11\/sons.png\"><img loading=\"lazy\" decoding=\"async\" width=\"1440\" height=\"1052\" src=\"https:\/\/lafilledecorinthe.com\/wordpress\/wp-content\/uploads\/2020\/11\/sons.png\" alt=\"sons\" class=\"wp-image-10930\" srcset=\"https:\/\/lafilledecorinthe.com\/wordpress\/wp-content\/uploads\/2020\/11\/sons.png 1440w, https:\/\/lafilledecorinthe.com\/wordpress\/wp-content\/uploads\/2020\/11\/sons-680x497.png 680w, https:\/\/lafilledecorinthe.com\/wordpress\/wp-content\/uploads\/2020\/11\/sons-1280x935.png 1280w, https:\/\/lafilledecorinthe.com\/wordpress\/wp-content\/uploads\/2020\/11\/sons-411x300.png 411w\" sizes=\"auto, (max-width: 1440px) 100vw, 1440px\" \/><\/a><\/figure>\n<\/div>\n\n\n<p>Enfin, Prieur de la Marne nous a envoy\u00e9 une petite vid\u00e9o que nous avons d\u00e9coup\u00e9e&nbsp;et&nbsp; transform\u00e9e&#8230; L&rsquo;arroseur arros\u00e9 ! L&rsquo;enregistrement de la sonnerie de l&rsquo;\u00e9cole, quelques ambiances de r\u00e9cr\u00e9ations r\u00e9cup\u00e9r\u00e9es sur internet&nbsp;et une musique libre de droit ont compl\u00e9t\u00e9 notre batterie de&nbsp;sons.<\/p>\n\n\n<div class=\"wp-block-image\">\n<figure class=\"aligncenter\"><a href=\"https:\/\/lafilledecorinthe.com\/wordpress\/wp-content\/uploads\/2020\/11\/8.png\"><img loading=\"lazy\" decoding=\"async\" width=\"1678\" height=\"1348\" src=\"https:\/\/lafilledecorinthe.com\/wordpress\/wp-content\/uploads\/2020\/11\/8.png\" alt=\"8\" class=\"wp-image-10931\" srcset=\"https:\/\/lafilledecorinthe.com\/wordpress\/wp-content\/uploads\/2020\/11\/8.png 1678w, https:\/\/lafilledecorinthe.com\/wordpress\/wp-content\/uploads\/2020\/11\/8-680x546.png 680w, https:\/\/lafilledecorinthe.com\/wordpress\/wp-content\/uploads\/2020\/11\/8-1280x1028.png 1280w, https:\/\/lafilledecorinthe.com\/wordpress\/wp-content\/uploads\/2020\/11\/8-373x300.png 373w\" sizes=\"auto, (max-width: 1678px) 100vw, 1678px\" \/><\/a><\/figure>\n<\/div>\n\n\n<p>La vid\u00e9o&nbsp;est en ligne !<\/p>\n\n\n\n<figure class=\"wp-block-embed is-type-video is-provider-youtube wp-block-embed-youtube wp-embed-aspect-16-9 wp-has-aspect-ratio\"><div class=\"wp-block-embed__wrapper\">\n<iframe loading=\"lazy\" title=\"Cine\u0301mix\" width=\"720\" height=\"405\" src=\"https:\/\/www.youtube.com\/embed\/5cnKGHVir0k?feature=oembed\" frameborder=\"0\" allow=\"accelerometer; autoplay; clipboard-write; encrypted-media; gyroscope; picture-in-picture; web-share\" referrerpolicy=\"strict-origin-when-cross-origin\" allowfullscreen><\/iframe>\n<\/div><\/figure>\n\n\n\n<p><br>Merci aux \u00e9l\u00e8ves, aux deux enseignantes, \u00e0 Clara et au Th\u00e9\u00e2tre-Cin\u00e9ma Georges Simenon pour cette collaboration enjou\u00e9e. ET &#8230; il va sans dire que nous sommes tous impatients de d\u00e9couvrir le spectacle de Prieur de la Marne et de savoir enfin quel est ce myst\u00e9rieux homme en noir&#8230;<\/p>\n","protected":false},"excerpt":{"rendered":"<p>Fin septembre, je recevais une proposition insolite du Th\u00e9\u00e2tre-Cin\u00e9ma Georges Simenon de Rosny-sous-bois, imaginer un atelier en lien avec le spectacle Jours d&rsquo;\u00e9cole de&nbsp;l&rsquo;artiste Prieur de la Marne. Je ne connaissais pas l&rsquo;univers de l&rsquo;artiste mais un petit tour sur internet&nbsp;avec le visionnement de quelques extraits de ses pr\u00e9c\u00e9dents spectacles et l&rsquo;interview ci-dessous m&rsquo;a donn\u00e9&#8230;<\/p>\n","protected":false},"author":2,"featured_media":10916,"comment_status":"open","ping_status":"open","sticky":false,"template":"","format":"standard","meta":{"_kad_post_transparent":"","_kad_post_title":"","_kad_post_layout":"","_kad_post_sidebar_id":"","_kad_post_content_style":"","_kad_post_vertical_padding":"","_kad_post_feature":"","_kad_post_feature_position":"","_kad_post_header":false,"_kad_post_footer":false,"_kad_post_classname":"","footnotes":""},"categories":[7],"tags":[2047,2050,2049,2016,2048],"class_list":["post-10915","post","type-post","status-publish","format-standard","has-post-thumbnail","hentry","category-ateliers-enfants","tag-atelier-cinemix","tag-jours-decole","tag-prieur-de-la-marne","tag-rosny-sous-bois","tag-theatre-cinema-georges-simenon"],"_links":{"self":[{"href":"https:\/\/lafilledecorinthe.com\/wordpress\/wp-json\/wp\/v2\/posts\/10915","targetHints":{"allow":["GET"]}}],"collection":[{"href":"https:\/\/lafilledecorinthe.com\/wordpress\/wp-json\/wp\/v2\/posts"}],"about":[{"href":"https:\/\/lafilledecorinthe.com\/wordpress\/wp-json\/wp\/v2\/types\/post"}],"author":[{"embeddable":true,"href":"https:\/\/lafilledecorinthe.com\/wordpress\/wp-json\/wp\/v2\/users\/2"}],"replies":[{"embeddable":true,"href":"https:\/\/lafilledecorinthe.com\/wordpress\/wp-json\/wp\/v2\/comments?post=10915"}],"version-history":[{"count":21,"href":"https:\/\/lafilledecorinthe.com\/wordpress\/wp-json\/wp\/v2\/posts\/10915\/revisions"}],"predecessor-version":[{"id":14907,"href":"https:\/\/lafilledecorinthe.com\/wordpress\/wp-json\/wp\/v2\/posts\/10915\/revisions\/14907"}],"wp:featuredmedia":[{"embeddable":true,"href":"https:\/\/lafilledecorinthe.com\/wordpress\/wp-json\/wp\/v2\/media\/10916"}],"wp:attachment":[{"href":"https:\/\/lafilledecorinthe.com\/wordpress\/wp-json\/wp\/v2\/media?parent=10915"}],"wp:term":[{"taxonomy":"category","embeddable":true,"href":"https:\/\/lafilledecorinthe.com\/wordpress\/wp-json\/wp\/v2\/categories?post=10915"},{"taxonomy":"post_tag","embeddable":true,"href":"https:\/\/lafilledecorinthe.com\/wordpress\/wp-json\/wp\/v2\/tags?post=10915"}],"curies":[{"name":"wp","href":"https:\/\/api.w.org\/{rel}","templated":true}]}}