{"id":10863,"date":"2020-11-21T08:59:26","date_gmt":"2020-11-21T07:59:26","guid":{"rendered":"http:\/\/lafilledecorinthe.com\/wordpress\/?p=10863"},"modified":"2025-12-07T09:25:21","modified_gmt":"2025-12-07T08:25:21","slug":"deux-ateliers-sur-la-lumiere-au-cinema","status":"publish","type":"post","link":"https:\/\/lafilledecorinthe.com\/wordpress\/2020\/11\/deux-ateliers-sur-la-lumiere-au-cinema\/","title":{"rendered":"Deux ateliers sur la lumi\u00e8re au cin\u00e9ma&#8230;"},"content":{"rendered":"\n<p>Les ateliers&nbsp;sur <em>la lumi\u00e8re au cin\u00e9ma<\/em>&nbsp;c\u00e9l\u00e8brent les liens entre la salle de cin\u00e9ma et la salle de classe. Le 31\u00e8me festival du court m\u00e9trage d&rsquo;humour de Meudon organis\u00e9 par <a href=\"http:\/\/www.festivalmeudon.org\/festival-2020\/\" target=\"_blank\" rel=\"noopener\">Meudon 7e art<\/a> a permis de&nbsp;renforcer ces liens pour six classes de maternelle des \u00e9coles&nbsp;<em>La Fontaine<\/em> et <em>Desvergnes<\/em>.<\/p>\n\n\n\n<p><strong>ATELIER n\u00b0 1 :<\/strong> La salle de cin\u00e9ma, un lieu unique<\/p>\n\n\n<div class=\"wp-block-image\">\n<figure class=\"aligncenter\"><a href=\"https:\/\/lafilledecorinthe.com\/wordpress\/wp-content\/uploads\/2020\/11\/Capture-d\u2019\u00e9cran-2020-11-20-\u00e0-22.11.42-1.jpg\"><img loading=\"lazy\" decoding=\"async\" width=\"1520\" height=\"1010\" src=\"https:\/\/lafilledecorinthe.com\/wordpress\/wp-content\/uploads\/2020\/11\/Capture-d\u2019\u00e9cran-2020-11-20-\u00e0-22.11.42-1.jpg\" alt=\"Capture d\u2019\u00e9cran 2020-11-20 \u00e0 22.11.42 (1)\" class=\"wp-image-10879\" srcset=\"https:\/\/lafilledecorinthe.com\/wordpress\/wp-content\/uploads\/2020\/11\/Capture-d\u2019\u00e9cran-2020-11-20-\u00e0-22.11.42-1.jpg 1520w, https:\/\/lafilledecorinthe.com\/wordpress\/wp-content\/uploads\/2020\/11\/Capture-d\u2019\u00e9cran-2020-11-20-\u00e0-22.11.42-1-680x452.jpg 680w, https:\/\/lafilledecorinthe.com\/wordpress\/wp-content\/uploads\/2020\/11\/Capture-d\u2019\u00e9cran-2020-11-20-\u00e0-22.11.42-1-1280x851.jpg 1280w, https:\/\/lafilledecorinthe.com\/wordpress\/wp-content\/uploads\/2020\/11\/Capture-d\u2019\u00e9cran-2020-11-20-\u00e0-22.11.42-1-451x300.jpg 451w\" sizes=\"auto, (max-width: 1520px) 100vw, 1520px\" \/><\/a><\/figure>\n<\/div>\n\n\n<p><\/p>\n\n\n\n<p>Dans un premier temps,&nbsp;nous avons reparl\u00e9 tr\u00e8s concr\u00e8tement de la sortie au cin\u00e9ma effectu\u00e9 avant les vacances de la Toussaint. L&rsquo;aide de photographies a \u00e9t\u00e9&nbsp;pr\u00e9cieuse pour raviver les m\u00e9moires : se rappeler ce qu&rsquo;est un festival,&nbsp;d\u00e9crire&nbsp;la salle de cin\u00e9ma&nbsp;et le d\u00e9roulement de la s\u00e9ance, partager ses impressions&nbsp;sur les diff\u00e9rents courts m\u00e9trages du programme \u00a0\u00bb&nbsp;<a href=\"https:\/\/www.kmbofilms.com\/droles-de-cratures\" target=\"_blank\" rel=\"noopener\">Dr\u00f4les de cr\u00e9atures<\/a>&nbsp;\u00ab\u00a0.<\/p>\n\n\n<div class=\"wp-block-image\">\n<figure class=\"aligncenter\"><a href=\"https:\/\/lafilledecorinthe.com\/wordpress\/wp-content\/uploads\/2020\/11\/Capture-d\u2019\u00e9cran-2020-11-21-\u00e0-15.17.03.jpg\"><img loading=\"lazy\" decoding=\"async\" width=\"1038\" height=\"368\" src=\"https:\/\/lafilledecorinthe.com\/wordpress\/wp-content\/uploads\/2020\/11\/Capture-d\u2019\u00e9cran-2020-11-21-\u00e0-15.17.03.jpg\" alt=\"Capture d\u2019\u00e9cran 2020-11-21 \u00e0 15.17.03\" class=\"wp-image-10902\" srcset=\"https:\/\/lafilledecorinthe.com\/wordpress\/wp-content\/uploads\/2020\/11\/Capture-d\u2019\u00e9cran-2020-11-21-\u00e0-15.17.03.jpg 1038w, https:\/\/lafilledecorinthe.com\/wordpress\/wp-content\/uploads\/2020\/11\/Capture-d\u2019\u00e9cran-2020-11-21-\u00e0-15.17.03-680x241.jpg 680w, https:\/\/lafilledecorinthe.com\/wordpress\/wp-content\/uploads\/2020\/11\/Capture-d\u2019\u00e9cran-2020-11-21-\u00e0-15.17.03-500x177.jpg 500w\" sizes=\"auto, (max-width: 1038px) 100vw, 1038px\" \/><\/a><\/figure>\n<\/div>\n\n\n<p><\/p>\n\n\n\n<p>Ensuite les enfants ont allum\u00e9 leur lampe de poche pour concurrencer la lumi\u00e8re du projecteur. Tr\u00e8s utile pour comprendre pourquoi&nbsp;nous sommes plong\u00e9s dans le noir lorsque la projection commence au cin\u00e9ma alors que les lumi\u00e8res restent allum\u00e9es quand nous regardons un film sur l&rsquo;\u00e9cran de la t\u00e9l\u00e9vision ou sur&nbsp;celui de l\u2019ordinateur.<\/p>\n\n\n\n<p>Avant de passer \u00e0 la pratique, petite incursion dans l&rsquo;histoire du cin\u00e9ma pour d\u00e9couvrir un des premiers courts m\u00e9trages d&rsquo;humour, <em>L&rsquo;arroseur arros\u00e9<\/em> des fr\u00e8res Lumi\u00e8re. Beaucoup de succ\u00e8s aupr\u00e8s des enfants du XXI \u00e8me si\u00e8cle ! Ecoutez&nbsp;un petit gar\u00e7on de grande section&nbsp; raconter l&rsquo;histoire quelques jours apr\u00e8s avoir vu le film.<\/p>\n\n\n\n<figure class=\"wp-block-embed is-type-video is-provider-youtube wp-block-embed-youtube wp-embed-aspect-16-9 wp-has-aspect-ratio\"><div class=\"wp-block-embed__wrapper\">\n<iframe loading=\"lazy\" title=\"L&#039;arroseur arros\u00e9\" width=\"720\" height=\"405\" src=\"https:\/\/www.youtube.com\/embed\/n9oVS30CmX4?feature=oembed\" frameborder=\"0\" allow=\"accelerometer; autoplay; clipboard-write; encrypted-media; gyroscope; picture-in-picture; web-share\" referrerpolicy=\"strict-origin-when-cross-origin\" allowfullscreen><\/iframe>\n<\/div><\/figure>\n\n\n<div class=\"wp-block-image\">\n<figure class=\"aligncenter\"><a href=\"https:\/\/lafilledecorinthe.com\/wordpress\/wp-content\/uploads\/2020\/11\/4.jpg\"><img loading=\"lazy\" decoding=\"async\" width=\"1376\" height=\"508\" src=\"https:\/\/lafilledecorinthe.com\/wordpress\/wp-content\/uploads\/2020\/11\/4.jpg\" alt=\"4\" class=\"wp-image-10877\" srcset=\"https:\/\/lafilledecorinthe.com\/wordpress\/wp-content\/uploads\/2020\/11\/4.jpg 1376w, https:\/\/lafilledecorinthe.com\/wordpress\/wp-content\/uploads\/2020\/11\/4-680x251.jpg 680w, https:\/\/lafilledecorinthe.com\/wordpress\/wp-content\/uploads\/2020\/11\/4-1280x473.jpg 1280w, https:\/\/lafilledecorinthe.com\/wordpress\/wp-content\/uploads\/2020\/11\/4-500x185.jpg 500w\" sizes=\"auto, (max-width: 1376px) 100vw, 1376px\" \/><\/a><\/figure>\n<\/div>\n\n\n<p>Chaque enfant a ensuite dessin\u00e9 sa salle de cin\u00e9ma&nbsp;pour l&rsquo;explorer avec une lampe magique.<\/p>\n\n\n\n<figure class=\"wp-block-embed is-type-video is-provider-youtube wp-block-embed-youtube wp-embed-aspect-16-9 wp-has-aspect-ratio\"><div class=\"wp-block-embed__wrapper\">\n<iframe loading=\"lazy\" title=\"la lampe magique\" width=\"720\" height=\"405\" src=\"https:\/\/www.youtube.com\/embed\/hmY6t-DBswM?feature=oembed\" frameborder=\"0\" allow=\"accelerometer; autoplay; clipboard-write; encrypted-media; gyroscope; picture-in-picture; web-share\" referrerpolicy=\"strict-origin-when-cross-origin\" allowfullscreen><\/iframe>\n<\/div><\/figure>\n\n\n\n<p><strong>ATELIER n\u00b0 2<\/strong> : L&rsquo;art de la projection<\/p>\n\n\n\n<p>Commen\u00e7ons par&nbsp;diff\u00e9rencier une image imprim\u00e9e&nbsp;d&rsquo;une image projet\u00e9e.<\/p>\n\n\n<div class=\"wp-block-image\">\n<figure class=\"aligncenter\"><a href=\"https:\/\/lafilledecorinthe.com\/wordpress\/wp-content\/uploads\/2020\/11\/Capture-d\u2019\u00e9cran-2020-11-21-\u00e0-08.50.17.jpg\"><img loading=\"lazy\" decoding=\"async\" width=\"996\" height=\"734\" src=\"https:\/\/lafilledecorinthe.com\/wordpress\/wp-content\/uploads\/2020\/11\/Capture-d\u2019\u00e9cran-2020-11-21-\u00e0-08.50.17.jpg\" alt=\"Capture d\u2019\u00e9cran 2020-11-21 \u00e0 08.50.17\" class=\"wp-image-10897\" srcset=\"https:\/\/lafilledecorinthe.com\/wordpress\/wp-content\/uploads\/2020\/11\/Capture-d\u2019\u00e9cran-2020-11-21-\u00e0-08.50.17.jpg 996w, https:\/\/lafilledecorinthe.com\/wordpress\/wp-content\/uploads\/2020\/11\/Capture-d\u2019\u00e9cran-2020-11-21-\u00e0-08.50.17-680x501.jpg 680w, https:\/\/lafilledecorinthe.com\/wordpress\/wp-content\/uploads\/2020\/11\/Capture-d\u2019\u00e9cran-2020-11-21-\u00e0-08.50.17-407x300.jpg 407w\" sizes=\"auto, (max-width: 996px) 100vw, 996px\" \/><\/a><\/figure>\n<\/div>\n\n\n<p><\/p>\n\n\n\n<p>Ensuite, rien de mieux que des lanternes magiques&nbsp;avec leurs plaques pour&nbsp;comprendre que l\u2019image projet\u00e9e est obtenue gr\u00e2ce au passage de la lumi\u00e8re \u00e0 travers un support translucide. Au del\u00e0 de la \u00ab\u00a0compr\u00e9hension\u00a0\u00bb, \u00e9merveillement assur\u00e9 !<\/p>\n\n\n<div class=\"wp-block-image\">\n<figure class=\"aligncenter\"><a href=\"https:\/\/lafilledecorinthe.com\/wordpress\/wp-content\/uploads\/2020\/11\/Capture-d\u2019\u00e9cran-2020-11-20-\u00e0-17.55.14.jpg\"><img loading=\"lazy\" decoding=\"async\" width=\"1338\" height=\"1010\" src=\"https:\/\/lafilledecorinthe.com\/wordpress\/wp-content\/uploads\/2020\/11\/Capture-d\u2019\u00e9cran-2020-11-20-\u00e0-17.55.14.jpg\" alt=\"Capture d\u2019\u00e9cran 2020-11-20 \u00e0 17.55.14\" class=\"wp-image-10882\" srcset=\"https:\/\/lafilledecorinthe.com\/wordpress\/wp-content\/uploads\/2020\/11\/Capture-d\u2019\u00e9cran-2020-11-20-\u00e0-17.55.14.jpg 1338w, https:\/\/lafilledecorinthe.com\/wordpress\/wp-content\/uploads\/2020\/11\/Capture-d\u2019\u00e9cran-2020-11-20-\u00e0-17.55.14-680x513.jpg 680w, https:\/\/lafilledecorinthe.com\/wordpress\/wp-content\/uploads\/2020\/11\/Capture-d\u2019\u00e9cran-2020-11-20-\u00e0-17.55.14-1280x966.jpg 1280w, https:\/\/lafilledecorinthe.com\/wordpress\/wp-content\/uploads\/2020\/11\/Capture-d\u2019\u00e9cran-2020-11-20-\u00e0-17.55.14-397x300.jpg 397w\" sizes=\"auto, (max-width: 1338px) 100vw, 1338px\" \/><\/a><\/figure>\n<\/div>\n\n\n<p>Enfin chaque enfant a fait&nbsp;un dessin sur une plaque en rhodo\u00efd&nbsp;pour qu&rsquo;il soit projet\u00e9 en grand sur l&rsquo;\u00e9cran ! Des petits&nbsp;observateurs ont remarqu\u00e9 que je mettais leur dessin \u00e0 l&rsquo;envers dans le support&#8230;<\/p>\n\n\n<div class=\"wp-block-image\">\n<figure class=\"aligncenter\"><a href=\"https:\/\/lafilledecorinthe.com\/wordpress\/wp-content\/uploads\/2020\/11\/7.jpg\"><img loading=\"lazy\" decoding=\"async\" width=\"1348\" height=\"1010\" src=\"https:\/\/lafilledecorinthe.com\/wordpress\/wp-content\/uploads\/2020\/11\/7.jpg\" alt=\"7\" class=\"wp-image-10883\" srcset=\"https:\/\/lafilledecorinthe.com\/wordpress\/wp-content\/uploads\/2020\/11\/7.jpg 1348w, https:\/\/lafilledecorinthe.com\/wordpress\/wp-content\/uploads\/2020\/11\/7-680x509.jpg 680w, https:\/\/lafilledecorinthe.com\/wordpress\/wp-content\/uploads\/2020\/11\/7-1280x959.jpg 1280w, https:\/\/lafilledecorinthe.com\/wordpress\/wp-content\/uploads\/2020\/11\/7-400x300.jpg 400w\" sizes=\"auto, (max-width: 1348px) 100vw, 1348px\" \/><\/a><\/figure>\n<\/div>\n\n\n<p><\/p>\n\n\n<div class=\"wp-block-image\">\n<figure class=\"aligncenter\"><a href=\"https:\/\/lafilledecorinthe.com\/wordpress\/wp-content\/uploads\/2020\/11\/9.jpg\"><img loading=\"lazy\" decoding=\"async\" width=\"976\" height=\"370\" src=\"https:\/\/lafilledecorinthe.com\/wordpress\/wp-content\/uploads\/2020\/11\/9.jpg\" alt=\"9\" class=\"wp-image-10892\" srcset=\"https:\/\/lafilledecorinthe.com\/wordpress\/wp-content\/uploads\/2020\/11\/9.jpg 976w, https:\/\/lafilledecorinthe.com\/wordpress\/wp-content\/uploads\/2020\/11\/9-680x258.jpg 680w, https:\/\/lafilledecorinthe.com\/wordpress\/wp-content\/uploads\/2020\/11\/9-500x190.jpg 500w\" sizes=\"auto, (max-width: 976px) 100vw, 976px\" \/><\/a><\/figure>\n<\/div>\n\n\n<p><\/p>\n\n\n\n<p>Un grand merci aux enseignantes pour leur confiance et leur complicit\u00e9.<\/p>\n\n\n<div class=\"wp-block-image\">\n<figure class=\"aligncenter\"><a href=\"https:\/\/lafilledecorinthe.com\/wordpress\/wp-content\/uploads\/2020\/11\/Capture-d\u2019\u00e9cran-2020-11-21-\u00e0-08.28.51-1.jpg\"><img loading=\"lazy\" decoding=\"async\" width=\"976\" height=\"686\" src=\"https:\/\/lafilledecorinthe.com\/wordpress\/wp-content\/uploads\/2020\/11\/Capture-d\u2019\u00e9cran-2020-11-21-\u00e0-08.28.51-1.jpg\" alt=\"Capture d\u2019\u00e9cran 2020-11-21 \u00e0 08.28.51 (1)\" class=\"wp-image-10893\" srcset=\"https:\/\/lafilledecorinthe.com\/wordpress\/wp-content\/uploads\/2020\/11\/Capture-d\u2019\u00e9cran-2020-11-21-\u00e0-08.28.51-1.jpg 976w, https:\/\/lafilledecorinthe.com\/wordpress\/wp-content\/uploads\/2020\/11\/Capture-d\u2019\u00e9cran-2020-11-21-\u00e0-08.28.51-1-680x478.jpg 680w, https:\/\/lafilledecorinthe.com\/wordpress\/wp-content\/uploads\/2020\/11\/Capture-d\u2019\u00e9cran-2020-11-21-\u00e0-08.28.51-1-427x300.jpg 427w\" sizes=\"auto, (max-width: 976px) 100vw, 976px\" \/><\/a><figcaption class=\"wp-element-caption\">Des fiches r\u00e9alis\u00e9es par des enfants de GS des classes d&rsquo;Elodie et de Laurence<\/figcaption><\/figure>\n<\/div>","protected":false},"excerpt":{"rendered":"<p>Les ateliers&nbsp;sur la lumi\u00e8re au cin\u00e9ma&nbsp;c\u00e9l\u00e8brent les liens entre la salle de cin\u00e9ma et la salle de classe. Le 31\u00e8me festival du court m\u00e9trage d&rsquo;humour de Meudon organis\u00e9 par Meudon 7e art a permis de&nbsp;renforcer ces liens pour six classes de maternelle des \u00e9coles&nbsp;La Fontaine et Desvergnes. ATELIER n\u00b0 1 : La salle de cin\u00e9ma,&#8230;<\/p>\n","protected":false},"author":2,"featured_media":14909,"comment_status":"open","ping_status":"open","sticky":false,"template":"","format":"standard","meta":{"_kad_post_transparent":"","_kad_post_title":"","_kad_post_layout":"","_kad_post_sidebar_id":"","_kad_post_content_style":"","_kad_post_vertical_padding":"","_kad_post_feature":"","_kad_post_feature_position":"","_kad_post_header":false,"_kad_post_footer":false,"_kad_post_classname":"","footnotes":""},"categories":[7],"tags":[967,629,2044,2046,2042,2043,2045,810],"class_list":["post-10863","post","type-post","status-publish","format-standard","has-post-thumbnail","hentry","category-ateliers-enfants","tag-droles-de-creatures","tag-festival-du-court-metrage-dhumour","tag-larroseur-arrose","tag-lart-de-la-projection","tag-la-lumiere-au-cinema","tag-la-salle-de-cinema","tag-lampe-magique","tag-meudon"],"_links":{"self":[{"href":"https:\/\/lafilledecorinthe.com\/wordpress\/wp-json\/wp\/v2\/posts\/10863","targetHints":{"allow":["GET"]}}],"collection":[{"href":"https:\/\/lafilledecorinthe.com\/wordpress\/wp-json\/wp\/v2\/posts"}],"about":[{"href":"https:\/\/lafilledecorinthe.com\/wordpress\/wp-json\/wp\/v2\/types\/post"}],"author":[{"embeddable":true,"href":"https:\/\/lafilledecorinthe.com\/wordpress\/wp-json\/wp\/v2\/users\/2"}],"replies":[{"embeddable":true,"href":"https:\/\/lafilledecorinthe.com\/wordpress\/wp-json\/wp\/v2\/comments?post=10863"}],"version-history":[{"count":25,"href":"https:\/\/lafilledecorinthe.com\/wordpress\/wp-json\/wp\/v2\/posts\/10863\/revisions"}],"predecessor-version":[{"id":14908,"href":"https:\/\/lafilledecorinthe.com\/wordpress\/wp-json\/wp\/v2\/posts\/10863\/revisions\/14908"}],"wp:featuredmedia":[{"embeddable":true,"href":"https:\/\/lafilledecorinthe.com\/wordpress\/wp-json\/wp\/v2\/media\/14909"}],"wp:attachment":[{"href":"https:\/\/lafilledecorinthe.com\/wordpress\/wp-json\/wp\/v2\/media?parent=10863"}],"wp:term":[{"taxonomy":"category","embeddable":true,"href":"https:\/\/lafilledecorinthe.com\/wordpress\/wp-json\/wp\/v2\/categories?post=10863"},{"taxonomy":"post_tag","embeddable":true,"href":"https:\/\/lafilledecorinthe.com\/wordpress\/wp-json\/wp\/v2\/tags?post=10863"}],"curies":[{"name":"wp","href":"https:\/\/api.w.org\/{rel}","templated":true}]}}