{"id":108,"date":"2011-11-19T12:49:03","date_gmt":"2011-11-19T11:49:03","guid":{"rendered":"http:\/\/lafilledecorinthe.com\/wordpress\/?p=108"},"modified":"2025-12-09T16:47:17","modified_gmt":"2025-12-09T15:47:17","slug":"agnes-varda-une-grande-dame","status":"publish","type":"post","link":"https:\/\/lafilledecorinthe.com\/wordpress\/2011\/11\/agnes-varda-une-grande-dame\/","title":{"rendered":"Agn\u00e8s Varda, une grande dame !"},"content":{"rendered":"\n<p>J\u2019aime l\u2019artiste, j\u2019aime la femme ! N\u2019attendez donc pas un article objectif sur la grande dame du cin\u00e9ma fran\u00e7ais !<\/p>\n\n\n\n<p>Agn\u00e8s Varda \u00e9tait pr\u00e9sente le week-end dernier au Capitole de Suresnes. Revoir sur grand \u00e9cran \u00abLes plages d\u2019Agn\u00e8s\u00bb, \u00e9couter Agn\u00e8s Varda, un plaisir qui ne se refuse pas !<\/p>\n\n\n\n<p>J\u2019aime la femme ouverte sur le monde, curieuse des autres, qu\u2019ils soient mendiants ou fils de roi. J\u2019aime la f\u00e9ministe, ce combat est toujours le sien. J\u2019aime le couple de cin\u00e9astes qu\u2019elle a form\u00e9 avec Jacques Demy, on peut aimer un homme, fonder une famille sans renoncer \u00e0 sa personnalit\u00e9, \u00e0 son travail. J\u2019aime sa voix qui ponctue tant de ses films. J\u2019aime sa passion des images qu\u2019elles soient fixes ou anim\u00e9es. J\u2019aime sa vie d\u2019artiste, photographe, cin\u00e9aste, plasticienne&#8230;<\/p>\n\n\n\n<p>La fa\u00e7ade du coll\u00e8ge Henri Sellier ( Suresnes) accueille jusqu\u2019au 30 octobre des portraits qu\u2019 Agn\u00e8s Varda&nbsp; a r\u00e9alis\u00e9s dans les ann\u00e9es 50 lorsqu\u2019elle \u00e9tait la photographe du TNP.<\/p>\n\n\n\n<p>Qu\u2019on ne se m\u00e9prenne pas, Agn\u00e8s Varda est riche de son pass\u00e9 mais son regard est tourn\u00e9 vers l\u2019avenir, une exposition au mus\u00e9e Paul Val\u00e9ry de S\u00e8te et une s\u00e9rie t\u00e9l\u00e9vis\u00e9e sur les artistes contemporains sont attendues avant la fin de l\u2019ann\u00e9e.<\/p>\n","protected":false},"excerpt":{"rendered":"<p>J\u2019aime l\u2019artiste, j\u2019aime la femme ! N\u2019attendez donc pas un article objectif sur la grande dame du cin\u00e9ma fran\u00e7ais ! Agn\u00e8s Varda \u00e9tait pr\u00e9sente le week-end dernier au Capitole de Suresnes. Revoir sur grand \u00e9cran \u00abLes plages d\u2019Agn\u00e8s\u00bb, \u00e9couter Agn\u00e8s Varda, un plaisir qui ne se refuse pas ! J\u2019aime la femme ouverte sur le&#8230;<\/p>\n","protected":false},"author":2,"featured_media":109,"comment_status":"open","ping_status":"open","sticky":false,"template":"","format":"standard","meta":{"_kad_post_transparent":"","_kad_post_title":"","_kad_post_layout":"","_kad_post_sidebar_id":"","_kad_post_content_style":"","_kad_post_vertical_padding":"","_kad_post_feature":"","_kad_post_feature_position":"","_kad_post_header":false,"_kad_post_footer":false,"_kad_post_classname":"","footnotes":""},"categories":[14],"tags":[18,16,17,19,15],"class_list":["post-108","post","type-post","status-publish","format-standard","has-post-thumbnail","hentry","category-decouvertes-artistes","tag-cineaste","tag-demy","tag-photographe","tag-plasticienne","tag-varda"],"_links":{"self":[{"href":"https:\/\/lafilledecorinthe.com\/wordpress\/wp-json\/wp\/v2\/posts\/108","targetHints":{"allow":["GET"]}}],"collection":[{"href":"https:\/\/lafilledecorinthe.com\/wordpress\/wp-json\/wp\/v2\/posts"}],"about":[{"href":"https:\/\/lafilledecorinthe.com\/wordpress\/wp-json\/wp\/v2\/types\/post"}],"author":[{"embeddable":true,"href":"https:\/\/lafilledecorinthe.com\/wordpress\/wp-json\/wp\/v2\/users\/2"}],"replies":[{"embeddable":true,"href":"https:\/\/lafilledecorinthe.com\/wordpress\/wp-json\/wp\/v2\/comments?post=108"}],"version-history":[{"count":15,"href":"https:\/\/lafilledecorinthe.com\/wordpress\/wp-json\/wp\/v2\/posts\/108\/revisions"}],"predecessor-version":[{"id":15350,"href":"https:\/\/lafilledecorinthe.com\/wordpress\/wp-json\/wp\/v2\/posts\/108\/revisions\/15350"}],"wp:featuredmedia":[{"embeddable":true,"href":"https:\/\/lafilledecorinthe.com\/wordpress\/wp-json\/wp\/v2\/media\/109"}],"wp:attachment":[{"href":"https:\/\/lafilledecorinthe.com\/wordpress\/wp-json\/wp\/v2\/media?parent=108"}],"wp:term":[{"taxonomy":"category","embeddable":true,"href":"https:\/\/lafilledecorinthe.com\/wordpress\/wp-json\/wp\/v2\/categories?post=108"},{"taxonomy":"post_tag","embeddable":true,"href":"https:\/\/lafilledecorinthe.com\/wordpress\/wp-json\/wp\/v2\/tags?post=108"}],"curies":[{"name":"wp","href":"https:\/\/api.w.org\/{rel}","templated":true}]}}