{"id":10780,"date":"2020-10-14T08:23:02","date_gmt":"2020-10-14T07:23:02","guid":{"rendered":"http:\/\/lafilledecorinthe.com\/wordpress\/?p=10780"},"modified":"2025-12-04T21:00:16","modified_gmt":"2025-12-04T20:00:16","slug":"ma-premiere-seance-2020-2021","status":"publish","type":"post","link":"https:\/\/lafilledecorinthe.com\/wordpress\/2020\/10\/ma-premiere-seance-2020-2021\/","title":{"rendered":"\u00ab\u00a0Ma premi\u00e8re s\u00e9ance\u00a0\u00bb 2020-2021"},"content":{"rendered":"\n<p><\/p>\n\n\n\n<p><em>\u00ab\u00a0La lumi\u00e8re est \u00e0 l&rsquo;origine du cin\u00e9ma. C&rsquo;est elle qui projette et transporte les images, le long d&rsquo;un rail lumineux, de la bo\u00eete noire du projecteur ou de la lanterne, jusqu&rsquo;\u00e0 l&rsquo;\u00e9cran. La lumi\u00e8re nous \u00e9claire et nous r\u00e9chauffe. Elle cr\u00e9e aussi le mouvement et le myst\u00e8re, et fascine les enfants en projetant des ombres mouvantes ou en guidant les jeunes aventuriers dans le noir par la gr\u00e2ce d&rsquo;une lampe de poche&#8230;\u00a0\u00bb&nbsp; &nbsp; &nbsp; &nbsp; &nbsp; &nbsp; &nbsp; &nbsp; &nbsp; &nbsp; &nbsp; &nbsp; &nbsp; &nbsp; &nbsp; &nbsp; &nbsp; &nbsp; &nbsp; &nbsp; &nbsp; &nbsp; &nbsp; &nbsp; &nbsp; &nbsp; &nbsp; &nbsp; &nbsp; &nbsp; &nbsp; &nbsp; &nbsp; &nbsp; &nbsp; &nbsp; &nbsp; &nbsp; &nbsp; &nbsp; &nbsp; &nbsp; &nbsp; &nbsp; &nbsp; &nbsp; &nbsp; &nbsp; &nbsp;<a href=\"https:\/\/www.cinemas93.org\/sites\/default\/files\/u34\/brochure_mps_20-21_def.pdf\" target=\"_blank\" rel=\"noopener\"> &nbsp; &nbsp; &nbsp;<\/a>&nbsp; &nbsp; &nbsp; &nbsp; &nbsp; &nbsp; &nbsp; &nbsp; &nbsp; &nbsp; &nbsp; &nbsp;&nbsp;<\/em><a href=\"https:\/\/www.cinemas93.org\/sites\/default\/files\/u34\/brochure_mps_20-21_def.pdf\" target=\"_blank\" rel=\"noopener\">Brochure<\/a> \u00ab\u00a0Ma premi\u00e8re s\u00e9ance\u00a0\u00bb 2020-2021<\/p>\n\n\n\n<p><em>\u00ab\u00a0Le cin\u00e9ma c&rsquo;est l&rsquo;\u00e9criture moderne dont l&rsquo;encre est la lumi\u00e8re.\u00a0\u00bb<\/em> Jean Cocteau<\/p>\n\n\n\n<p><strong>Projection-conf\u00e9rence<\/strong><br>Cin\u00e9ma Le M\u00e9li\u00e8s \u00e0 Montreuil<br>Mercredi 14 octobre 2020<\/p>\n\n\n\n<p>Documents \u00e0 t\u00e9l\u00e9charger :&nbsp;<a href=\"https:\/\/lafilledecorinthe.com\/wordpress\/wp-content\/uploads\/2020\/10\/Biblio-sitographie-.pdf\">Biblio-sitographie<\/a><\/p>\n\n\n<div class=\"wp-block-image\">\n<figure class=\"aligncenter\"><a href=\"https:\/\/lafilledecorinthe.com\/wordpress\/wp-content\/uploads\/2020\/10\/Capture-d\u2019\u00e9cran-2020-10-09-\u00e0-17.30.06.jpg\"><img loading=\"lazy\" decoding=\"async\" width=\"1536\" height=\"1144\" src=\"https:\/\/lafilledecorinthe.com\/wordpress\/wp-content\/uploads\/2020\/10\/Capture-d\u2019\u00e9cran-2020-10-09-\u00e0-17.30.06.jpg\" alt=\"Capture d\u2019\u00e9cran 2020-10-09 \u00e0 17.30.06\" class=\"wp-image-10795\" srcset=\"https:\/\/lafilledecorinthe.com\/wordpress\/wp-content\/uploads\/2020\/10\/Capture-d\u2019\u00e9cran-2020-10-09-\u00e0-17.30.06.jpg 1536w, https:\/\/lafilledecorinthe.com\/wordpress\/wp-content\/uploads\/2020\/10\/Capture-d\u2019\u00e9cran-2020-10-09-\u00e0-17.30.06-680x506.jpg 680w, https:\/\/lafilledecorinthe.com\/wordpress\/wp-content\/uploads\/2020\/10\/Capture-d\u2019\u00e9cran-2020-10-09-\u00e0-17.30.06-1280x953.jpg 1280w, https:\/\/lafilledecorinthe.com\/wordpress\/wp-content\/uploads\/2020\/10\/Capture-d\u2019\u00e9cran-2020-10-09-\u00e0-17.30.06-403x300.jpg 403w\" sizes=\"auto, (max-width: 1536px) 100vw, 1536px\" \/><\/a><\/figure>\n<\/div>\n\n\n<p><\/p>\n\n\n\n<p>Documents \u00e0 t\u00e9l\u00e9charger :&nbsp;<a href=\"https:\/\/lafilledecorinthe.com\/wordpress\/wp-content\/uploads\/2020\/10\/Les-sources-de-lumie\u0300re\u2026-.pdf\">Les sources de lumie\u0300re\u2026<\/a>,&nbsp;<a href=\"https:\/\/lafilledecorinthe.com\/wordpress\/wp-content\/uploads\/2020\/10\/Bear-le-jeu-des-\u2026-diffe\u0301rences-.pdf\">Bear, le jeu des \u2026 diffe\u0301rences !<\/a>,&nbsp;<a href=\"https:\/\/lafilledecorinthe.com\/wordpress\/wp-content\/uploads\/2020\/10\/The-theory-of-sunset-images-se\u0301quentielles-.pdf\">The theory of sunset, images se\u0301quentielles<\/a>,&nbsp;<a href=\"https:\/\/lafilledecorinthe.com\/wordpress\/wp-content\/uploads\/2020\/10\/The-theory-of-sunset-les-formes-circulaires-.pdf\">The theory of sunset, les formes circulaires<\/a>,&nbsp;<a href=\"https:\/\/lafilledecorinthe.com\/wordpress\/wp-content\/uploads\/2020\/10\/Bear-points-de-vue-et-cadrage-.pdf\">Bear, points de vue et cadrage<\/a>,&nbsp;<a href=\"https:\/\/lafilledecorinthe.com\/wordpress\/wp-content\/uploads\/2020\/10\/The-theory-of-sunset-e\u0301chelle-des-plans.pdf\">The theory of sunset, e\u0301chelle des plans<\/a>,&nbsp;<a href=\"https:\/\/lafilledecorinthe.com\/wordpress\/wp-content\/uploads\/2020\/10\/The-theory-of-sunset-point-de-vue-.pdf\">The theory of sunset, point de vue<\/a>,&nbsp;<a href=\"https:\/\/lafilledecorinthe.com\/wordpress\/wp-content\/uploads\/2020\/10\/Forests-points-de-vue-.pdf\">Forests, points de vue<\/a>,&nbsp;<a href=\"https:\/\/lafilledecorinthe.com\/wordpress\/wp-content\/uploads\/2020\/10\/Bear-ou\u0300-est-le-grillon-.pages\">Bear, ou\u0300 est le grillon ?<\/a>,&nbsp;<a href=\"https:\/\/lafilledecorinthe.com\/wordpress\/wp-content\/uploads\/2020\/10\/Nature-l\u2019orchestre-.pdf\">Nature, l\u2019orchestre<\/a>,&nbsp;<a href=\"https:\/\/lafilledecorinthe.com\/wordpress\/wp-content\/uploads\/2020\/10\/Forests-me\u0301tamorphoses-.pdf\">Forests, me\u0301tamorphoses<\/a>,&nbsp;<a href=\"https:\/\/lafilledecorinthe.com\/wordpress\/wp-content\/uploads\/2020\/10\/Ollie\u2019s-forest-les-animaux-bioluminescents-.pdf\">Ollie\u2019s forest, les animaux bioluminescents<\/a><\/p>\n\n\n<div class=\"wp-block-image\">\n<figure class=\"aligncenter\"><a href=\"https:\/\/lafilledecorinthe.com\/wordpress\/wp-content\/uploads\/2020\/10\/Capture-d\u2019\u00e9cran-2020-10-09-\u00e0-17.45.36.jpg\"><img loading=\"lazy\" decoding=\"async\" width=\"1536\" height=\"1152\" src=\"https:\/\/lafilledecorinthe.com\/wordpress\/wp-content\/uploads\/2020\/10\/Capture-d\u2019\u00e9cran-2020-10-09-\u00e0-17.45.36.jpg\" alt=\"Capture d\u2019\u00e9cran 2020-10-09 \u00e0 17.45.36\" class=\"wp-image-10809\" srcset=\"https:\/\/lafilledecorinthe.com\/wordpress\/wp-content\/uploads\/2020\/10\/Capture-d\u2019\u00e9cran-2020-10-09-\u00e0-17.45.36.jpg 1536w, https:\/\/lafilledecorinthe.com\/wordpress\/wp-content\/uploads\/2020\/10\/Capture-d\u2019\u00e9cran-2020-10-09-\u00e0-17.45.36-680x510.jpg 680w, https:\/\/lafilledecorinthe.com\/wordpress\/wp-content\/uploads\/2020\/10\/Capture-d\u2019\u00e9cran-2020-10-09-\u00e0-17.45.36-1280x960.jpg 1280w, https:\/\/lafilledecorinthe.com\/wordpress\/wp-content\/uploads\/2020\/10\/Capture-d\u2019\u00e9cran-2020-10-09-\u00e0-17.45.36-400x300.jpg 400w\" sizes=\"auto, (max-width: 1536px) 100vw, 1536px\" \/><\/a><\/figure>\n<\/div>\n\n\n<p><\/p>\n\n\n\n<p>Documents \u00e0 t\u00e9l\u00e9charger :&nbsp;<a href=\"https:\/\/lafilledecorinthe.com\/wordpress\/wp-content\/uploads\/2020\/10\/Le-\u00ab-clair-obscur-\u00bb-dans-la-peinture-et-la-photographie-.pdf\">Le \u00ab&nbsp;clair-obscur&nbsp;\u00bb dans la peinture et la photographie<\/a>,&nbsp;<a href=\"https:\/\/lafilledecorinthe.com\/wordpress\/wp-content\/uploads\/2020\/10\/Les-sources-de-lumie\u0300re\u2026-2-.pdf\">Les sources de lumie\u0300re\u2026 (2)<\/a>,&nbsp;<a href=\"https:\/\/lafilledecorinthe.com\/wordpress\/wp-content\/uploads\/2020\/10\/Une-nuit-de-tempe\u0302teun-feu-expressif-.pdf\">Une nuit de tempe\u0302te, un feu expressif<\/a>,&nbsp;<a href=\"https:\/\/lafilledecorinthe.com\/wordpress\/wp-content\/uploads\/2020\/10\/Petite-flamme-les-diffe\u0301rents-plans-.pdf\">Petite flamme, les diffe\u0301rents plans<\/a>,&nbsp;<a href=\"https:\/\/lafilledecorinthe.com\/wordpress\/wp-content\/uploads\/2020\/10\/Ma-premie\u0300re-se\u0301ance-les-angles-de-vue-1.pdf\">Ma premie\u0300re se\u0301ance, les angles de vue (1)<\/a>,&nbsp;<a href=\"https:\/\/lafilledecorinthe.com\/wordpress\/wp-content\/uploads\/2020\/10\/Ma-premie\u0300re-se\u0301ance-les-angles-de-vue-2.pdf\">Ma premie\u0300re se\u0301ance, les angles de vue (2)<\/a><\/p>\n\n\n\n<p>Making-of de <em>Luminaris<\/em><\/p>\n\n\n\n<p><iframe loading=\"lazy\" title=\"vimeo-player\" src=\"https:\/\/player.vimeo.com\/video\/40776884\" width=\"640\" height=\"360\" frameborder=\"0\" allowfullscreen=\"allowfullscreen\"><\/iframe><\/p>\n\n\n\n<p>Fonctionnement de la table \u00e0 vague dans <em>Two ballons<\/em>, d&rsquo;autres vid\u00e9os sur <a href=\"https:\/\/www.twoballoons.film\/#home-section\" target=\"_blank\" rel=\"noopener\">le site<\/a> d\u00e9di\u00e9 au film.<\/p>\n\n\n\n<figure class=\"wp-block-embed is-type-video is-provider-vimeo wp-block-embed-vimeo wp-embed-aspect-16-9 wp-has-aspect-ratio\"><div class=\"wp-block-embed__wrapper\">\n<iframe loading=\"lazy\" title=\"Featurette #2 | A Stop Motion Ocean\" src=\"https:\/\/player.vimeo.com\/video\/237123570?dnt=1&amp;app_id=122963\" width=\"720\" height=\"389\" frameborder=\"0\" allow=\"autoplay; fullscreen; picture-in-picture; clipboard-write; encrypted-media; web-share\" referrerpolicy=\"strict-origin-when-cross-origin\"><\/iframe>\n<\/div><\/figure>\n","protected":false},"excerpt":{"rendered":"<p>\u00ab\u00a0La lumi\u00e8re est \u00e0 l&rsquo;origine du cin\u00e9ma. C&rsquo;est elle qui projette et transporte les images, le long d&rsquo;un rail lumineux, de la bo\u00eete noire du projecteur ou de la lanterne, jusqu&rsquo;\u00e0 l&rsquo;\u00e9cran. La lumi\u00e8re nous \u00e9claire et nous r\u00e9chauffe. Elle cr\u00e9e aussi le mouvement et le myst\u00e8re, et fascine les enfants en projetant des ombres&#8230;<\/p>\n","protected":false},"author":2,"featured_media":10784,"comment_status":"open","ping_status":"open","sticky":false,"template":"","format":"standard","meta":{"_kad_post_transparent":"","_kad_post_title":"","_kad_post_layout":"","_kad_post_sidebar_id":"","_kad_post_content_style":"","_kad_post_vertical_padding":"","_kad_post_feature":"","_kad_post_feature_position":"","_kad_post_header":false,"_kad_post_footer":false,"_kad_post_classname":"","footnotes":""},"categories":[8],"tags":[2023,2033,2035,1554,2024,2034,1980,2027,1508,2025,2030,2029,600,2032,244,2026,2028,2031],"class_list":["post-10780","post","type-post","status-publish","format-standard","has-post-thumbnail","hentry","category-formations-adultes","tag-2020-2021","tag-anna-kuzina","tag-aventures-du-clair-obscur","tag-cinemas93","tag-droles-de-lumieres","tag-gil-alkabetz","tag-hanna-kim","tag-isis-leterrier","tag-juan-pablo-zaramella","tag-julia-ocker","tag-julie-ramboville","tag-katy-wang","tag-ma-premiere-seance","tag-mark-c-smith","tag-nicolas-bianco-levrin","tag-reina-kanemitsu","tag-roman-sokolov","tag-vladislav-bayramgulov"],"_links":{"self":[{"href":"https:\/\/lafilledecorinthe.com\/wordpress\/wp-json\/wp\/v2\/posts\/10780","targetHints":{"allow":["GET"]}}],"collection":[{"href":"https:\/\/lafilledecorinthe.com\/wordpress\/wp-json\/wp\/v2\/posts"}],"about":[{"href":"https:\/\/lafilledecorinthe.com\/wordpress\/wp-json\/wp\/v2\/types\/post"}],"author":[{"embeddable":true,"href":"https:\/\/lafilledecorinthe.com\/wordpress\/wp-json\/wp\/v2\/users\/2"}],"replies":[{"embeddable":true,"href":"https:\/\/lafilledecorinthe.com\/wordpress\/wp-json\/wp\/v2\/comments?post=10780"}],"version-history":[{"count":16,"href":"https:\/\/lafilledecorinthe.com\/wordpress\/wp-json\/wp\/v2\/posts\/10780\/revisions"}],"predecessor-version":[{"id":14644,"href":"https:\/\/lafilledecorinthe.com\/wordpress\/wp-json\/wp\/v2\/posts\/10780\/revisions\/14644"}],"wp:featuredmedia":[{"embeddable":true,"href":"https:\/\/lafilledecorinthe.com\/wordpress\/wp-json\/wp\/v2\/media\/10784"}],"wp:attachment":[{"href":"https:\/\/lafilledecorinthe.com\/wordpress\/wp-json\/wp\/v2\/media?parent=10780"}],"wp:term":[{"taxonomy":"category","embeddable":true,"href":"https:\/\/lafilledecorinthe.com\/wordpress\/wp-json\/wp\/v2\/categories?post=10780"},{"taxonomy":"post_tag","embeddable":true,"href":"https:\/\/lafilledecorinthe.com\/wordpress\/wp-json\/wp\/v2\/tags?post=10780"}],"curies":[{"name":"wp","href":"https:\/\/api.w.org\/{rel}","templated":true}]}}