{"id":10745,"date":"2020-09-28T19:18:30","date_gmt":"2020-09-28T18:18:30","guid":{"rendered":"http:\/\/lafilledecorinthe.com\/wordpress\/?p=10745"},"modified":"2025-12-04T21:01:52","modified_gmt":"2025-12-04T20:01:52","slug":"ecole-et-cinema-92-pierre-et-le-loup","status":"publish","type":"post","link":"https:\/\/lafilledecorinthe.com\/wordpress\/2020\/09\/ecole-et-cinema-92-pierre-et-le-loup\/","title":{"rendered":"\u00ab\u00a0Ecole et Cin\u00e9ma 92 \u00a0\u00bb    Pierre et le loup"},"content":{"rendered":"\n<p><em>\u00ab\u00a0Si cela n&rsquo;avait tenu qu&rsquo;\u00e0 moi, je n&rsquo;aurais pas choisi ce sujet. C&rsquo;\u00e9tait terrifiant de reprendre une \u0153uvre aussi connue et aussi appr\u00e9ci\u00e9e. J&rsquo;aurais pr\u00e9f\u00e9r\u00e9 \u00e9crire quelque chose d&rsquo;enti\u00e8rement nouveau. Mais dans le m\u00eame temps, je voulais vraiment le faire. Enfant, j&rsquo;adorais cette \u0153uvre. Au moment o\u00f9 j&rsquo;ai \u00e9t\u00e9 approch\u00e9e, je ne savais pas qu&rsquo;elle avait \u00e9t\u00e9 adapt\u00e9e par Disney et par d&rsquo;autres cin\u00e9astes, et j&rsquo;ai \u00e9t\u00e9 encore plus terrifi\u00e9e quand je me suis rendu compte que cela avait \u00e9t\u00e9 fait autant de fois ! Je me suis demand\u00e9e ce que je pouvais apporter de plus ou de diff\u00e9rent. Je ne voulais surtout pas r\u00e9p\u00e9ter les choses. Alors j&rsquo;ai regard\u00e9 toutes les versions que j&rsquo;ai pu trouver pour m&rsquo;assurer de ne surtout pas les copier. Par chance, cela m&rsquo;a permis de me rendre compte que ce que j&rsquo;imaginais \u00e9tait totalement diff\u00e9rent.\u00a0\u00bb<\/em><br><a href=\"http:\/\/www.tutti-magazine.fr\/news\/page\/suzie-templeton-fr\/\" target=\"_blank\" rel=\"noopener\">Interview<\/a> de\u00a0Suzie Templeton<\/p>\n\n\n\n<p><em>\u00ab\u00a0Oui je peux \u00eatre agac\u00e9 parfois par l&rsquo;image \u00e9dulcor\u00e9e qu&rsquo;on r\u00e9serve au jeune public dans un certain nombre d\u2019\u0153uvres dites \u00ab\u00a0pour enfants\u00a0\u00bb. L&rsquo;univers enfantin n&rsquo;est pas tout rose, il est fait de grands bonheurs, mais aussi de grandes peines, de grosses col\u00e8res, de grands drames. Enfant on vit les choses pleinement. Quand on joue on est totalement pris par le jeu, sans penser qu&rsquo;on est en train de jouer. Les adultes ont tendance \u00e0 oublier ce qu&rsquo;\u00e9tait l&rsquo;enfance, ce n&rsquo;est pas Disneyland.\u00a0\u00bb<\/em><br><a href=\"\/\/festivalfilmeduc.net\/wp-content\/uploads\/2019\/01\/Compilation_films_d_animation_Vol-1__10Mo-2.pdf\" target=\"_blank\" rel=\"noopener\">Interview<\/a>\u00a0de Pierre-Luc Granjon<\/p>\n\n\n\n<p><strong>Projection-conf\u00e9rence :<\/strong><br><em>Pierre et le loup,\u00a0<\/em>Suzie Templeton, 2009<br>Cin\u00e9ma\u00a0<em>Jean Vigo<\/em>\u00a0de Gennevilliers<br>Samedi\u00a03 octobre 2020<br>Cin\u00e9ma\u00a0<em>Le Rex<\/em>\u00a0de Ch\u00e2tenay-Malabry<br>Samedi\u00a010 octobre 2020<br>Co-animation avec Marc Laugenie (Conseiller p\u00e9dagogique en musique)<\/p>\n\n\n\n<p>\u00c0 t\u00e9l\u00e9charger :\u00a0<a href=\"https:\/\/lafilledecorinthe.com\/wordpress\/wp-content\/uploads\/2020\/09\/Pour-aller-plus-loin-...-.pdf\">Pour aller plus loin &#8230;<\/a>,\u00a0<a href=\"https:\/\/lafilledecorinthe.com\/wordpress\/wp-content\/uploads\/2020\/09\/Le-ge\u0301ne\u0301rique-d\u2019ouverture-.pdf\">Le ge\u0301ne\u0301rique d\u2019ouverture<\/a>,\u00a0<a href=\"https:\/\/lafilledecorinthe.com\/wordpress\/wp-content\/uploads\/2020\/09\/Jeu-de-regard-.pdf\">Jeu de regard<\/a>,\u00a0<a href=\"https:\/\/lafilledecorinthe.com\/wordpress\/wp-content\/uploads\/2020\/09\/Face-a\u0300-face-.pdf\">Face a\u0300 face<\/a>,\u00a0<a href=\"https:\/\/lafilledecorinthe.com\/wordpress\/wp-content\/uploads\/2020\/09\/Angles-de-vue-.pdf\">Angles de vue<\/a>,\u00a0<a href=\"https:\/\/lafilledecorinthe.com\/wordpress\/wp-content\/uploads\/2020\/09\/Champ-contrechamp-.pdf\">Champ-contrechamp<\/a>,\u00a0<a href=\"https:\/\/lafilledecorinthe.com\/wordpress\/wp-content\/uploads\/2020\/09\/Le-corps-de-Pierre.pdf\">Le corps de Pierre<\/a><br>Et aussi :\u00a0<a href=\"https:\/\/lafilledecorinthe.com\/wordpress\/wp-content\/uploads\/2020\/09\/Pierre-et-le-loup-texte-de-Prokofiev.pdf\">Pierre et le loup, texte de Prokofiev<\/a>,\u00a0<a href=\"https:\/\/lafilledecorinthe.com\/wordpress\/wp-content\/uploads\/2020\/09\/Le-de\u0301pliage-doeuvres.pdf\">Le de\u0301pliage d&rsquo;oeuvres<\/a><\/p>\n\n\n\n<p>En 1957, pour l&rsquo;un de ses programmes t\u00e9l\u00e9vis\u00e9s, Walt Disney a racont\u00e9 la visite de Prokofiev \u00e0 Hollywood en 1938. Le pianiste Ingolf Dahl joue le r\u00f4le de&nbsp;Prokofiev.<\/p>\n\n\n\n<figure class=\"wp-block-embed is-type-video is-provider-youtube wp-block-embed-youtube wp-embed-aspect-4-3 wp-has-aspect-ratio\"><div class=\"wp-block-embed__wrapper\">\n<iframe loading=\"lazy\" title=\"PROKOFIEV &amp; WALT DISNEY-Peter and the Wolf-Animation-Piano\" width=\"720\" height=\"540\" src=\"https:\/\/www.youtube.com\/embed\/QaHc01uwGXg?start=18&#038;feature=oembed\" frameborder=\"0\" allow=\"accelerometer; autoplay; clipboard-write; encrypted-media; gyroscope; picture-in-picture; web-share\" referrerpolicy=\"strict-origin-when-cross-origin\" allowfullscreen><\/iframe>\n<\/div><\/figure>\n\n\n\n<p>Pr\u00e9sentation du \u00ab\u00a0Loup blanc\u00a0\u00bb par Pierre-Luc Granjon.<\/p>\n\n\n<div class=\"wp-block-image\">\n<figure class=\"aligncenter\"><a href=\"https:\/\/lafilledecorinthe.com\/wordpress\/wp-content\/uploads\/2020\/09\/pre\u0301sentationLB.jpg\"><img loading=\"lazy\" decoding=\"async\" width=\"787\" height=\"833\" src=\"https:\/\/lafilledecorinthe.com\/wordpress\/wp-content\/uploads\/2020\/09\/pre\u0301sentationLB.jpg\" alt=\"pre\u0301sentationLB\" class=\"wp-image-10774\" srcset=\"https:\/\/lafilledecorinthe.com\/wordpress\/wp-content\/uploads\/2020\/09\/pre\u0301sentationLB.jpg 787w, https:\/\/lafilledecorinthe.com\/wordpress\/wp-content\/uploads\/2020\/09\/pre\u0301sentationLB-642x680.jpg 642w, https:\/\/lafilledecorinthe.com\/wordpress\/wp-content\/uploads\/2020\/09\/pre\u0301sentationLB-283x300.jpg 283w\" sizes=\"auto, (max-width: 787px) 100vw, 787px\" \/><\/a><\/figure>\n<\/div>\n\n\n<p>\u00c0 t\u00e9l\u00e9charger :&nbsp;<a href=\"https:\/\/lafilledecorinthe.com\/wordpress\/wp-content\/uploads\/2020\/09\/D\u2019un-film-a\u0300-lautre-.pdf\">D\u2019un film a\u0300 l&rsquo;autre<\/a><\/p>\n","protected":false},"excerpt":{"rendered":"<p>\u00ab\u00a0Si cela n&rsquo;avait tenu qu&rsquo;\u00e0 moi, je n&rsquo;aurais pas choisi ce sujet. C&rsquo;\u00e9tait terrifiant de reprendre une \u0153uvre aussi connue et aussi appr\u00e9ci\u00e9e. J&rsquo;aurais pr\u00e9f\u00e9r\u00e9 \u00e9crire quelque chose d&rsquo;enti\u00e8rement nouveau. Mais dans le m\u00eame temps, je voulais vraiment le faire. Enfant, j&rsquo;adorais cette \u0153uvre. Au moment o\u00f9 j&rsquo;ai \u00e9t\u00e9 approch\u00e9e, je ne savais pas qu&rsquo;elle&#8230;<\/p>\n","protected":false},"author":2,"featured_media":10760,"comment_status":"open","ping_status":"open","sticky":false,"template":"","format":"standard","meta":{"_kad_post_transparent":"","_kad_post_title":"","_kad_post_layout":"","_kad_post_sidebar_id":"","_kad_post_content_style":"","_kad_post_vertical_padding":"","_kad_post_feature":"","_kad_post_feature_position":"","_kad_post_header":false,"_kad_post_footer":false,"_kad_post_classname":"","footnotes":""},"categories":[8],"tags":[373,1173,2020,227,2022,2021,1877],"class_list":["post-10745","post","type-post","status-publish","format-standard","has-post-thumbnail","hentry","category-formations-adultes","tag-ecole-et-cinema-92","tag-le-loup-blanc","tag-pierre-et-le-loup","tag-pierre-luc-granjon","tag-prokofiev","tag-suzie-templeton","tag-walt-disney"],"_links":{"self":[{"href":"https:\/\/lafilledecorinthe.com\/wordpress\/wp-json\/wp\/v2\/posts\/10745","targetHints":{"allow":["GET"]}}],"collection":[{"href":"https:\/\/lafilledecorinthe.com\/wordpress\/wp-json\/wp\/v2\/posts"}],"about":[{"href":"https:\/\/lafilledecorinthe.com\/wordpress\/wp-json\/wp\/v2\/types\/post"}],"author":[{"embeddable":true,"href":"https:\/\/lafilledecorinthe.com\/wordpress\/wp-json\/wp\/v2\/users\/2"}],"replies":[{"embeddable":true,"href":"https:\/\/lafilledecorinthe.com\/wordpress\/wp-json\/wp\/v2\/comments?post=10745"}],"version-history":[{"count":21,"href":"https:\/\/lafilledecorinthe.com\/wordpress\/wp-json\/wp\/v2\/posts\/10745\/revisions"}],"predecessor-version":[{"id":14646,"href":"https:\/\/lafilledecorinthe.com\/wordpress\/wp-json\/wp\/v2\/posts\/10745\/revisions\/14646"}],"wp:featuredmedia":[{"embeddable":true,"href":"https:\/\/lafilledecorinthe.com\/wordpress\/wp-json\/wp\/v2\/media\/10760"}],"wp:attachment":[{"href":"https:\/\/lafilledecorinthe.com\/wordpress\/wp-json\/wp\/v2\/media?parent=10745"}],"wp:term":[{"taxonomy":"category","embeddable":true,"href":"https:\/\/lafilledecorinthe.com\/wordpress\/wp-json\/wp\/v2\/categories?post=10745"},{"taxonomy":"post_tag","embeddable":true,"href":"https:\/\/lafilledecorinthe.com\/wordpress\/wp-json\/wp\/v2\/tags?post=10745"}],"curies":[{"name":"wp","href":"https:\/\/api.w.org\/{rel}","templated":true}]}}