{"id":10657,"date":"2020-09-09T09:24:39","date_gmt":"2020-09-09T08:24:39","guid":{"rendered":"http:\/\/lafilledecorinthe.com\/wordpress\/?p=10657"},"modified":"2025-11-29T13:05:51","modified_gmt":"2025-11-29T12:05:51","slug":"the-future-is-now-nam-june-paik-au-stedelijk-damsterdam","status":"publish","type":"post","link":"https:\/\/lafilledecorinthe.com\/wordpress\/2020\/09\/the-future-is-now-nam-june-paik-au-stedelijk-damsterdam\/","title":{"rendered":"\u00ab\u00a0The future is now\u00a0\u00bb Nam June Paik au Stedelijk d&rsquo;Amsterdam"},"content":{"rendered":"\n<p>L&rsquo;exposition consacr\u00e9e \u00e0 l&rsquo;artiste cor\u00e9en Nam June Paik s&rsquo;ouvre sur son embl\u00e9matique\u00a0<em>TV-Buddha\u00a0<\/em>r\u00e9alis\u00e9 en 1972. Si\u00a0cette installation est\u00a0repr\u00e9sent\u00e9e dans toutes les publications\u00a0qui parlent de\u00a0l&rsquo;art vid\u00e9o, j&rsquo;ai tout\u00a0\u00e0 d\u00e9couvrir du parcours de l&rsquo;artiste qui l&rsquo;a r\u00e9alis\u00e9e.\u00a0L&rsquo;exposition du\u00a0Stedelijk offre un aper\u00e7u\u00a0complet\u00a0de sa carri\u00e8re artistique. Elle est prolong\u00e9e jusqu&rsquo;au 4 octobre.<br>Avant de vous\u00a0montrer quelques oeuvres qui m&rsquo;ont marqu\u00e9e dans cette exposition foisonnante,\u00a0une petite vid\u00e9o qui donne la parole \u00e0 l&rsquo;artiste ! Interview de\u00a0Nam June Paik par Thierry Ardisson en 1989.<\/p>\n\n\n\n<figure class=\"wp-block-embed is-type-video is-provider-youtube wp-block-embed-youtube wp-embed-aspect-4-3 wp-has-aspect-ratio\"><div class=\"wp-block-embed__wrapper\">\n<iframe loading=\"lazy\" title=\"Nam June Paik\" width=\"720\" height=\"540\" src=\"https:\/\/www.youtube.com\/embed\/tV6KwvMM27w?feature=oembed\" frameborder=\"0\" allow=\"accelerometer; autoplay; clipboard-write; encrypted-media; gyroscope; picture-in-picture; web-share\" referrerpolicy=\"strict-origin-when-cross-origin\" allowfullscreen><\/iframe>\n<\/div><\/figure>\n\n\n\n<p><em>TV-Buddha<\/em>&nbsp;fascine par sa simplicit\u00e9, nous&nbsp;sommes t\u00e9moin d&rsquo;un face \u00e0 face silencieux entre un bouddha en bois et&nbsp;son image capt\u00e9e par une cam\u00e9ra et retranscrite sur un \u00e9cran. Je ne peux m&#8217;emp\u00eacher de penser au jeu enfantin <em>\u00ab\u00a0Je te tiens, tu me tiens par la barbichette, le premier qui rira aura une tapette\u00a0\u00bb<\/em>, un jeu qui se poursuivrait ici \u00e0 l&rsquo;infini&#8230; Le pass\u00e9 et le pr\u00e9sent encha\u00een\u00e9s pour la vie \u00e9ternelle.<\/p>\n\n\n<div class=\"wp-block-image\">\n<figure class=\"aligncenter\"><a href=\"https:\/\/lafilledecorinthe.com\/wordpress\/wp-content\/uploads\/2020\/09\/2-e1599548364325.jpeg\"><img loading=\"lazy\" decoding=\"async\" width=\"450\" height=\"333\" src=\"https:\/\/lafilledecorinthe.com\/wordpress\/wp-content\/uploads\/2020\/09\/2-e1599548364325.jpeg\" alt=\"2\" class=\"wp-image-10671\"\/><\/a><figcaption class=\"wp-element-caption\">TV- Bouddha, Nam June Paik, 1974<\/figcaption><\/figure>\n<\/div>\n\n\n<p>Le bouddhisme zen&nbsp;irrigue d&rsquo;autres oeuvres dont les deux hypnotiques&nbsp; \u00ab\u00a0One Candle\u00a0\u00bb. Le bruit et le foisonnement d&rsquo;images&nbsp;laissent&nbsp;la place au silence et \u00e0 une flamme vacillante.<\/p>\n\n\n<div class=\"wp-block-image\">\n<figure class=\"aligncenter\"><a href=\"https:\/\/lafilledecorinthe.com\/wordpress\/wp-content\/uploads\/2020\/09\/3.jpeg\"><img loading=\"lazy\" decoding=\"async\" width=\"4368\" height=\"3718\" src=\"https:\/\/lafilledecorinthe.com\/wordpress\/wp-content\/uploads\/2020\/09\/3.jpeg\" alt=\"3\" class=\"wp-image-10675\" srcset=\"https:\/\/lafilledecorinthe.com\/wordpress\/wp-content\/uploads\/2020\/09\/3.jpeg 4368w, https:\/\/lafilledecorinthe.com\/wordpress\/wp-content\/uploads\/2020\/09\/3-680x579.jpeg 680w, https:\/\/lafilledecorinthe.com\/wordpress\/wp-content\/uploads\/2020\/09\/3-1280x1090.jpeg 1280w, https:\/\/lafilledecorinthe.com\/wordpress\/wp-content\/uploads\/2020\/09\/3-352x300.jpeg 352w\" sizes=\"auto, (max-width: 4368px) 100vw, 4368px\" \/><\/a><figcaption class=\"wp-element-caption\">One Candle \/ Candle TV, Nam June Paik, 2004<\/figcaption><\/figure>\n<\/div>\n\n<div class=\"wp-block-image\">\n<figure class=\"aligncenter\"><a href=\"https:\/\/lafilledecorinthe.com\/wordpress\/wp-content\/uploads\/2020\/09\/4.jpg\"><img loading=\"lazy\" decoding=\"async\" width=\"6000\" height=\"4000\" src=\"https:\/\/lafilledecorinthe.com\/wordpress\/wp-content\/uploads\/2020\/09\/4.jpg\" alt=\"4\" class=\"wp-image-10676\" srcset=\"https:\/\/lafilledecorinthe.com\/wordpress\/wp-content\/uploads\/2020\/09\/4.jpg 6000w, https:\/\/lafilledecorinthe.com\/wordpress\/wp-content\/uploads\/2020\/09\/4-680x453.jpg 680w, https:\/\/lafilledecorinthe.com\/wordpress\/wp-content\/uploads\/2020\/09\/4-1280x853.jpg 1280w, https:\/\/lafilledecorinthe.com\/wordpress\/wp-content\/uploads\/2020\/09\/4-450x300.jpg 450w\" sizes=\"auto, (max-width: 6000px) 100vw, 6000px\" \/><\/a><figcaption class=\"wp-element-caption\">One Candle (Candle projection), Nam June Paik, 1989 vue partielle de l&rsquo;installation au Stedelijk, 2020<\/figcaption><\/figure>\n<\/div>\n\n<div class=\"wp-block-image\">\n<figure class=\"aligncenter\"><a href=\"https:\/\/lafilledecorinthe.com\/wordpress\/wp-content\/uploads\/2020\/09\/5.jpg\"><img loading=\"lazy\" decoding=\"async\" width=\"6000\" height=\"4000\" src=\"https:\/\/lafilledecorinthe.com\/wordpress\/wp-content\/uploads\/2020\/09\/5.jpg\" alt=\"5\" class=\"wp-image-10677\" srcset=\"https:\/\/lafilledecorinthe.com\/wordpress\/wp-content\/uploads\/2020\/09\/5.jpg 6000w, https:\/\/lafilledecorinthe.com\/wordpress\/wp-content\/uploads\/2020\/09\/5-680x453.jpg 680w, https:\/\/lafilledecorinthe.com\/wordpress\/wp-content\/uploads\/2020\/09\/5-1280x853.jpg 1280w, https:\/\/lafilledecorinthe.com\/wordpress\/wp-content\/uploads\/2020\/09\/5-450x300.jpg 450w\" sizes=\"auto, (max-width: 6000px) 100vw, 6000px\" \/><\/a><figcaption class=\"wp-element-caption\">One Candle (Candle projection), Nam June Paik, 1989 vue partielle de l&rsquo;installation au Stedelijk, 2020<\/figcaption><\/figure>\n<\/div>\n\n\n<p>Des photographies de Klaus Barisch t\u00e9moignent des premi\u00e8res performances de l&rsquo;artiste r\u00e9alis\u00e9es lors de son s\u00e9jour en Allemagne au d\u00e9but des ann\u00e9es 60. Par exemple des photos prises&nbsp;apr\u00e8s son <em>\u00e9tude pour Piano Forte<\/em>&nbsp;jou\u00e9e dans le studio de l&rsquo;artiste Mary Bauermeister montrent sa complicit\u00e9 avec le compositeur&nbsp;d&rsquo;avant-garde John Cage et leur int\u00e9r\u00eat partag\u00e9 pour les \u00ab\u00a0oeuvres ouvertes\u00a0\u00bb et l&rsquo;humour.<\/p>\n\n\n<div class=\"wp-block-image\">\n<figure class=\"aligncenter\"><a href=\"https:\/\/lafilledecorinthe.com\/wordpress\/wp-content\/uploads\/2020\/09\/IMG_5559.jpeg\"><img loading=\"lazy\" decoding=\"async\" width=\"5114\" height=\"3236\" src=\"https:\/\/lafilledecorinthe.com\/wordpress\/wp-content\/uploads\/2020\/09\/IMG_5559.jpeg\" alt=\"IMG_5559\" class=\"wp-image-10680\" srcset=\"https:\/\/lafilledecorinthe.com\/wordpress\/wp-content\/uploads\/2020\/09\/IMG_5559.jpeg 5114w, https:\/\/lafilledecorinthe.com\/wordpress\/wp-content\/uploads\/2020\/09\/IMG_5559-680x430.jpeg 680w, https:\/\/lafilledecorinthe.com\/wordpress\/wp-content\/uploads\/2020\/09\/IMG_5559-1280x810.jpeg 1280w, https:\/\/lafilledecorinthe.com\/wordpress\/wp-content\/uploads\/2020\/09\/IMG_5559-474x300.jpeg 474w\" sizes=\"auto, (max-width: 5114px) 100vw, 5114px\" \/><\/a><figcaption class=\"wp-element-caption\">Nam June Paik, John Cage, David Tudor, studio de Mary Bauermeister, 1960 \u00a9Klaus Barisch<\/figcaption><\/figure>\n<\/div>\n\n\n<p>Si vous voulez savoir ce qui est arriv\u00e9 \u00e0 la cravate et aux cheveux de John Cage c&rsquo;est <a href=\"http:\/\/www.medienkunstnetz.de\/works\/etude-for-piano\/\" target=\"_blank\" rel=\"noopener\">ici<\/a>.<\/p>\n\n\n\n<p>Pr\u00e9curseur et innovant dans l&rsquo;utilisation d&rsquo;objets technologiques, certaines de ses oeuvres prolongent une r\u00e9flexion ancienne sur la nature des objets et leurs repr\u00e9sentations.&nbsp;C&rsquo;est le cas de&nbsp;<em>Three eggs <\/em>qui s&rsquo;inscrit dans une&nbsp;probl\u00e9matique f\u00e9conde de l&rsquo;histoire de l&rsquo;art.<\/p>\n\n\n<div class=\"wp-block-image\">\n<figure class=\"aligncenter\"><a href=\"https:\/\/lafilledecorinthe.com\/wordpress\/wp-content\/uploads\/2020\/09\/IMG_5589-2.jpg\"><img loading=\"lazy\" decoding=\"async\" width=\"6000\" height=\"4000\" src=\"https:\/\/lafilledecorinthe.com\/wordpress\/wp-content\/uploads\/2020\/09\/IMG_5589-2.jpg\" alt=\"IMG_5589 2\" class=\"wp-image-10684\" srcset=\"https:\/\/lafilledecorinthe.com\/wordpress\/wp-content\/uploads\/2020\/09\/IMG_5589-2.jpg 6000w, https:\/\/lafilledecorinthe.com\/wordpress\/wp-content\/uploads\/2020\/09\/IMG_5589-2-680x453.jpg 680w, https:\/\/lafilledecorinthe.com\/wordpress\/wp-content\/uploads\/2020\/09\/IMG_5589-2-1280x853.jpg 1280w, https:\/\/lafilledecorinthe.com\/wordpress\/wp-content\/uploads\/2020\/09\/IMG_5589-2-450x300.jpg 450w\" sizes=\"auto, (max-width: 6000px) 100vw, 6000px\" \/><\/a><figcaption class=\"wp-element-caption\">Three eggs (1975-1982), Name June Paik<\/figcaption><\/figure>\n<\/div>\n\n\n<p>\u00ab\u00a0\u00c7a me fait penser \u00e0 &#8230; Retour vers le pass\u00e9 \u00ab\u00a0<\/p>\n\n\n<div class=\"wp-block-image\">\n<figure class=\"aligncenter\"><a href=\"https:\/\/lafilledecorinthe.com\/wordpress\/wp-content\/uploads\/2020\/09\/J-Kosuth.jpg\"><img loading=\"lazy\" decoding=\"async\" width=\"1911\" height=\"1440\" src=\"https:\/\/lafilledecorinthe.com\/wordpress\/wp-content\/uploads\/2020\/09\/J-Kosuth.jpg\" alt=\"J Kosuth\" class=\"wp-image-10685\" srcset=\"https:\/\/lafilledecorinthe.com\/wordpress\/wp-content\/uploads\/2020\/09\/J-Kosuth.jpg 1911w, https:\/\/lafilledecorinthe.com\/wordpress\/wp-content\/uploads\/2020\/09\/J-Kosuth-680x512.jpg 680w, https:\/\/lafilledecorinthe.com\/wordpress\/wp-content\/uploads\/2020\/09\/J-Kosuth-1280x965.jpg 1280w, https:\/\/lafilledecorinthe.com\/wordpress\/wp-content\/uploads\/2020\/09\/J-Kosuth-398x300.jpg 398w\" sizes=\"auto, (max-width: 1911px) 100vw, 1911px\" \/><\/a><figcaption class=\"wp-element-caption\">Une et trois chaises, Joseph Kosuth, 1965<\/figcaption><\/figure>\n<\/div>\n\n<div class=\"wp-block-image\">\n<figure class=\"aligncenter\"><a href=\"https:\/\/lafilledecorinthe.com\/wordpress\/wp-content\/uploads\/2020\/09\/magritte_trahison.jpg\"><img loading=\"lazy\" decoding=\"async\" width=\"1000\" height=\"714\" src=\"https:\/\/lafilledecorinthe.com\/wordpress\/wp-content\/uploads\/2020\/09\/magritte_trahison.jpg\" alt=\"magritte_trahison\" class=\"wp-image-10686\" srcset=\"https:\/\/lafilledecorinthe.com\/wordpress\/wp-content\/uploads\/2020\/09\/magritte_trahison.jpg 1000w, https:\/\/lafilledecorinthe.com\/wordpress\/wp-content\/uploads\/2020\/09\/magritte_trahison-680x486.jpg 680w, https:\/\/lafilledecorinthe.com\/wordpress\/wp-content\/uploads\/2020\/09\/magritte_trahison-420x300.jpg 420w\" sizes=\"auto, (max-width: 1000px) 100vw, 1000px\" \/><\/a><figcaption class=\"wp-element-caption\">La trahison des images, Ren\u00e9 Magritte, 1928-1929<\/figcaption><\/figure>\n<\/div>\n\n\n<p>Et&nbsp;aussi&nbsp;au \u00ab\u00a0duel\u00a0\u00bb entre les peintres grecs&nbsp;Parrhasius et Zeuxis racont\u00e9 par Pline l&rsquo;ancien dans son <em>Histoire Naturelle<\/em>.&nbsp;<i>\u00ab\u00a0[Zeuxis] eut pour contemporains et pour \u00e9mules Timanth\u00e8s, Androcyde, Eupompe, Parrhasius. Ce dernier, dit-on, offrit le combat \u00e0 Zeuxis. Celui-ci apporta des raisins peints avec tant de v\u00e9rit\u00e9, que des oiseaux vinrent les becqueter; l\u2019autre apporta un rideau si naturellement repr\u00e9sent\u00e9, que Zeuxis, tout fier de la sentence des oiseaux, demande qu\u2019on tir\u00e2t enfin le rideau pour faire voir le tableau. Alors, reconnaissant son illusion, il s\u2019avoua vaincu avec une franchise modeste, attendu que lui n\u2019avait tromp\u00e9 que des oiseaux, mais que Parrhasius avait tromp\u00e9 un artiste, qui \u00e9tait Zeuxis.\u00a0\u00bb<\/i><\/p>\n\n\n\n<p>Une oeuvre interactive&nbsp;qui invite le spectateur&nbsp;\u00e0&nbsp;prendre la place de la&nbsp;bougie ?<\/p>\n\n\n<div class=\"wp-block-image\">\n<figure class=\"aligncenter\"><a href=\"https:\/\/lafilledecorinthe.com\/wordpress\/wp-content\/uploads\/2020\/09\/IMG_5579.jpeg\"><img loading=\"lazy\" decoding=\"async\" width=\"4887\" height=\"3602\" src=\"https:\/\/lafilledecorinthe.com\/wordpress\/wp-content\/uploads\/2020\/09\/IMG_5579.jpeg\" alt=\"IMG_5579\" class=\"wp-image-10687\" srcset=\"https:\/\/lafilledecorinthe.com\/wordpress\/wp-content\/uploads\/2020\/09\/IMG_5579.jpeg 4887w, https:\/\/lafilledecorinthe.com\/wordpress\/wp-content\/uploads\/2020\/09\/IMG_5579-680x501.jpeg 680w, https:\/\/lafilledecorinthe.com\/wordpress\/wp-content\/uploads\/2020\/09\/IMG_5579-1280x943.jpeg 1280w, https:\/\/lafilledecorinthe.com\/wordpress\/wp-content\/uploads\/2020\/09\/IMG_5579-407x300.jpeg 407w\" sizes=\"auto, (max-width: 4887px) 100vw, 4887px\" \/><\/a><figcaption class=\"wp-element-caption\">Three Camera Participation \/ Participation TV, Nam June Paik, 1969-2001<\/figcaption><\/figure>\n<\/div>\n\n\n<p>Sa famille de robots.<\/p>\n\n\n<div class=\"wp-block-image\">\n<figure class=\"aligncenter\"><a href=\"https:\/\/lafilledecorinthe.com\/wordpress\/wp-content\/uploads\/2020\/09\/IMG_5585.jpg\"><img loading=\"lazy\" decoding=\"async\" width=\"6000\" height=\"4000\" src=\"https:\/\/lafilledecorinthe.com\/wordpress\/wp-content\/uploads\/2020\/09\/IMG_5585.jpg\" alt=\"IMG_5585\" class=\"wp-image-10703\" srcset=\"https:\/\/lafilledecorinthe.com\/wordpress\/wp-content\/uploads\/2020\/09\/IMG_5585.jpg 6000w, https:\/\/lafilledecorinthe.com\/wordpress\/wp-content\/uploads\/2020\/09\/IMG_5585-680x453.jpg 680w, https:\/\/lafilledecorinthe.com\/wordpress\/wp-content\/uploads\/2020\/09\/IMG_5585-1280x853.jpg 1280w, https:\/\/lafilledecorinthe.com\/wordpress\/wp-content\/uploads\/2020\/09\/IMG_5585-450x300.jpg 450w\" sizes=\"auto, (max-width: 6000px) 100vw, 6000px\" \/><\/a><\/figure>\n<\/div>\n\n\n<p><\/p>\n\n\n\n<p>Lors d&rsquo;un interview avec un journaliste de <a href=\"https:\/\/next.liberation.fr\/culture\/1995\/08\/30\/a-quoi-servent-les-cyber-totems-de-nam-june-paik_140457\" target=\"_blank\" rel=\"noopener\">Lib\u00e9ration<\/a> qui lui demandait pourquoi il avait choisi la figure du robot, Nam June Paik r\u00e9pondait :&nbsp;<em>Tout simplement parce qu&rsquo;il est beaucoup plus facile de r\u00e9aliser un robot qu&rsquo;une sculpture humaine. Rodin a mis un an \u00e0 sculpter son Balzac; moi, je peux faire un robot par mois. Je suis donc plus rapide, plus vif que Rodin (rires), et d&rsquo;ailleurs je suis pour l&rsquo;automation ! Certes, je ne suis pas Rodin, mais j&rsquo;ai quand m\u00eame fait un Jean-Jacques Rousseau, un Marat, un Voltaire, un Diderot&#8230; que beaucoup de gens ont ador\u00e9. Je suis incapable de dessiner la figure humaine, sans doute parce que c&rsquo;est une question trop complexe. Je peux dessiner un poulet, un chien, une voiture, mais pas un corps humain. Le totem est une vieille superstition et le robot est une cr\u00e9ation moderne, cybern\u00e9tique. Mais en fait, cyber-totem = robot. Le robot est notre totem cybern\u00e9tique, une cybervaccination du monde moderne.<\/em><\/p>\n\n\n\n<p>Et enfin sa \u00ab\u00a0chapelle Sixtine\u00a0\u00bb, trop vite vue !&nbsp;L&rsquo;heure de la fermeture du mus\u00e9e a pr\u00e9cipit\u00e9 l&rsquo;exploration des derni\u00e8res pi\u00e8ces.<\/p>\n\n\n<div class=\"wp-block-image\">\n<figure class=\"aligncenter\"><a href=\"https:\/\/lafilledecorinthe.com\/wordpress\/wp-content\/uploads\/2020\/09\/IMG_5592.jpg\"><img loading=\"lazy\" decoding=\"async\" width=\"6000\" height=\"4000\" src=\"https:\/\/lafilledecorinthe.com\/wordpress\/wp-content\/uploads\/2020\/09\/IMG_5592.jpg\" alt=\"IMG_5592\" class=\"wp-image-10704\" srcset=\"https:\/\/lafilledecorinthe.com\/wordpress\/wp-content\/uploads\/2020\/09\/IMG_5592.jpg 6000w, https:\/\/lafilledecorinthe.com\/wordpress\/wp-content\/uploads\/2020\/09\/IMG_5592-680x453.jpg 680w, https:\/\/lafilledecorinthe.com\/wordpress\/wp-content\/uploads\/2020\/09\/IMG_5592-1280x853.jpg 1280w, https:\/\/lafilledecorinthe.com\/wordpress\/wp-content\/uploads\/2020\/09\/IMG_5592-450x300.jpg 450w\" sizes=\"auto, (max-width: 6000px) 100vw, 6000px\" \/><\/a><\/figure>\n<\/div>\n\n\n<p><\/p>\n","protected":false},"excerpt":{"rendered":"<p>L&rsquo;exposition consacr\u00e9e \u00e0 l&rsquo;artiste cor\u00e9en Nam June Paik s&rsquo;ouvre sur son embl\u00e9matique\u00a0TV-Buddha\u00a0r\u00e9alis\u00e9 en 1972. Si\u00a0cette installation est\u00a0repr\u00e9sent\u00e9e dans toutes les publications\u00a0qui parlent de\u00a0l&rsquo;art vid\u00e9o, j&rsquo;ai tout\u00a0\u00e0 d\u00e9couvrir du parcours de l&rsquo;artiste qui l&rsquo;a r\u00e9alis\u00e9e.\u00a0L&rsquo;exposition du\u00a0Stedelijk offre un aper\u00e7u\u00a0complet\u00a0de sa carri\u00e8re artistique. Elle est prolong\u00e9e jusqu&rsquo;au 4 octobre.Avant de vous\u00a0montrer quelques oeuvres qui m&rsquo;ont marqu\u00e9e dans&#8230;<\/p>\n","protected":false},"author":2,"featured_media":10667,"comment_status":"open","ping_status":"open","sticky":false,"template":"","format":"standard","meta":{"_kad_post_transparent":"","_kad_post_title":"","_kad_post_layout":"","_kad_post_sidebar_id":"","_kad_post_content_style":"","_kad_post_vertical_padding":"","_kad_post_feature":"","_kad_post_feature_position":"","_kad_post_header":false,"_kad_post_footer":false,"_kad_post_classname":"","footnotes":""},"categories":[6,13],"tags":[2004,343,2008,2010,2011,2005,2009,2013,2006,2012,2007],"class_list":["post-10657","post","type-post","status-publish","format-standard","has-post-thumbnail","hentry","category-blog","category-sorties-culturelles","tag-the-future-is-now","tag-amsterdam","tag-art-video","tag-etude-pour-piano-forte","tag-john-cage","tag-nam-june-paik","tag-one-candle","tag-robot","tag-stedelijk","tag-three-eggs","tag-tv-buddha"],"_links":{"self":[{"href":"https:\/\/lafilledecorinthe.com\/wordpress\/wp-json\/wp\/v2\/posts\/10657","targetHints":{"allow":["GET"]}}],"collection":[{"href":"https:\/\/lafilledecorinthe.com\/wordpress\/wp-json\/wp\/v2\/posts"}],"about":[{"href":"https:\/\/lafilledecorinthe.com\/wordpress\/wp-json\/wp\/v2\/types\/post"}],"author":[{"embeddable":true,"href":"https:\/\/lafilledecorinthe.com\/wordpress\/wp-json\/wp\/v2\/users\/2"}],"replies":[{"embeddable":true,"href":"https:\/\/lafilledecorinthe.com\/wordpress\/wp-json\/wp\/v2\/comments?post=10657"}],"version-history":[{"count":52,"href":"https:\/\/lafilledecorinthe.com\/wordpress\/wp-json\/wp\/v2\/posts\/10657\/revisions"}],"predecessor-version":[{"id":14293,"href":"https:\/\/lafilledecorinthe.com\/wordpress\/wp-json\/wp\/v2\/posts\/10657\/revisions\/14293"}],"wp:featuredmedia":[{"embeddable":true,"href":"https:\/\/lafilledecorinthe.com\/wordpress\/wp-json\/wp\/v2\/media\/10667"}],"wp:attachment":[{"href":"https:\/\/lafilledecorinthe.com\/wordpress\/wp-json\/wp\/v2\/media?parent=10657"}],"wp:term":[{"taxonomy":"category","embeddable":true,"href":"https:\/\/lafilledecorinthe.com\/wordpress\/wp-json\/wp\/v2\/categories?post=10657"},{"taxonomy":"post_tag","embeddable":true,"href":"https:\/\/lafilledecorinthe.com\/wordpress\/wp-json\/wp\/v2\/tags?post=10657"}],"curies":[{"name":"wp","href":"https:\/\/api.w.org\/{rel}","templated":true}]}}