{"id":10648,"date":"2020-11-20T11:16:21","date_gmt":"2020-11-20T10:16:21","guid":{"rendered":"http:\/\/lafilledecorinthe.com\/wordpress\/?p=10648"},"modified":"2025-12-04T20:58:55","modified_gmt":"2025-12-04T19:58:55","slug":"ecole-et-cinema-maternelle-dans-le-val-doise","status":"publish","type":"post","link":"https:\/\/lafilledecorinthe.com\/wordpress\/2020\/11\/ecole-et-cinema-maternelle-dans-le-val-doise\/","title":{"rendered":"\u00ab\u00a0Ecole et Cin\u00e9ma-maternelle\u00a0\u00bb dans le Val d&rsquo;Oise"},"content":{"rendered":"\n<p><\/p>\n\n\n\n<p><em>&nbsp;\u00ab\u00a0Le voyage est comme une esp\u00e8ce de porte par o\u00f9 l&rsquo;on sort de la r\u00e9alit\u00e9 connue pour p\u00e9n\u00e9trer dans une r\u00e9alit\u00e9 inexplor\u00e9e qui semble un r\u00eave.\u00a0\u00bb<\/em>&nbsp; &nbsp; &nbsp; &nbsp; &nbsp; &nbsp; &nbsp; &nbsp; &nbsp; &nbsp; &nbsp; &nbsp; &nbsp; &nbsp; &nbsp; &nbsp; &nbsp; &nbsp; &nbsp; &nbsp; &nbsp; &nbsp; &nbsp; &nbsp; &nbsp; &nbsp; &nbsp; &nbsp; &nbsp; &nbsp; &nbsp; &nbsp; &nbsp; &nbsp; &nbsp; &nbsp; &nbsp; &nbsp; &nbsp; &nbsp; &nbsp; &nbsp; &nbsp; &nbsp; &nbsp; &nbsp; &nbsp; &nbsp; &nbsp; &nbsp; &nbsp; &nbsp; &nbsp; &nbsp; &nbsp; &nbsp;&nbsp;<em>Au soleil, <\/em>Guy de Maupassant, 1884<\/p>\n\n\n\n<p>Apr\u00e8s le programme original<em>&nbsp;<a href=\"https:\/\/lafilledecorinthe.com\/wordpress\/wp-content\/uploads\/2020\/10\/Vert-la-nature-.pdf\">Vert la nature !<\/a><\/em>&nbsp;imagin\u00e9 pour les 20 ans du <a href=\"http:\/\/www.ecransvo.fr\/festival\/23\/20eme-festival-du-cinema-d-animation-du-val-d-oise-image-par-image\" target=\"_blank\" rel=\"noopener\">festival <em>\u00ab\u00a0Image par Image<\/em><\/a><em>,<\/em> les \u00e9l\u00e8ves des classes inscrites dans le dispositif <em>Ecole et cin\u00e9ma-maternelle<\/em> vont d\u00e9couvrir deux autres programmes de courts m\u00e9trages qui ont de nombreux points communs : <em><a href=\"http:\/\/www.passeursdimages.fr\/2018-wp\/wp-content\/uploads\/2020\/04\/Documentsp%C3%A9dagogiquesLEGRANDDEHORS-3.pdf\" target=\"_blank\" rel=\"noopener\">Le Grand Dehors<\/a><\/em>&nbsp;et <em><a href=\"http:\/\/www.passeursdimages.fr\/2018-wp\/wp-content\/uploads\/2020\/04\/Documentsp%C3%A9dagogiquesLEGRANDDEHORS-3.pdf\" target=\"_blank\" rel=\"noopener\">Voyages de r\u00eave<\/a><\/em>.<\/p>\n\n\n\n<p>La formation pr\u00e9vue pour les enseignants le 9 d\u00e9cembre est annul\u00e9e.&nbsp;Les enseignants auront acc\u00e8s \u00e0 des vid\u00e9os en lien avec les deux programmes&nbsp;par l&rsquo;interm\u00e9diaire de l&rsquo;association <em>EcransVO<\/em>.<\/p>\n\n\n\n<p><em><strong>LE GRAND DEHORS<\/strong><\/em><\/p>\n\n\n\n<p><iframe loading=\"lazy\" src=\"https:\/\/player.vimeo.com\/video\/435740508\" width=\"640\" height=\"360\" frameborder=\"0\" allowfullscreen=\"allowfullscreen\"><\/iframe><\/p>\n\n\n\n<p><a href=\"https:\/\/vimeo.com\/435740508\">Le Grand Dehors &#8211; Pre\u0301sentation Marielle Bernaudeau<\/a> from <a href=\"https:\/\/vimeo.com\/ecransvo\">Ecrans VO<\/a> on <a href=\"https:\/\/vimeo.com\">Vimeo<\/a>.<\/p>\n\n\n\n<p>La conf\u00e9rence int\u00e9grale&nbsp;en audio, c&rsquo;est <a href=\"https:\/\/www.reseau-canope.fr\/atelier-val-d-oise\/cinema\/Le-grand-dehors\" target=\"_blank\" rel=\"noopener\">ici<\/a><\/p>\n\n\n\n<p>Documents \u00e0 t\u00e9l\u00e9charger :&nbsp;<a href=\"https:\/\/lafilledecorinthe.com\/wordpress\/wp-content\/uploads\/2020\/10\/Bibliographie-sitographie-.pdf\">Bibliographie, sitographie<\/a>,&nbsp;<a href=\"https:\/\/lafilledecorinthe.com\/wordpress\/wp-content\/uploads\/2020\/11\/Que-voient-ils-a\u0300-leur-fene\u0302tre-.pdf\">Que voient-ils a\u0300 leur fene\u0302tre ?<\/a><\/p>\n\n\n<div class=\"wp-block-image\">\n<figure class=\"aligncenter\"><a href=\"https:\/\/lafilledecorinthe.com\/wordpress\/wp-content\/uploads\/2020\/11\/fene\u0302tre.png\"><img loading=\"lazy\" decoding=\"async\" width=\"1764\" height=\"1104\" src=\"https:\/\/lafilledecorinthe.com\/wordpress\/wp-content\/uploads\/2020\/11\/fene\u0302tre.png\" alt=\"fene\u0302tre\" class=\"wp-image-10848\" srcset=\"https:\/\/lafilledecorinthe.com\/wordpress\/wp-content\/uploads\/2020\/11\/fene\u0302tre.png 1764w, https:\/\/lafilledecorinthe.com\/wordpress\/wp-content\/uploads\/2020\/11\/fene\u0302tre-680x426.png 680w, https:\/\/lafilledecorinthe.com\/wordpress\/wp-content\/uploads\/2020\/11\/fene\u0302tre-1280x801.png 1280w, https:\/\/lafilledecorinthe.com\/wordpress\/wp-content\/uploads\/2020\/11\/fene\u0302tre-479x300.png 479w\" sizes=\"auto, (max-width: 1764px) 100vw, 1764px\" \/><\/a><figcaption class=\"wp-element-caption\">Le chat d&rsquo;appartement, Sarah Ropper, 1998<\/figcaption><\/figure>\n<\/div>\n\n\n<p><a href=\"https:\/\/lafilledecorinthe.com\/wordpress\/wp-content\/uploads\/2020\/11\/D\u2019un-mai\u0302tre-a\u0300-l\u2019autre-.pdf\">D\u2019un mai\u0302tre a\u0300 l\u2019autre<\/a>,&nbsp;<a href=\"https:\/\/lafilledecorinthe.com\/wordpress\/wp-content\/uploads\/2020\/11\/plan-subjectif-.pdf\">plan subjectif<\/a>,&nbsp;<a href=\"https:\/\/lafilledecorinthe.com\/wordpress\/wp-content\/uploads\/2020\/11\/Les-angles-de-prise-de-vue-.pdf\">Les angles de prise de vue<\/a><\/p>\n\n\n<div class=\"wp-block-image\">\n<figure class=\"aligncenter\"><a href=\"https:\/\/lafilledecorinthe.com\/wordpress\/wp-content\/uploads\/2020\/11\/hublot.png\"><img loading=\"lazy\" decoding=\"async\" width=\"1550\" height=\"1162\" src=\"https:\/\/lafilledecorinthe.com\/wordpress\/wp-content\/uploads\/2020\/11\/hublot.png\" alt=\"hublot\" class=\"wp-image-10852\" srcset=\"https:\/\/lafilledecorinthe.com\/wordpress\/wp-content\/uploads\/2020\/11\/hublot.png 1550w, https:\/\/lafilledecorinthe.com\/wordpress\/wp-content\/uploads\/2020\/11\/hublot-680x510.png 680w, https:\/\/lafilledecorinthe.com\/wordpress\/wp-content\/uploads\/2020\/11\/hublot-1280x960.png 1280w, https:\/\/lafilledecorinthe.com\/wordpress\/wp-content\/uploads\/2020\/11\/hublot-400x300.png 400w\" sizes=\"auto, (max-width: 1550px) 100vw, 1550px\" \/><\/a><figcaption class=\"wp-element-caption\">Une grande excursion, Nick Park, 1989<\/figcaption><\/figure>\n<\/div>\n\n\n<p><a href=\"https:\/\/lafilledecorinthe.com\/wordpress\/wp-content\/uploads\/2020\/11\/Gromit-.pdf\">Gromit<\/a>,&nbsp;<a href=\"https:\/\/lafilledecorinthe.com\/wordpress\/wp-content\/uploads\/2020\/11\/La-construction-de-la-fuse\u0301e-.pdf\">La construction de la fuse\u0301e<\/a>,&nbsp;<a href=\"https:\/\/lafilledecorinthe.com\/wordpress\/wp-content\/uploads\/2020\/11\/La-station-de-ski-lunaire-.pdf\">La station de ski lunaire<\/a><\/p>\n\n\n<div class=\"wp-block-image\">\n<figure class=\"aligncenter\"><a href=\"https:\/\/lafilledecorinthe.com\/wordpress\/wp-content\/uploads\/2020\/11\/fene\u0302tre-copie.png\"><img loading=\"lazy\" decoding=\"async\" width=\"1724\" height=\"970\" src=\"https:\/\/lafilledecorinthe.com\/wordpress\/wp-content\/uploads\/2020\/11\/fene\u0302tre-copie.png\" alt=\"fene\u0302tre copie\" class=\"wp-image-10857\" srcset=\"https:\/\/lafilledecorinthe.com\/wordpress\/wp-content\/uploads\/2020\/11\/fene\u0302tre-copie.png 1724w, https:\/\/lafilledecorinthe.com\/wordpress\/wp-content\/uploads\/2020\/11\/fene\u0302tre-copie-680x383.png 680w, https:\/\/lafilledecorinthe.com\/wordpress\/wp-content\/uploads\/2020\/11\/fene\u0302tre-copie-1280x720.png 1280w, https:\/\/lafilledecorinthe.com\/wordpress\/wp-content\/uploads\/2020\/11\/fene\u0302tre-copie-500x281.png 500w\" sizes=\"auto, (max-width: 1724px) 100vw, 1724px\" \/><\/a><figcaption class=\"wp-element-caption\">Flocon de neige, Natalia Chernysheva, 2012,<\/figcaption><\/figure>\n<\/div>\n\n\n<p><a href=\"https:\/\/lafilledecorinthe.com\/wordpress\/wp-content\/uploads\/2020\/11\/Images-se\u0301quentielles-.pdf\">Images se\u0301quentielles<\/a>,&nbsp;<a href=\"https:\/\/lafilledecorinthe.com\/wordpress\/wp-content\/uploads\/2020\/11\/Jeu-de-\u00ab-cache-cache-\u00bb-.pdf\">Jeu de \u00ab&nbsp;cache-cache&nbsp;\u00bb<\/a><\/p>\n\n\n\n<p><em><strong>VOYAGES DE REVE<\/strong><\/em><\/p>\n\n\n\n<p>Documents \u00e0 t\u00e9l\u00e9charger :&nbsp;<a href=\"https:\/\/lafilledecorinthe.com\/wordpress\/wp-content\/uploads\/2020\/11\/Bibliographie-sitographie.pdf\">Bibliographie, sitographie<\/a>,&nbsp;<a href=\"https:\/\/lafilledecorinthe.com\/wordpress\/wp-content\/uploads\/2020\/11\/Les-personnages.pdf\">Les personnages<\/a>,&nbsp;<a href=\"https:\/\/lafilledecorinthe.com\/wordpress\/wp-content\/uploads\/2020\/11\/A-chaque-personnage-son-image\u2026-.pdf\">A chaque personnage son image\u2026<\/a>,&nbsp;<a href=\"https:\/\/lafilledecorinthe.com\/wordpress\/wp-content\/uploads\/2020\/11\/Cadrage-.pdf\">Cadrage<\/a>,&nbsp;<a href=\"https:\/\/lafilledecorinthe.com\/wordpress\/wp-content\/uploads\/2020\/11\/Plans-subjectifs-.pdf\">Plans subjectifs<\/a><\/p>\n\n\n\n<p><iframe loading=\"lazy\" src=\"https:\/\/player.vimeo.com\/video\/481683269\" width=\"640\" height=\"360\" frameborder=\"0\" allowfullscreen=\"allowfullscreen\"><\/iframe><\/p>\n\n\n\n<p><a href=\"https:\/\/vimeo.com\/481683269\">Voyages de r\u00eave &#8211; Pr\u00e9sent\u00e9 par Marielle Bernaudeau<\/a> from <a href=\"https:\/\/vimeo.com\/ecransvo\">Ecrans VO<\/a> on <a href=\"https:\/\/vimeo.com\">Vimeo<\/a>.<\/p>\n\n\n\n<p>La conf\u00e9rence int\u00e9grale&nbsp;en audio, c&rsquo;est pour bient\u00f4t !<\/p>\n\n\n<div class=\"wp-block-image\">\n<figure class=\"aligncenter\"><a href=\"https:\/\/lafilledecorinthe.com\/wordpress\/wp-content\/uploads\/2020\/11\/Impression-darc-en-ciel11.jpg\"><img loading=\"lazy\" decoding=\"async\" width=\"737\" height=\"492\" src=\"https:\/\/lafilledecorinthe.com\/wordpress\/wp-content\/uploads\/2020\/11\/Impression-darc-en-ciel11.jpg\" alt=\"Impression d'arc en ciel11\" class=\"wp-image-11037\" srcset=\"https:\/\/lafilledecorinthe.com\/wordpress\/wp-content\/uploads\/2020\/11\/Impression-darc-en-ciel11.jpg 737w, https:\/\/lafilledecorinthe.com\/wordpress\/wp-content\/uploads\/2020\/11\/Impression-darc-en-ciel11-680x454.jpg 680w, https:\/\/lafilledecorinthe.com\/wordpress\/wp-content\/uploads\/2020\/11\/Impression-darc-en-ciel11-449x300.jpg 449w\" sizes=\"auto, (max-width: 737px) 100vw, 737px\" \/><\/a><figcaption class=\"wp-element-caption\">Impression d&rsquo;arc-en-ciel, Gitanjali Rao, 2006<\/figcaption><\/figure>\n<\/div>\n\n\n<p><a href=\"https:\/\/lafilledecorinthe.com\/wordpress\/wp-content\/uploads\/2020\/11\/Images-se\u0301quentielles-Impression-darc-en-ciel-.pdf\">Images se\u0301quentielles Impression d&rsquo;arc en ciel<\/a>,&nbsp;<a href=\"https:\/\/lafilledecorinthe.com\/wordpress\/wp-content\/uploads\/2020\/11\/D\u2019un-moment-a\u0300-l\u2019autre-.pdf\">D\u2019un moment a\u0300 l\u2019autre<\/a><\/p>\n\n\n<div class=\"wp-block-image\">\n<figure class=\"aligncenter\"><a href=\"https:\/\/lafilledecorinthe.com\/wordpress\/wp-content\/uploads\/2020\/11\/photo-parents.jpg\"><img loading=\"lazy\" decoding=\"async\" width=\"2048\" height=\"1146\" src=\"https:\/\/lafilledecorinthe.com\/wordpress\/wp-content\/uploads\/2020\/11\/photo-parents.jpg\" alt=\"photo parents\" class=\"wp-image-11040\" srcset=\"https:\/\/lafilledecorinthe.com\/wordpress\/wp-content\/uploads\/2020\/11\/photo-parents.jpg 2048w, https:\/\/lafilledecorinthe.com\/wordpress\/wp-content\/uploads\/2020\/11\/photo-parents-680x381.jpg 680w, https:\/\/lafilledecorinthe.com\/wordpress\/wp-content\/uploads\/2020\/11\/photo-parents-1280x716.jpg 1280w, https:\/\/lafilledecorinthe.com\/wordpress\/wp-content\/uploads\/2020\/11\/photo-parents-500x280.jpg 500w\" sizes=\"auto, (max-width: 2048px) 100vw, 2048px\" \/><\/a><figcaption class=\"wp-element-caption\">Le petit Cousteau, Jakub Kouril, 2014<\/figcaption><\/figure>\n<\/div>\n\n\n<p><a href=\"https:\/\/lafilledecorinthe.com\/wordpress\/wp-content\/uploads\/2020\/11\/Angles-de-vue-.pdf\">Angles de vue<\/a>,&nbsp;<a href=\"https:\/\/lafilledecorinthe.com\/wordpress\/wp-content\/uploads\/2020\/11\/Jacques-Yves-Cousteau-.pdf\">Jacques-Yves Cousteau<\/a><\/p>\n\n\n<div class=\"wp-block-image\">\n<figure class=\"aligncenter\"><a href=\"https:\/\/lafilledecorinthe.com\/wordpress\/wp-content\/uploads\/2020\/11\/photos-couleurs-et-NB.jpg\"><img loading=\"lazy\" decoding=\"async\" width=\"2050\" height=\"1154\" src=\"https:\/\/lafilledecorinthe.com\/wordpress\/wp-content\/uploads\/2020\/11\/photos-couleurs-et-NB.jpg\" alt=\"photos couleurs et N&amp;B\" class=\"wp-image-11044\" srcset=\"https:\/\/lafilledecorinthe.com\/wordpress\/wp-content\/uploads\/2020\/11\/photos-couleurs-et-NB.jpg 2050w, https:\/\/lafilledecorinthe.com\/wordpress\/wp-content\/uploads\/2020\/11\/photos-couleurs-et-NB-680x383.jpg 680w, https:\/\/lafilledecorinthe.com\/wordpress\/wp-content\/uploads\/2020\/11\/photos-couleurs-et-NB-1280x721.jpg 1280w, https:\/\/lafilledecorinthe.com\/wordpress\/wp-content\/uploads\/2020\/11\/photos-couleurs-et-NB-500x281.jpg 500w\" sizes=\"auto, (max-width: 2050px) 100vw, 2050px\" \/><\/a><figcaption class=\"wp-element-caption\">Demain il pleut, Anne-C\u00e9line Phanphengdy, M\u00e9lanie Vialaneix, 2013<\/figcaption><\/figure>\n<\/div>\n\n\n<p><a href=\"https:\/\/lafilledecorinthe.com\/wordpress\/wp-content\/uploads\/2020\/11\/D\u2019une-image-a\u0300-l\u2019autre-.pdf\">D\u2019une image a\u0300 l\u2019autre<\/a>,&nbsp;<a href=\"https:\/\/lafilledecorinthe.com\/wordpress\/wp-content\/uploads\/2020\/11\/Les-cadres-photographiques.pages\">Les cadres photographiques<\/a><\/p>\n\n\n<div class=\"wp-block-image\">\n<figure class=\"aligncenter\"><a href=\"https:\/\/lafilledecorinthe.com\/wordpress\/wp-content\/uploads\/2020\/11\/image.jpg\"><img loading=\"lazy\" decoding=\"async\" width=\"1138\" height=\"640\" src=\"https:\/\/lafilledecorinthe.com\/wordpress\/wp-content\/uploads\/2020\/11\/image.jpg\" alt=\"image\" class=\"wp-image-11047\" srcset=\"https:\/\/lafilledecorinthe.com\/wordpress\/wp-content\/uploads\/2020\/11\/image.jpg 1138w, https:\/\/lafilledecorinthe.com\/wordpress\/wp-content\/uploads\/2020\/11\/image-680x382.jpg 680w, https:\/\/lafilledecorinthe.com\/wordpress\/wp-content\/uploads\/2020\/11\/image-500x281.jpg 500w\" sizes=\"auto, (max-width: 1138px) 100vw, 1138px\" \/><\/a><figcaption class=\"wp-element-caption\">Le kiosque, Anete Melece, 2013<\/figcaption><\/figure>\n<\/div>\n\n\n<p><a href=\"https:\/\/lafilledecorinthe.com\/wordpress\/wp-content\/uploads\/2020\/11\/Le-paysage-d\u2019Olga-.pdf\">Le paysage d\u2019Olga<\/a>,&nbsp;<a href=\"https:\/\/lafilledecorinthe.com\/wordpress\/wp-content\/uploads\/2020\/11\/Cadre-champ-hors-champ-.pdf\">Cadre, champ, hors-champ<\/a>,&nbsp;<a href=\"https:\/\/lafilledecorinthe.com\/wordpress\/wp-content\/uploads\/2020\/11\/L\u2019e\u0301chelle-des-plans-.pdf\">L\u2019e\u0301chelle des plans<\/a>,&nbsp;<a href=\"https:\/\/lafilledecorinthe.com\/wordpress\/wp-content\/uploads\/2020\/11\/Les-e\u0301motions-dOlga-.pdf\">Les e\u0301motions d&rsquo;Olga<\/a><\/p>\n\n\n<div class=\"wp-block-image\">\n<figure class=\"aligncenter\"><a href=\"https:\/\/lafilledecorinthe.com\/wordpress\/wp-content\/uploads\/2020\/11\/rencontre.jpeg.jpg\"><img loading=\"lazy\" decoding=\"async\" width=\"1000\" height=\"563\" src=\"https:\/\/lafilledecorinthe.com\/wordpress\/wp-content\/uploads\/2020\/11\/rencontre.jpeg.jpg\" alt=\"rencontre.jpeg\" class=\"wp-image-11052\" srcset=\"https:\/\/lafilledecorinthe.com\/wordpress\/wp-content\/uploads\/2020\/11\/rencontre.jpeg.jpg 1000w, https:\/\/lafilledecorinthe.com\/wordpress\/wp-content\/uploads\/2020\/11\/rencontre.jpeg-680x383.jpg 680w, https:\/\/lafilledecorinthe.com\/wordpress\/wp-content\/uploads\/2020\/11\/rencontre.jpeg-500x282.jpg 500w\" sizes=\"auto, (max-width: 1000px) 100vw, 1000px\" \/><\/a><figcaption class=\"wp-element-caption\">La carte, St\u00e9fan Le Lay, 2009<\/figcaption><\/figure>\n<\/div>","protected":false},"excerpt":{"rendered":"<p>&nbsp;\u00ab\u00a0Le voyage est comme une esp\u00e8ce de porte par o\u00f9 l&rsquo;on sort de la r\u00e9alit\u00e9 connue pour p\u00e9n\u00e9trer dans une r\u00e9alit\u00e9 inexplor\u00e9e qui semble un r\u00eave.\u00a0\u00bb&nbsp; &nbsp; &nbsp; &nbsp; &nbsp; &nbsp; &nbsp; &nbsp; &nbsp; &nbsp; &nbsp; &nbsp; &nbsp; &nbsp; &nbsp; &nbsp; &nbsp; &nbsp; &nbsp; &nbsp; &nbsp; &nbsp; &nbsp; &nbsp; &nbsp; &nbsp; &nbsp; &nbsp; &nbsp; &nbsp;&#8230;<\/p>\n","protected":false},"author":2,"featured_media":11047,"comment_status":"open","ping_status":"open","sticky":false,"template":"","format":"standard","meta":{"_kad_post_transparent":"","_kad_post_title":"","_kad_post_layout":"","_kad_post_sidebar_id":"","_kad_post_content_style":"","_kad_post_vertical_padding":"","_kad_post_feature":"","_kad_post_feature_position":"","_kad_post_header":false,"_kad_post_footer":false,"_kad_post_classname":"","footnotes":""},"categories":[8],"tags":[2036,2063,2061,2065,1844,2041,1427,1593,2060,2064,2040,2038,2066,2059,2062,1506,1559,2039,1387,291,2037,1342],"class_list":["post-10648","post","type-post","status-publish","format-standard","has-post-thumbnail","hentry","category-formations-adultes","tag-2036","tag-anete-melece","tag-anne-celine-phanphengdy","tag-demain-il-pleut","tag-ecole-et-cinema-maternelle","tag-flocon-de-neige","tag-gitanjali-rao","tag-impression-darc-en-ciel","tag-jakub-kouril","tag-la-carte","tag-le-chat-dappartement","tag-le-grand-dehors","tag-le-kiosque","tag-le-petit-cousteau","tag-melanie-vialaneix","tag-natalia-chernysheva","tag-nick-park","tag-sarah-ropper","tag-stefan-le-lay","tag-val-doise","tag-vert-la-nature","tag-voyages-de-reve"],"_links":{"self":[{"href":"https:\/\/lafilledecorinthe.com\/wordpress\/wp-json\/wp\/v2\/posts\/10648","targetHints":{"allow":["GET"]}}],"collection":[{"href":"https:\/\/lafilledecorinthe.com\/wordpress\/wp-json\/wp\/v2\/posts"}],"about":[{"href":"https:\/\/lafilledecorinthe.com\/wordpress\/wp-json\/wp\/v2\/types\/post"}],"author":[{"embeddable":true,"href":"https:\/\/lafilledecorinthe.com\/wordpress\/wp-json\/wp\/v2\/users\/2"}],"replies":[{"embeddable":true,"href":"https:\/\/lafilledecorinthe.com\/wordpress\/wp-json\/wp\/v2\/comments?post=10648"}],"version-history":[{"count":18,"href":"https:\/\/lafilledecorinthe.com\/wordpress\/wp-json\/wp\/v2\/posts\/10648\/revisions"}],"predecessor-version":[{"id":14642,"href":"https:\/\/lafilledecorinthe.com\/wordpress\/wp-json\/wp\/v2\/posts\/10648\/revisions\/14642"}],"wp:featuredmedia":[{"embeddable":true,"href":"https:\/\/lafilledecorinthe.com\/wordpress\/wp-json\/wp\/v2\/media\/11047"}],"wp:attachment":[{"href":"https:\/\/lafilledecorinthe.com\/wordpress\/wp-json\/wp\/v2\/media?parent=10648"}],"wp:term":[{"taxonomy":"category","embeddable":true,"href":"https:\/\/lafilledecorinthe.com\/wordpress\/wp-json\/wp\/v2\/categories?post=10648"},{"taxonomy":"post_tag","embeddable":true,"href":"https:\/\/lafilledecorinthe.com\/wordpress\/wp-json\/wp\/v2\/tags?post=10648"}],"curies":[{"name":"wp","href":"https:\/\/api.w.org\/{rel}","templated":true}]}}