{"id":10618,"date":"2020-05-17T11:28:29","date_gmt":"2020-05-17T10:28:29","guid":{"rendered":"http:\/\/lafilledecorinthe.com\/wordpress\/?p=10618"},"modified":"2025-12-07T09:39:12","modified_gmt":"2025-12-07T08:39:12","slug":"image-mysterieuse-4-ecole-lucie-et-raymond-aubrac","status":"publish","type":"post","link":"https:\/\/lafilledecorinthe.com\/wordpress\/2020\/05\/image-mysterieuse-4-ecole-lucie-et-raymond-aubrac\/","title":{"rendered":"\u00ab\u00a0Image myst\u00e9rieuse\u00a0\u00bb 4, \u00c9cole Lucie et Raymond Aubrac"},"content":{"rendered":"\n<p>C&rsquo;est un photographe du nom de Gilbert Garcin qui a imagin\u00e9, mis en sc\u00e8ne et photographi\u00e9 ces trois&nbsp;<a href=\"https:\/\/lafilledecorinthe.com\/wordpress\/wp-content\/uploads\/2020\/05\/images-myste\u0301rieuses.pdf\">images myste\u0301rieuses<\/a>.&nbsp;&nbsp;N\u00e9 en 1929 \u00e0 la Ciotat il a travaill\u00e9 toute sa vie professionnelle dans une boutique qui vendait des luminaires. C&rsquo;est \u00e0 la retraite, \u00e0 65 ans, qu&rsquo;il se met \u00e0 photographier. Ce qui l&rsquo;int\u00e9resse c&rsquo;est de raconter des histoires. Comme il a besoin de personnages, il d\u00e9cide de se prendre&nbsp;lui m\u00eame en photo. Il r\u00e9ussit aussi \u00e0 convaincre de temps en temps sa femme, Monique, \u00e0 jouer l&rsquo;actrice \u00e0 ses c\u00f4t\u00e9s.<\/p>\n\n\n<div class=\"wp-block-image\">\n<figure class=\"aligncenter\"><a href=\"https:\/\/lafilledecorinthe.com\/wordpress\/wp-content\/uploads\/2020\/05\/Gilbert-Garcin-L-echange.jpg\"><img loading=\"lazy\" decoding=\"async\" width=\"600\" height=\"425\" src=\"https:\/\/lafilledecorinthe.com\/wordpress\/wp-content\/uploads\/2020\/05\/Gilbert-Garcin-L-echange.jpg\" alt=\"Gilbert-Garcin-L-echange\" class=\"wp-image-10624\" srcset=\"https:\/\/lafilledecorinthe.com\/wordpress\/wp-content\/uploads\/2020\/05\/Gilbert-Garcin-L-echange.jpg 600w, https:\/\/lafilledecorinthe.com\/wordpress\/wp-content\/uploads\/2020\/05\/Gilbert-Garcin-L-echange-424x300.jpg 424w\" sizes=\"auto, (max-width: 600px) 100vw, 600px\" \/><\/a><figcaption class=\"wp-element-caption\">\u00ab\u00a0L&rsquo;\u00e9change\u00a0\u00bb, Gilbert Garcin<\/figcaption><\/figure>\n<\/div>\n\n\n<p>Gilbert Garcin aime bricoler, travailler de ses mains. Tout se passe dans son atelier.&nbsp; &nbsp; &nbsp; &nbsp; &nbsp; &nbsp; &nbsp; &nbsp;\u00c0 l&rsquo;aide d&rsquo;un retardateur, il se photographie&nbsp;dans diff\u00e9rentes positions, Il d\u00e9coupe ensuite minutieusement le contour de ses silhouettes qu&rsquo;il monte sur un petit support. Il construit peu \u00e0 peu une maquette. Il installe ses&nbsp;personnages dans des d\u00e9cors, tr\u00e8s souvent sur du sable. Parfois il utilise quelques accessoires comme des morceaux de ficelle&#8230; Il&nbsp;peut aussi projeter des images pour compl\u00e9ter sa mise en sc\u00e8ne,&nbsp;il a toute une collection de diapositives repr\u00e9sentant des ciels. Une photo peut lui demander jusqu&rsquo;\u00e0 30 heures de pr\u00e9paration.<\/p>\n\n\n<div class=\"wp-block-image\">\n<figure class=\"aligncenter\"><a href=\"https:\/\/lafilledecorinthe.com\/wordpress\/wp-content\/uploads\/2020\/05\/atelier.jpg\"><img loading=\"lazy\" decoding=\"async\" width=\"1858\" height=\"520\" src=\"https:\/\/lafilledecorinthe.com\/wordpress\/wp-content\/uploads\/2020\/05\/atelier.jpg\" alt=\"atelier\" class=\"wp-image-10628\" srcset=\"https:\/\/lafilledecorinthe.com\/wordpress\/wp-content\/uploads\/2020\/05\/atelier.jpg 1858w, https:\/\/lafilledecorinthe.com\/wordpress\/wp-content\/uploads\/2020\/05\/atelier-680x190.jpg 680w, https:\/\/lafilledecorinthe.com\/wordpress\/wp-content\/uploads\/2020\/05\/atelier-1280x358.jpg 1280w, https:\/\/lafilledecorinthe.com\/wordpress\/wp-content\/uploads\/2020\/05\/atelier-500x140.jpg 500w\" sizes=\"auto, (max-width: 1858px) 100vw, 1858px\" \/><\/a><figcaption class=\"wp-element-caption\">Gilbert Garcin dans son atelier. Photogrammes extrait du documentaire \u00ab\u00a0Tout peut arriver\u00a0\u00bb de Ralf K\u00e4mpfe<\/figcaption><\/figure>\n<\/div>\n\n\n<p>Il compare son travail \u00e0 celui d&rsquo;un r\u00e9alisateur de cin\u00e9ma de fiction. Ce qui l&rsquo;int\u00e9resse c&rsquo;est de cr\u00e9er une illusion qui provoque l&rsquo;imagination des spectateurs. Chacun est libre d&rsquo;interpr\u00e9ter ses mises en sc\u00e8ne comme il le souhaite ! C&rsquo;est ce que vous avez r\u00e9ussi \u00e0 faire merveilleusement bien. Je me suis bien amus\u00e9e \u00e0 lire vos histoires sur le padlet de vos ma\u00eetresses.<\/p>\n\n\n\n<p>Voici une retranscription simplifi\u00e9e du sc\u00e9nario d&rsquo;Hassan, <em>Jean-Claude et l&rsquo;oursin.<\/em><\/p>\n\n\n<div class=\"wp-block-image\">\n<figure class=\"aligncenter\"><a href=\"https:\/\/lafilledecorinthe.com\/wordpress\/wp-content\/uploads\/2020\/05\/vivre-masque\u0301.jpg\"><img loading=\"lazy\" decoding=\"async\" width=\"327\" height=\"502\" src=\"https:\/\/lafilledecorinthe.com\/wordpress\/wp-content\/uploads\/2020\/05\/vivre-masque\u0301.jpg\" alt=\"vivre masque\u0301\" class=\"wp-image-10629\" srcset=\"https:\/\/lafilledecorinthe.com\/wordpress\/wp-content\/uploads\/2020\/05\/vivre-masque\u0301.jpg 327w, https:\/\/lafilledecorinthe.com\/wordpress\/wp-content\/uploads\/2020\/05\/vivre-masque\u0301-195x300.jpg 195w\" sizes=\"auto, (max-width: 327px) 100vw, 327px\" \/><\/a><figcaption class=\"wp-element-caption\">\u00ab\u00a0Vivre masqu\u00e9\u00a0\u00bb de Gilbert Garcin<\/figcaption><\/figure>\n<\/div>\n\n\n<p><br><em>\u00ab\u00a0Jean-Claude\u00a0est un vieux monsieur qui ne\u00a0voit pas la vie en rose mais en noir et blanc. Il a\u00a0 trop d&rsquo;\u00e9motions. Voil\u00e0 pourquoi il porte des masques dans sa main.<\/em><br><em>Au d\u00e9but de cette histoire, le vieil homme d\u00e9cide, une nuit, de prendre l&rsquo;air sur la plage pour \u00e9vacuer son inqui\u00e9tude.\u00a0\u00bb<\/em><\/p>\n\n\n<div class=\"wp-block-image\">\n<figure class=\"aligncenter\"><a href=\"https:\/\/lafilledecorinthe.com\/wordpress\/wp-content\/uploads\/2020\/05\/les-pre\u0301cautions-e\u0301le\u0301mentaires.jpg\"><img loading=\"lazy\" decoding=\"async\" width=\"528\" height=\"364\" src=\"https:\/\/lafilledecorinthe.com\/wordpress\/wp-content\/uploads\/2020\/05\/les-pre\u0301cautions-e\u0301le\u0301mentaires.jpg\" alt=\"les pre\u0301cautions e\u0301le\u0301mentaires\" class=\"wp-image-10630\" srcset=\"https:\/\/lafilledecorinthe.com\/wordpress\/wp-content\/uploads\/2020\/05\/les-pre\u0301cautions-e\u0301le\u0301mentaires.jpg 528w, https:\/\/lafilledecorinthe.com\/wordpress\/wp-content\/uploads\/2020\/05\/les-pre\u0301cautions-e\u0301le\u0301mentaires-435x300.jpg 435w\" sizes=\"auto, (max-width: 528px) 100vw, 528px\" \/><\/a><figcaption class=\"wp-element-caption\">\u00ab\u00a0Les pr\u00e9cautions \u00e9l\u00e9mentaires\u00a0\u00bb de Gilbert Garcin<\/figcaption><\/figure>\n<\/div>\n\n\n<p><em>\u00ab\u00a0Au cours de sa promenade, il marche sur un oursin magique qui le pique. Il commence a\u0300 rapetisser.&nbsp;Il devient tellement petit qu&rsquo;il peut rentrer dans l&rsquo;oursin. L&rsquo;oursin&nbsp;se transforme en vaisseau.&nbsp;La boule piquante propose \u00e0 Jean-Claude un voyage pour apprendre \u00e0 g\u00e9rer ses \u00e9motions. Au cours de ce voyage,&nbsp;Jean-Claude doit affronter plusieurs \u00e9preuves. Gr\u00e2ce&nbsp;\u00e0 son guide, l&rsquo;homme aux cheveux blancs d\u00e9couvre qu&rsquo;il est endurant, il peut vivre tout petit et seul. Son inqui\u00e9tude s&rsquo;apaise peu \u00e0 peu.\u00a0\u00bb<\/em><\/p>\n\n\n<div class=\"wp-block-image\">\n<figure class=\"aligncenter\"><a href=\"https:\/\/lafilledecorinthe.com\/wordpress\/wp-content\/uploads\/2020\/05\/embarquement-imme\u0301diat.jpg\"><img loading=\"lazy\" decoding=\"async\" width=\"337\" height=\"506\" src=\"https:\/\/lafilledecorinthe.com\/wordpress\/wp-content\/uploads\/2020\/05\/embarquement-imme\u0301diat.jpg\" alt=\"embarquement imme\u0301diat\" class=\"wp-image-10631\" srcset=\"https:\/\/lafilledecorinthe.com\/wordpress\/wp-content\/uploads\/2020\/05\/embarquement-imme\u0301diat.jpg 337w, https:\/\/lafilledecorinthe.com\/wordpress\/wp-content\/uploads\/2020\/05\/embarquement-imme\u0301diat-200x300.jpg 200w\" sizes=\"auto, (max-width: 337px) 100vw, 337px\" \/><\/a><figcaption class=\"wp-element-caption\">\u00ab\u00a0Embarquement imm\u00e9diat\u00a0\u00bb de Gilbert Garin<\/figcaption><\/figure>\n<\/div>\n\n\n<p><em>\u00ab\u00a0Les pouvoirs de l&rsquo;oursin se dissipent, le voyage est termin\u00e9. Jean-Claude sort du vaisseau,<\/em> <em>il retrouve sa taille normale. Le soleil brille. Jean-Claude, e\u0301le\u0301gant, marche sur le sable. Il de\u0301couvre une pelle qui va lui\u00a0servir a\u0300 construire\u00a0une nouvelle vie joyeuse.\u00a0\u00bb<\/em><\/p>\n\n\n\n<p>Et si vous aidiez Hassan \u00e0\u00a0approfondir son\u00a0id\u00e9e ? Quelles pourraient \u00eatre les \u00e9preuves\u00a0affront\u00e9es par Jean-Claude ? Je vous propose de dessiner les diff\u00e9rentes actions\u00a0 qui composent\u00a0chaque \u00e9preuve sous forme d&rsquo;un storyboard.<\/p>\n","protected":false},"excerpt":{"rendered":"<p>C&rsquo;est un photographe du nom de Gilbert Garcin qui a imagin\u00e9, mis en sc\u00e8ne et photographi\u00e9 ces trois&nbsp;images myste\u0301rieuses.&nbsp;&nbsp;N\u00e9 en 1929 \u00e0 la Ciotat il a travaill\u00e9 toute sa vie professionnelle dans une boutique qui vendait des luminaires. C&rsquo;est \u00e0 la retraite, \u00e0 65 ans, qu&rsquo;il se met \u00e0 photographier. Ce qui l&rsquo;int\u00e9resse c&rsquo;est de&#8230;<\/p>\n","protected":false},"author":2,"featured_media":10621,"comment_status":"open","ping_status":"open","sticky":false,"template":"","format":"standard","meta":{"_kad_post_transparent":"","_kad_post_title":"","_kad_post_layout":"","_kad_post_sidebar_id":"","_kad_post_content_style":"","_kad_post_vertical_padding":"","_kad_post_feature":"","_kad_post_feature_position":"","_kad_post_header":false,"_kad_post_footer":false,"_kad_post_classname":"","footnotes":""},"categories":[7],"tags":[1986,2000,1985,2001,2002,2003],"class_list":["post-10618","post","type-post","status-publish","format-standard","has-post-thumbnail","hentry","category-ateliers-enfants","tag-ecole-lucie-et-raymond-aubrac","tag-gilbert-garcin","tag-image-mysterieuse","tag-mise-en-scene","tag-scenario","tag-storyboard"],"_links":{"self":[{"href":"https:\/\/lafilledecorinthe.com\/wordpress\/wp-json\/wp\/v2\/posts\/10618","targetHints":{"allow":["GET"]}}],"collection":[{"href":"https:\/\/lafilledecorinthe.com\/wordpress\/wp-json\/wp\/v2\/posts"}],"about":[{"href":"https:\/\/lafilledecorinthe.com\/wordpress\/wp-json\/wp\/v2\/types\/post"}],"author":[{"embeddable":true,"href":"https:\/\/lafilledecorinthe.com\/wordpress\/wp-json\/wp\/v2\/users\/2"}],"replies":[{"embeddable":true,"href":"https:\/\/lafilledecorinthe.com\/wordpress\/wp-json\/wp\/v2\/comments?post=10618"}],"version-history":[{"count":15,"href":"https:\/\/lafilledecorinthe.com\/wordpress\/wp-json\/wp\/v2\/posts\/10618\/revisions"}],"predecessor-version":[{"id":14920,"href":"https:\/\/lafilledecorinthe.com\/wordpress\/wp-json\/wp\/v2\/posts\/10618\/revisions\/14920"}],"wp:featuredmedia":[{"embeddable":true,"href":"https:\/\/lafilledecorinthe.com\/wordpress\/wp-json\/wp\/v2\/media\/10621"}],"wp:attachment":[{"href":"https:\/\/lafilledecorinthe.com\/wordpress\/wp-json\/wp\/v2\/media?parent=10618"}],"wp:term":[{"taxonomy":"category","embeddable":true,"href":"https:\/\/lafilledecorinthe.com\/wordpress\/wp-json\/wp\/v2\/categories?post=10618"},{"taxonomy":"post_tag","embeddable":true,"href":"https:\/\/lafilledecorinthe.com\/wordpress\/wp-json\/wp\/v2\/tags?post=10618"}],"curies":[{"name":"wp","href":"https:\/\/api.w.org\/{rel}","templated":true}]}}