{"id":10521,"date":"2020-04-24T15:47:50","date_gmt":"2020-04-24T14:47:50","guid":{"rendered":"http:\/\/lafilledecorinthe.com\/wordpress\/?p=10521"},"modified":"2025-12-07T08:46:58","modified_gmt":"2025-12-07T07:46:58","slug":"une-image-mysterieuse2-ecole-lucie-et-raymond-aubrac","status":"publish","type":"post","link":"https:\/\/lafilledecorinthe.com\/wordpress\/2020\/04\/une-image-mysterieuse2-ecole-lucie-et-raymond-aubrac\/","title":{"rendered":"\u00ab\u00a0Une image myst\u00e9rieuse\u00a0\u00bb2 Ecole Lucie et Raymond Aubrac"},"content":{"rendered":"\n<p>Apr\u00e8s l&rsquo;<a title=\"\u00ab&nbsp;Une image myst\u00e9rieuse&nbsp;\u00bb \u2026 Ecole Lucie et Raymond Aubrac\" href=\"https:\/\/lafilledecorinthe.com\/wordpress\/2020\/04\/une-image-mysterieuse-ecole-lucie-et-raymond-aubrac\/\" target=\"_blank\" rel=\"noopener\">ombre myst\u00e9rieuse<\/a> de&nbsp;Tim Noble et Sue Webster, les \u00e9l\u00e8ves de Laurence et Emilie ont re\u00e7u&nbsp;<a href=\"https:\/\/lafilledecorinthe.com\/wordpress\/wp-content\/uploads\/2020\/04\/la-photographie.pdf\">la photographie<\/a>&nbsp;de cette \u00e9trange sculpture. Voici leurs premiers textes :<\/p>\n\n\n\n<p><em>\u00ab\u00a0<strong>La Curieuse Statue<\/strong>. Il \u00e9tait une fois, un petit monstre nomm\u00e9 <strong>Grossourcile<\/strong>. Il habite dans la for\u00eat. Un jour, il demanda \u00e0 Papa monstre : \u00ab &#8211; Pourquoi je ne peux pas sortir de la for\u00eat ? \u00bb Le papa lui dit : \u00ab &#8211; Parce que les Hommes te chasseraient ! \u00bb Le petit monstre d\u00e9\u00e7u part de sa grotte. Il se promenait quand\u2026 AH ! Il voit une petite fille. Mais l&rsquo;enfant lui dit : \u00ab &#8211; Pourquoi as-tu peur ? &#8211; Pa parce que mon papa m&rsquo;a m&rsquo;a dit que les les les humains mmme chasseraient. &#8211; Quoi ? dit la petite. Nous ne chassons que les renards ! &#8211; Ah bon ? &#8211; Oui ! Je vais te montrer, regarde\u2026 \u00bb Une fois qu&rsquo;ils arrivent au village, tout le monde a un petit peu peur, mais apr\u00e8s \u00e7a va. Le soir venu, Grossourcile rentre chez lui sans se faire remarquer. Le lendemain matin, il part sans rien dire. Arriv\u00e9 au village, il demande \u00e0 la petite : \u00ab &#8211; Comment t&rsquo;appelles-tu ? &#8211; Je m&rsquo;appelle Lila, et toi ? &#8211; Grossourcile. &#8211; Hi hi ! Alors, dit la petite fille, t\u2019es un monstre ? &#8211; Oui, dit-il, mes anc\u00eatres sont ogre et lutin. Mes grandes oreilles me viennent des lutins et mon petit nez, des ogres. &#8211; Bon, on va jouer ? lui dit Lila. &#8211; Oui, dit la cr\u00e9ature. \u00bb Apr\u00e8s une bonne journ\u00e9e, les parents de Grigri l\u2019attendaient devant la grotte. L\u2019\u00catre magique raconte tout \u00e0 ses parents puis rajoute : \u00ab &#8211; Au pire, si cela se passe mal, je me transforme en pierre. &#8211; Bon d&rsquo;accord ! dit le p\u00e8re. &#8211; Je veux bien, dit la m\u00e8re. \u00bb Le gentil Grigri les remercie. Depuis ce jour, le petit curieux passe de bons moments avec ses amis.\u00a0\u00bb <\/em>Hassan<\/p>\n\n\n<div class=\"wp-block-image wp-image-10529 size-full\">\n<figure class=\"aligncenter\"><img loading=\"lazy\" decoding=\"async\" width=\"1336\" height=\"574\" src=\"https:\/\/lafilledecorinthe.com\/wordpress\/wp-content\/uploads\/2020\/04\/Hassan.jpg\" alt=\"Hassan\" class=\"wp-image-10529\" srcset=\"https:\/\/lafilledecorinthe.com\/wordpress\/wp-content\/uploads\/2020\/04\/Hassan.jpg 1336w, https:\/\/lafilledecorinthe.com\/wordpress\/wp-content\/uploads\/2020\/04\/Hassan-680x292.jpg 680w, https:\/\/lafilledecorinthe.com\/wordpress\/wp-content\/uploads\/2020\/04\/Hassan-1280x550.jpg 1280w, https:\/\/lafilledecorinthe.com\/wordpress\/wp-content\/uploads\/2020\/04\/Hassan-500x215.jpg 500w\" sizes=\"auto, (max-width: 1336px) 100vw, 1336px\" \/><figcaption class=\"wp-element-caption\">Hassan<\/figcaption><\/figure>\n<\/div>\n\n\n<p><em>\u00ab\u00a0C&rsquo;est l&rsquo;histoire d&rsquo;un gentil monstre qui s&rsquo;appelle <strong>Gigantosaurus<\/strong>. Il est tr\u00e8s laid parce qu&rsquo;il est petit, et chauve. Il a des oreilles pointues, un nez plat, de grosses l\u00e8vres, un gros ventre et de grands pieds. Il sort pour se changer les id\u00e9es. Un jour Gigantosaurus rencontre une petite fille qui s&rsquo;appelle Camille. Elle est poursuivie par un loup. La petite fille demande \u00e0 Gigantosaurus s&rsquo;il peut l&rsquo;aider. Il se cache derri\u00e8re les buissons et fait peur au loup. Le loup dispara\u00eet. Maintenant, Camille r\u00e9alise que Gigantosaurus est le plus courageux des monstres.\u00a0\u00bb<\/em> Lucas<\/p>\n\n\n\n<p><em>\u00ab\u00a0C&rsquo;est l&rsquo;histoire d&rsquo;un gentil monstre qui s&rsquo;appelle <strong>Megax<\/strong> qui se promenait dans la for\u00eat et qui croisa des m\u00e9chants trolls qui attaquaient des humains et Megax les sauva.\u00a0\u00bb <\/em>Kahil<\/p>\n\n\n\n<p><em>\u00ab\u00a0Il \u00e9tait une fois un vieux monstre qui s&rsquo;appelait <strong>Mrs Magoo<\/strong>. C&rsquo;\u00e9tait un gentil monstre qui r\u00e9fl\u00e9chissait beaucoup. Mrs Magoo avait de petits monstres. Ils \u00e9taient tr\u00e8s actifs et faisaient des b\u00eatises. Donc, il devait toujours les surveiller.\u00a0\u00bb <\/em>Lucie<\/p>\n\n\n\n<p><em>\u00ab\u00a0Il \u00e9tait une fois un nain qui s&rsquo;appelait <strong>Gas<\/strong>. Il a un grand front comme les hommes pr\u00e9historiques, deux grandes oreilles et une grande bouche. C&rsquo;\u00e9tait un homme courageux, fort et gentil. Un jour, une sorci\u00e8re zinzin le transforma en nain.\u00a0\u00bb&nbsp;<\/em>Stanislas<\/p>\n\n\n\n<p><em>\u00ab\u00a0C&rsquo;est l&rsquo;histoire d&rsquo;un vieux singe qui est gentil avec les animaux mais m\u00e9chant avec les humains. Il a des oreilles comme les elfes. Il avait des pouvoirs magiques mais ses pouvoirs magiques \u00e9taient cach\u00e9s dans une grotte profonde. Il ne le dit \u00e0 personne. Et les humains le cherchent partout dans la for\u00eat pour qu&rsquo;il leur donne des pouvoirs magiques. Pour \u00e7a, il est en train de r\u00e9fl\u00e9chir \u00e0 un plan pour qu&rsquo;il chasse ces humains qui veulent prendre ses pouvoirs magiques.\u00a0\u00bb <\/em>Amel<\/p>\n\n\n\n<p><em>\u00ab\u00a0Il \u00e9tait une fois un gobelin qui s&rsquo;appelait <strong>Arnol<\/strong>. Son histoire n&rsquo;est pas comme celle des autres gobelins. Il est gentil, petit, malin, gros et aussi poilu. Un jour, ce petit Arnol se baladait dans le village des trois Brigands. Lorsqu&rsquo;il entendit un bruit \u00e9trange venant d&rsquo;une petite maison faite en bois et en paille, il d\u00e9cida d&rsquo;entrer dans cette chaumi\u00e8re. Il ouvrit la porte quand il vit l&rsquo;esprit de sa m\u00e8re. Mais un autre gobelin la tenait prisonni\u00e8re. C&rsquo;\u00e9tait un des trois brigands. Arnol sortit un \u00e9norme marteau pour l&rsquo;assommer. L&rsquo;esprit \u00e9tait libre.\u00a0\u00bb<\/em> Lilia<\/p>\n\n\n\n<p><em>\u00ab\u00a0Il \u00e9tait une fois un monstre qui s&rsquo;appelait <strong>Sagan<\/strong>. Il aimait sauter dans les flaques. Sagan ressemblait \u00e0 un singe, mais ses oreilles ressemblaient \u00e0 des oreilles de cheval. Il \u00e9tait gentil. Voici son histoire : il fut abandonn\u00e9 chez ses grands-parents qui habitaient dans la for\u00eat. Quand il fut un peu plus grand, ses grands-parents appel\u00e8rent un professionnel pour lui apprendre \u00e0 grimper aux arbres. Enfin, il devint fort et il sauva beaucoup d&rsquo;animaux.\u00a0\u00bb<\/em> Meiline<\/p>\n\n\n\n<p><em>\u00ab\u00a0C&rsquo;est l&rsquo;histoire d&rsquo;un monstre qui s&rsquo;appelait <strong>Terrifieur<\/strong>. Il a de grandes oreilles et un grand nez. Il n&rsquo;est pas gros, il est normal. Il d\u00e9truit tous les m\u00e9chants, il sauve tout le monde aussi.\u00a0\u00bb <\/em>Mohammed<\/p>\n\n\n\n<p><em>\u00ab\u00a0Il \u00e9tait une fois, <strong>Eric<\/strong>, un ogre gentil. Il vivait dans un ch\u00e2teau et il \u00e9tait triste parce qu&rsquo;il \u00e9tait tout seul. Personne ne voulait venir chez lui parce qu&rsquo;ils avaient peur. Alors, il s&rsquo;amusait tout seul.\u00a0\u00bb <\/em>Valentin<\/p>\n\n\n\n<p><em>\u00ab\u00a0C&rsquo;est l&rsquo;histoire d&rsquo;<strong>Elfie<\/strong>, un Mongen (un monstre gentil et poilu). Un jour, il r\u00e9fl\u00e9chit et trouva une qu\u00eate: c&rsquo;\u00e9tait la qu\u00eate d&rsquo;une \u00e9p\u00e9e, le dragon d&rsquo;or. Elle \u00e9tait sur la plus grande montagne du monde! Un soir, il s&rsquo;enfuit de la maison o\u00f9 vivaient ses parents. Quand il arriva au pied de la montagne, il trouva un dragon protecteur de l&rsquo;\u00e9p\u00e9e d&rsquo;or. Mais le courageux Elfie n&rsquo;\u00e9tait pas venu les mains vides \u00e0 la montagne! Il avait pris avec lui des petites \u00e9p\u00e9es tr\u00e8s puissantes, les kounains. Et c&rsquo;\u00e9tait comme \u00e7a que le muscl\u00e9 Elfie tua le dragon et trouva l&rsquo;\u00e9p\u00e9e d&rsquo;or. Il est devenu le chef de sa ville et v\u00e9cut heureux jusqu&rsquo;\u00e0 la fin de sa vie.\u00a0\u00bb&nbsp;<\/em>Ziyad<\/p>\n\n\n\n<p>Tu connais peut-\u00eatre <a href=\"https:\/\/www.bfmtv.com\/culture\/claude-ponti-cacher-la-realite-aux-enfants-c-est-en-faire-des-infirmes-1873716.html\" target=\"_blank\" rel=\"noopener\">Claude Ponti<\/a>, il \u00e9crit et dessine des livres pour les enfants. Lui aussi s&rsquo;est amus\u00e9 \u00e0 imaginer un personnage \u00e0 partir de cette sculpture.<\/p>\n\n\n<div class=\"wp-block-image aligncenter size-full wp-image-10530\">\n<figure class=\"alignnone\"><img decoding=\"async\" src=\"https:\/\/lafilledecorinthe.com\/wordpress\/wp-content\/uploads\/2020\/04\/CP-et-livre.jpg\" alt=\"CP et livre\"\/><figcaption class=\"wp-element-caption\">Claude Ponti et son album \u00ab\u00a0Voyage au pays des monstres\u00a0\u00bb, l&rsquo;\u00e9cole des loisirs, 2020<\/figcaption><\/figure>\n<\/div>\n\n\n<p><em>&nbsp;\u00ab\u00a0Moi, c&rsquo;est <strong>L\u00e9haut-Polnu<\/strong>. Je copie imparfaitement la personne que j&rsquo;habite. Je suis pareil et diff\u00e9rent. J&rsquo;ai de v\u00e9ritables conversations avec mon h\u00f4te, car deux pens\u00e9es presque identiques obligent \u00e0 une tr\u00e8s grande finesse d&rsquo;esprit.\u00a0\u00bb<\/em> Claude Ponti<\/p>\n\n\n<div class=\"wp-block-image\">\n<figure class=\"aligncenter\"><a href=\"https:\/\/lafilledecorinthe.com\/wordpress\/wp-content\/uploads\/2020\/04\/IMG_3101.jpeg\"><img loading=\"lazy\" decoding=\"async\" width=\"2009\" height=\"2196\" src=\"https:\/\/lafilledecorinthe.com\/wordpress\/wp-content\/uploads\/2020\/04\/IMG_3101.jpeg\" alt=\"IMG_3101\" class=\"wp-image-10537\" srcset=\"https:\/\/lafilledecorinthe.com\/wordpress\/wp-content\/uploads\/2020\/04\/IMG_3101.jpeg 2009w, https:\/\/lafilledecorinthe.com\/wordpress\/wp-content\/uploads\/2020\/04\/IMG_3101-622x680.jpeg 622w, https:\/\/lafilledecorinthe.com\/wordpress\/wp-content\/uploads\/2020\/04\/IMG_3101-1171x1280.jpeg 1171w, https:\/\/lafilledecorinthe.com\/wordpress\/wp-content\/uploads\/2020\/04\/IMG_3101-274x300.jpeg 274w\" sizes=\"auto, (max-width: 2009px) 100vw, 2009px\" \/><\/a><figcaption class=\"wp-element-caption\">Claude Ponti<\/figcaption><\/figure>\n<\/div>\n\n\n<p>Claude Ponti a imagin\u00e9 ce&nbsp;personnage <em>ami secret<\/em> en d\u00e9couvrant les sculptures de L\u00e9opold Chauveau&nbsp;au Mus\u00e9e d&rsquo;Orsay qui consacre&nbsp;une tr\u00e8s belle exposition \u00e0 cet artiste&nbsp;jusqu&rsquo;\u00e0 fin juin.<\/p>\n\n\n<div class=\"wp-block-image wp-image-10539 size-full\">\n<figure class=\"aligncenter\"><img loading=\"lazy\" decoding=\"async\" width=\"800\" height=\"533\" src=\"https:\/\/lafilledecorinthe.com\/wordpress\/wp-content\/uploads\/2020\/04\/\u00a9-muse\u0301e-dOrsay-Sophie-Cre\u0301py.jpg\" alt=\"\u00a9 muse\u0301e d'Orsay : Sophie Cre\u0301py\" class=\"wp-image-10539\" srcset=\"https:\/\/lafilledecorinthe.com\/wordpress\/wp-content\/uploads\/2020\/04\/\u00a9-muse\u0301e-dOrsay-Sophie-Cre\u0301py.jpg 800w, https:\/\/lafilledecorinthe.com\/wordpress\/wp-content\/uploads\/2020\/04\/\u00a9-muse\u0301e-dOrsay-Sophie-Cre\u0301py-680x453.jpg 680w, https:\/\/lafilledecorinthe.com\/wordpress\/wp-content\/uploads\/2020\/04\/\u00a9-muse\u0301e-dOrsay-Sophie-Cre\u0301py-450x300.jpg 450w\" sizes=\"auto, (max-width: 800px) 100vw, 800px\" \/><figcaption class=\"wp-element-caption\">\u00a9 mus\u00e9e d&rsquo;Orsay \/ Sophie Cr\u00e9py<\/figcaption><\/figure>\n<\/div>\n\n\n<p>L\u00e9opold Chauveau est n\u00e9 en 1870. Sous la pression de son p\u00e8re il&nbsp;fait des \u00e9tudes de&nbsp; m\u00e9decine. Chirurgien pendant la premi\u00e8re guerre mondiale, il est marqu\u00e9 par les horreurs et l&rsquo;absurdit\u00e9 de la guerre. Au d\u00e9but des ann\u00e9es 20, \u00e0 la mort de son p\u00e8re, il&nbsp;se consacre enti\u00e8rement \u00e0 sa pratique artistique. Outre ses sculptures de monstres, il dessine et \u00e9crit des livres pour les enfants et les adultes.<\/p>\n\n\n<div class=\"wp-block-image\">\n<figure class=\"aligncenter\"><a href=\"https:\/\/lafilledecorinthe.com\/wordpress\/wp-content\/uploads\/2020\/04\/portrait.jpg\"><img loading=\"lazy\" decoding=\"async\" width=\"1364\" height=\"866\" src=\"https:\/\/lafilledecorinthe.com\/wordpress\/wp-content\/uploads\/2020\/04\/portrait.jpg\" alt=\"portrait\" class=\"wp-image-10540\" srcset=\"https:\/\/lafilledecorinthe.com\/wordpress\/wp-content\/uploads\/2020\/04\/portrait.jpg 1364w, https:\/\/lafilledecorinthe.com\/wordpress\/wp-content\/uploads\/2020\/04\/portrait-680x432.jpg 680w, https:\/\/lafilledecorinthe.com\/wordpress\/wp-content\/uploads\/2020\/04\/portrait-1280x813.jpg 1280w, https:\/\/lafilledecorinthe.com\/wordpress\/wp-content\/uploads\/2020\/04\/portrait-473x300.jpg 473w\" sizes=\"auto, (max-width: 1364px) 100vw, 1364px\" \/><\/a><\/figure>\n<\/div>\n\n\n<p>Revenons \u00e0 notre image myst\u00e9rieuse. Parmi toutes ses sculptures de monstres, celle-ci est particuli\u00e8re.&nbsp;Elle pourrait \u00eatre un autoportrait de l&rsquo;artiste. Qu&rsquo;en penses-tu ? Trouves-tu qu&rsquo;elle lui ressemble ? Compare le nom donn\u00e9 par Claude Ponti au pr\u00e9nom de l&rsquo;artiste, que remarques-tu ?<\/p>\n\n\n\n<p>\u00c0 \u00e9couter !<\/p>\n\n\n\n<figure class=\"wp-block-audio\"><audio controls src=\"https:\/\/lafilledecorinthe.com\/wordpress\/wp-content\/uploads\/2020\/04\/Le\u0301haut-Polnu.mp3\"><\/audio><\/figure>\n\n\n\n<p>D&rsquo;autres histoires de monstres \u00e0 d\u00e9couvrir<a href=\"https:\/\/www.petitsmo.fr\/au-pays-des-monstres\" target=\"_blank\" rel=\"noopener\"> ici<\/a> !<\/p>\n\n\n\n<p>En 2005, un r\u00e9alisateur japonais, <a title=\"K\u00f4ji Yamamura au Carrefour du cin\u00e9ma d\u2019animation\" href=\"https:\/\/lafilledecorinthe.com\/wordpress\/2013\/12\/koji-yamamura-au-carrefour-de-lanimation\/\" target=\"_blank\" rel=\"noopener\">Koji Yamamura<\/a>, a adapt\u00e9 en film d&rsquo;animation un album illustr\u00e9 de L\u00e9opold Chauveau, <em>Le vieux crocodile<\/em>. C&rsquo;est en anglais !<\/p>\n\n\n\n<figure class=\"wp-block-embed is-type-video is-provider-youtube wp-block-embed-youtube wp-embed-aspect-16-9 wp-has-aspect-ratio\"><div class=\"wp-block-embed__wrapper\">\n<iframe loading=\"lazy\" title=\"The Old Crocodile\" width=\"720\" height=\"405\" src=\"https:\/\/www.youtube.com\/embed\/ifhdsOiyPfw?feature=oembed\" frameborder=\"0\" allow=\"accelerometer; autoplay; clipboard-write; encrypted-media; gyroscope; picture-in-picture; web-share\" referrerpolicy=\"strict-origin-when-cross-origin\" allowfullscreen><\/iframe>\n<\/div><\/figure>\n\n\n\n<p>Les \u00e9tudiants de premi\u00e8re ann\u00e9e de l&rsquo;\u00e9cole des Gobelins ont r\u00e9alis\u00e9 une minute anim\u00e9e \u00e0 partir de l&rsquo;univers de L\u00e9opold Chauveau en partenariat avec le Mus\u00e9e d&rsquo;Orsay.<\/p>\n\n\n\n<p><iframe loading=\"lazy\" src=\"https:\/\/www.youtube.com\/embed\/XLAhNFzssKg\" width=\"560\" height=\"315\" frameborder=\"0\" allowfullscreen=\"allowfullscreen\"><\/iframe><\/p>\n\n\n\n<p>Tu peux d\u00e9couvrir les autres films <a href=\"https:\/\/www.youtube.com\/playlist?list=PLwUa6C-N-kpavUuqHc4XMf-IvTfuznjLO&amp;fbclid=IwAR2na_emafkcpVp9eSy1zFF2MdYJ2TDkRfjaZCW8TjEsIhdLGZQFU2V1uZU\" target=\"_blank\" rel=\"noopener\">ici<\/a>.<\/p>\n","protected":false},"excerpt":{"rendered":"<p>Apr\u00e8s l&rsquo;ombre myst\u00e9rieuse de&nbsp;Tim Noble et Sue Webster, les \u00e9l\u00e8ves de Laurence et Emilie ont re\u00e7u&nbsp;la photographie&nbsp;de cette \u00e9trange sculpture. Voici leurs premiers textes : \u00ab\u00a0La Curieuse Statue. Il \u00e9tait une fois, un petit monstre nomm\u00e9 Grossourcile. Il habite dans la for\u00eat. Un jour, il demanda \u00e0 Papa monstre : \u00ab &#8211; Pourquoi je ne&#8230;<\/p>\n","protected":false},"author":2,"featured_media":10526,"comment_status":"open","ping_status":"open","sticky":false,"template":"","format":"standard","meta":{"_kad_post_transparent":"","_kad_post_title":"","_kad_post_layout":"","_kad_post_sidebar_id":"","_kad_post_content_style":"","_kad_post_vertical_padding":"","_kad_post_feature":"","_kad_post_feature_position":"","_kad_post_header":false,"_kad_post_footer":false,"_kad_post_classname":"","footnotes":""},"categories":[7],"tags":[1993,1986,304,1995,651,1994,650,442,1992],"class_list":["post-10521","post","type-post","status-publish","format-standard","has-post-thumbnail","hentry","category-ateliers-enfants","tag-claude-ponti","tag-ecole-lucie-et-raymond-aubrac","tag-koji-yamamura","tag-lecole-des-gobelins","tag-le-vieux-crocodile","tag-lehaut-polnu","tag-leopold-chauveau","tag-musee-dorsay","tag-une-image-mysterieuse"],"_links":{"self":[{"href":"https:\/\/lafilledecorinthe.com\/wordpress\/wp-json\/wp\/v2\/posts\/10521","targetHints":{"allow":["GET"]}}],"collection":[{"href":"https:\/\/lafilledecorinthe.com\/wordpress\/wp-json\/wp\/v2\/posts"}],"about":[{"href":"https:\/\/lafilledecorinthe.com\/wordpress\/wp-json\/wp\/v2\/types\/post"}],"author":[{"embeddable":true,"href":"https:\/\/lafilledecorinthe.com\/wordpress\/wp-json\/wp\/v2\/users\/2"}],"replies":[{"embeddable":true,"href":"https:\/\/lafilledecorinthe.com\/wordpress\/wp-json\/wp\/v2\/comments?post=10521"}],"version-history":[{"count":21,"href":"https:\/\/lafilledecorinthe.com\/wordpress\/wp-json\/wp\/v2\/posts\/10521\/revisions"}],"predecessor-version":[{"id":14879,"href":"https:\/\/lafilledecorinthe.com\/wordpress\/wp-json\/wp\/v2\/posts\/10521\/revisions\/14879"}],"wp:featuredmedia":[{"embeddable":true,"href":"https:\/\/lafilledecorinthe.com\/wordpress\/wp-json\/wp\/v2\/media\/10526"}],"wp:attachment":[{"href":"https:\/\/lafilledecorinthe.com\/wordpress\/wp-json\/wp\/v2\/media?parent=10521"}],"wp:term":[{"taxonomy":"category","embeddable":true,"href":"https:\/\/lafilledecorinthe.com\/wordpress\/wp-json\/wp\/v2\/categories?post=10521"},{"taxonomy":"post_tag","embeddable":true,"href":"https:\/\/lafilledecorinthe.com\/wordpress\/wp-json\/wp\/v2\/tags?post=10521"}],"curies":[{"name":"wp","href":"https:\/\/api.w.org\/{rel}","templated":true}]}}