{"id":10501,"date":"2020-04-03T13:40:44","date_gmt":"2020-04-03T12:40:44","guid":{"rendered":"http:\/\/lafilledecorinthe.com\/wordpress\/?p=10501"},"modified":"2025-12-07T08:12:48","modified_gmt":"2025-12-07T07:12:48","slug":"une-image-mysterieuse-ecole-lucie-et-raymond-aubrac","status":"publish","type":"post","link":"https:\/\/lafilledecorinthe.com\/wordpress\/2020\/04\/une-image-mysterieuse-ecole-lucie-et-raymond-aubrac\/","title":{"rendered":"\u00ab\u00a0Une image myst\u00e9rieuse\u00a0\u00bb &#8230; Ecole Lucie et Raymond Aubrac"},"content":{"rendered":"\n<p>Laurence et Emilie, enseignantes&nbsp;\u00e0 Gennevilliers proposent&nbsp;\u00e0 leurs \u00e9l\u00e8ves de CE1 de suivre un parcours culturel&nbsp;sur&nbsp;<em>La figure de l&rsquo;artiste<\/em>. J&rsquo;y participe avec plaisir ! Apr\u00e8s une premi\u00e8re rencontre \u00e0 l&rsquo;\u00e9cole, nous sommes pour l&rsquo;instant chacun dans nos \u00ab\u00a0chez nous\u00a0\u00bb mais&nbsp;nous avons tr\u00e8s envie de maintenir un lien sur ce projet en attendant de&nbsp;nous revoir. C&rsquo;est chose faite,&nbsp;vive les images myst\u00e9rieuses&#8230;<\/p>\n\n\n\n<p>En d\u00e9but de semaine, Laurence et Emilie ont envoy\u00e9 cette <a href=\"https:\/\/lafilledecorinthe.com\/wordpress\/wp-content\/uploads\/2020\/04\/image-.pdf\">image<\/a>\u00a0\u00e0 leurs \u00e9l\u00e8ves. Voici leur retour&#8230;Vous n&rsquo;\u00eates pas tous d&rsquo;accord sur l&rsquo;identit\u00e9 de l&rsquo;ombre projet\u00e9e. Est-ce un homme ou une femme ?<br><span class=\"s1\">\u00ab\u00a0<em>Dans cette image, je vois la sculpture d\u2019un homme faite avec des mat\u00e9riaux diff\u00e9rents, recycl\u00e9s. On comprend que la sculpture est un homme gr\u00e2ce \u00e0 son ombre projet\u00e9e sur un mur&#8230;<\/em>\u00a0\u00bb\u00a0\u00a0<\/span>Ziyad<br>\u00ab\u00a0<em>Cette image repr\u00e9sente un monsieur qui est assis sur une chaise imaginaire&#8230;<\/em> \u00ab\u00a0Lucas\u00a0 \u00a0\u00ab\u00a0<em>Sur cette image, je vois un robot. Il y a un robot qui fait une ombre de dame&#8230;<\/em> \u00bb Mohamed\u00a0 \u00a0\u00ab\u00a0<em>Dans cette image, je vois une jeune fille parce qu\u2019elle a des talons aux pieds&#8230;<\/em>\u00a0\u00bb Hassan\u00a0 \u00a0\u00ab\u00a0<em>&#8230; Je pense que c\u2019est la directrice de l\u2019\u00e9cole Aubrac.<\/em>\u00bb Lilia<\/p>\n\n\n\n<p class=\"p1\">Cette photo est un d\u00e9tail d&rsquo;une oeuvre plus grande qui s&rsquo;appelle \u00ab\u00a0<em>He \/ She\u00a0\u00bb. <\/em>Elle a \u00e9t\u00e9 r\u00e9alis\u00e9e en 2004 par&nbsp;les artistes britanniques Tim Noble et Sue Webster. Notre image myst\u00e9rieuse est l&rsquo;autoportrait de Sue Webster, \u00ab\u00a0<em>She\u00a0\u00bb<\/em>&nbsp;veut dire \u00ab\u00a0<em>Elle\u00a0\u00bb<\/em> en anglais.<\/p>\n\n\n<div class=\"wp-block-image\">\n<figure class=\"aligncenter\"><a href=\"https:\/\/lafilledecorinthe.com\/wordpress\/wp-content\/uploads\/2020\/04\/Noble-Webster.jpg\"><img loading=\"lazy\" decoding=\"async\" width=\"576\" height=\"763\" src=\"https:\/\/lafilledecorinthe.com\/wordpress\/wp-content\/uploads\/2020\/04\/Noble-Webster.jpg\" alt=\"Noble &amp; Webster\" class=\"wp-image-10508\" srcset=\"https:\/\/lafilledecorinthe.com\/wordpress\/wp-content\/uploads\/2020\/04\/Noble-Webster.jpg 576w, https:\/\/lafilledecorinthe.com\/wordpress\/wp-content\/uploads\/2020\/04\/Noble-Webster-513x680.jpg 513w, https:\/\/lafilledecorinthe.com\/wordpress\/wp-content\/uploads\/2020\/04\/Noble-Webster-226x300.jpg 226w\" sizes=\"auto, (max-width: 576px) 100vw, 576px\" \/><\/a><figcaption class=\"wp-element-caption\">Les artistes Tim Noble et Sue Webster photographi\u00e9s par David Bailey<\/figcaption><\/figure>\n<\/div>\n\n<div class=\"wp-block-image wp-image-10509 size-full\">\n<figure class=\"aligncenter\"><img loading=\"lazy\" decoding=\"async\" width=\"432\" height=\"336\" src=\"https:\/\/lafilledecorinthe.com\/wordpress\/wp-content\/uploads\/2020\/04\/He-and-She.jpg\" alt=\"He and She\" class=\"wp-image-10509\" srcset=\"https:\/\/lafilledecorinthe.com\/wordpress\/wp-content\/uploads\/2020\/04\/He-and-She.jpg 432w, https:\/\/lafilledecorinthe.com\/wordpress\/wp-content\/uploads\/2020\/04\/He-and-She-386x300.jpg 386w\" sizes=\"auto, (max-width: 432px) 100vw, 432px\" \/><figcaption class=\"wp-element-caption\">L&rsquo;oeuvre enti\u00e8re, \u00ab\u00a0He\/She\u00a0\u00bb, Tim Noble et Sue Webster, 2004<\/figcaption><\/figure>\n<\/div>\n\n\n<p class=\"p1\">Vous avez tous remarqu\u00e9 cet \u00e9trange&nbsp;amas de morceaux de ferraille au premier plan&nbsp;: \u00ab\u00a0<em>m\u00e9tal<\/em>\u00a0\u00bb pour Suleymene, \u00ab\u00a0<em>mat\u00e9riaux diff\u00e9rents, recycl\u00e9s<\/em>\u00a0\u00bb pour Ziyad, \u00ab\u00a0<em>objets rassembl\u00e9s<\/em>\u00a0\u00bb pour Stanislas, \u00ab\u00a0<em>d\u00e9chets m\u00e9talliques<\/em>\u00a0\u00bb pour Hassan,&nbsp;\u00ab\u00a0<em>bouts de m\u00e9tal peints et coll\u00e9s l\u2019un \u00e0 l\u2019autre<\/em>\u00a0\u00bb pour Lilia, \u00ab\u00a0<em>machin<\/em>e\u00a0\u00bb pour Rym, \u00ab\u00a0<em>pi\u00e8ces de m\u00e9tal<\/em>\u00a0\u00bb pour C\u00f4me et m\u00eame \u00ab\u00a0<em>robot<\/em>\u00a0\u00bb pour Mohamed.<\/p>\n\n\n<div class=\"wp-block-image\">\n<figure class=\"aligncenter\"><a href=\"https:\/\/lafilledecorinthe.com\/wordpress\/wp-content\/uploads\/2020\/04\/she_2004_day1.jpg\"><img loading=\"lazy\" decoding=\"async\" width=\"800\" height=\"800\" src=\"https:\/\/lafilledecorinthe.com\/wordpress\/wp-content\/uploads\/2020\/04\/she_2004_day1.jpg\" alt=\"she_2004_day1\" class=\"wp-image-10511\" srcset=\"https:\/\/lafilledecorinthe.com\/wordpress\/wp-content\/uploads\/2020\/04\/she_2004_day1.jpg 800w, https:\/\/lafilledecorinthe.com\/wordpress\/wp-content\/uploads\/2020\/04\/she_2004_day1-200x200.jpg 200w, https:\/\/lafilledecorinthe.com\/wordpress\/wp-content\/uploads\/2020\/04\/she_2004_day1-680x680.jpg 680w, https:\/\/lafilledecorinthe.com\/wordpress\/wp-content\/uploads\/2020\/04\/she_2004_day1-300x300.jpg 300w\" sizes=\"auto, (max-width: 800px) 100vw, 800px\" \/><\/a><figcaption class=\"wp-element-caption\">Le tas de ferraille pour \u00ab\u00a0She\u00a0\u00bb<\/figcaption><\/figure>\n<\/div>\n\n\n<p class=\"p1\"><span class=\"s1\">\u00ab\u00a0<em>Je pense que la machine fait la lumi\u00e8re de cette image. L\u2019humain a l\u2019air discret. Je pense qu\u2019il jouait ou quelque chose comme \u00e7a&nbsp;! Et quelqu\u2019un l\u2019a rep\u00e9r\u00e9 et a allum\u00e9 la lumi\u00e8re.&nbsp;<\/em><\/span><em>Maintenant j\u2019ai eu une autre th\u00e9orie en regardant de plus pr\u00e8s gr\u00e2ce \u00e0 ma maman. C\u2019est l\u2019ombre de l\u2019objet qu\u2019on voit sur l\u2019image et ce n\u2019est pas une femme.<\/em>&nbsp;\u00bb La maman de Rym a raison, il manque quelque chose pour bien comprendre le dispositif, l&rsquo;origine de la lumi\u00e8re ! L&rsquo;oeuvre de Tim Noble et de Sue Webster nous montre que les ombres cr\u00e9ent aussi des illusions. Pour que l&rsquo;illusion fonctionne le projecteur doit \u00eatre plac\u00e9 \u00e0 un endroit pr\u00e9cis, \u00e0 votre avis o\u00f9 \u00e9tait-il ?<\/p>\n\n\n\n<p class=\"p1\">Voici un autre double autoportrait des artistes :<\/p>\n\n\n<div class=\"wp-block-image\">\n<figure class=\"aligncenter\"><a href=\"https:\/\/lafilledecorinthe.com\/wordpress\/wp-content\/uploads\/2020\/04\/dirty_white_trash_1998A.jpg\"><img loading=\"lazy\" decoding=\"async\" width=\"782\" height=\"960\" src=\"https:\/\/lafilledecorinthe.com\/wordpress\/wp-content\/uploads\/2020\/04\/dirty_white_trash_1998A.jpg\" alt=\"dirty_white_trash_1998A\" class=\"wp-image-10512\" srcset=\"https:\/\/lafilledecorinthe.com\/wordpress\/wp-content\/uploads\/2020\/04\/dirty_white_trash_1998A.jpg 782w, https:\/\/lafilledecorinthe.com\/wordpress\/wp-content\/uploads\/2020\/04\/dirty_white_trash_1998A-554x680.jpg 554w, https:\/\/lafilledecorinthe.com\/wordpress\/wp-content\/uploads\/2020\/04\/dirty_white_trash_1998A-244x300.jpg 244w\" sizes=\"auto, (max-width: 782px) 100vw, 782px\" \/><\/a><figcaption class=\"wp-element-caption\">\u00ab\u00a0Dirty White Trash ( With Gulls)\u00a0\u00bb, 1998<\/figcaption><\/figure>\n<\/div>\n\n\n<p class=\"p1\">\u00a0Leur d\u00e9marche est de partir de leurs d\u00e9chets pour concevoir des sculptures \u00e0 messages d\u00e9non\u00e7ant la pollution et la sur-consommation.<br>L&rsquo;interpr\u00e9tation d&rsquo;Hassan se rapproche beaucoup de leurs id\u00e9es : \u00a0\u00bb <em>Je crois que la jeune fille est triste car il y a beaucoup de pollution partout sur la terre. La fille me rappelle le penseur au mus\u00e9e Rodin. Je crois qu\u2019elle cherche une solution pour qu\u2019il y ait moins de pollution.<\/em>\u00ab\u00a0<br>Mais chacun voit l&rsquo;oeuvre \u00e0 sa fa\u00e7on !<\/p>\n\n\n\n<p class=\"p1\">Je vous invite&nbsp;maintenant \u00e0 jouer avec les ombres. Envoyez-nous des photos de vos installations !<\/p>\n\n\n<div class=\"wp-block-image\">\n<figure class=\"aligncenter\"><a href=\"https:\/\/lafilledecorinthe.com\/wordpress\/wp-content\/uploads\/2020\/04\/c\u00f4me.jpg\"><img loading=\"lazy\" decoding=\"async\" width=\"2080\" height=\"1174\" src=\"https:\/\/lafilledecorinthe.com\/wordpress\/wp-content\/uploads\/2020\/04\/c\u00f4me.jpg\" alt=\"c\u00f4me\" class=\"wp-image-10519\" srcset=\"https:\/\/lafilledecorinthe.com\/wordpress\/wp-content\/uploads\/2020\/04\/c\u00f4me.jpg 2080w, https:\/\/lafilledecorinthe.com\/wordpress\/wp-content\/uploads\/2020\/04\/c\u00f4me-680x384.jpg 680w, https:\/\/lafilledecorinthe.com\/wordpress\/wp-content\/uploads\/2020\/04\/c\u00f4me-1280x722.jpg 1280w, https:\/\/lafilledecorinthe.com\/wordpress\/wp-content\/uploads\/2020\/04\/c\u00f4me-500x282.jpg 500w\" sizes=\"auto, (max-width: 2080px) 100vw, 2080px\" \/><\/a><figcaption class=\"wp-element-caption\">Une superbe proposition de C\u00f4me, BRAVO !<\/figcaption><\/figure>\n<\/div>\n\n\n<p class=\"p1\">&nbsp;<\/p>\n","protected":false},"excerpt":{"rendered":"<p>Laurence et Emilie, enseignantes&nbsp;\u00e0 Gennevilliers proposent&nbsp;\u00e0 leurs \u00e9l\u00e8ves de CE1 de suivre un parcours culturel&nbsp;sur&nbsp;La figure de l&rsquo;artiste. J&rsquo;y participe avec plaisir ! Apr\u00e8s une premi\u00e8re rencontre \u00e0 l&rsquo;\u00e9cole, nous sommes pour l&rsquo;instant chacun dans nos \u00ab\u00a0chez nous\u00a0\u00bb mais&nbsp;nous avons tr\u00e8s envie de maintenir un lien sur ce projet en attendant de&nbsp;nous revoir. C&rsquo;est chose&#8230;<\/p>\n","protected":false},"author":2,"featured_media":10502,"comment_status":"open","ping_status":"open","sticky":false,"template":"","format":"standard","meta":{"_kad_post_transparent":"","_kad_post_title":"","_kad_post_layout":"","_kad_post_sidebar_id":"","_kad_post_content_style":"","_kad_post_vertical_padding":"","_kad_post_feature":"","_kad_post_feature_position":"","_kad_post_header":false,"_kad_post_footer":false,"_kad_post_classname":"","footnotes":""},"categories":[7],"tags":[1991,1986,1988,1985,1987,1990,1989],"class_list":["post-10501","post","type-post","status-publish","format-standard","has-post-thumbnail","hentry","category-ateliers-enfants","tag-dirty-white-trash-with-gulls","tag-ecole-lucie-et-raymond-aubrac","tag-he-she","tag-image-mysterieuse","tag-la-figure-de-lartiste","tag-sue-webster","tag-tim-noble"],"_links":{"self":[{"href":"https:\/\/lafilledecorinthe.com\/wordpress\/wp-json\/wp\/v2\/posts\/10501","targetHints":{"allow":["GET"]}}],"collection":[{"href":"https:\/\/lafilledecorinthe.com\/wordpress\/wp-json\/wp\/v2\/posts"}],"about":[{"href":"https:\/\/lafilledecorinthe.com\/wordpress\/wp-json\/wp\/v2\/types\/post"}],"author":[{"embeddable":true,"href":"https:\/\/lafilledecorinthe.com\/wordpress\/wp-json\/wp\/v2\/users\/2"}],"replies":[{"embeddable":true,"href":"https:\/\/lafilledecorinthe.com\/wordpress\/wp-json\/wp\/v2\/comments?post=10501"}],"version-history":[{"count":12,"href":"https:\/\/lafilledecorinthe.com\/wordpress\/wp-json\/wp\/v2\/posts\/10501\/revisions"}],"predecessor-version":[{"id":14854,"href":"https:\/\/lafilledecorinthe.com\/wordpress\/wp-json\/wp\/v2\/posts\/10501\/revisions\/14854"}],"wp:featuredmedia":[{"embeddable":true,"href":"https:\/\/lafilledecorinthe.com\/wordpress\/wp-json\/wp\/v2\/media\/10502"}],"wp:attachment":[{"href":"https:\/\/lafilledecorinthe.com\/wordpress\/wp-json\/wp\/v2\/media?parent=10501"}],"wp:term":[{"taxonomy":"category","embeddable":true,"href":"https:\/\/lafilledecorinthe.com\/wordpress\/wp-json\/wp\/v2\/categories?post=10501"},{"taxonomy":"post_tag","embeddable":true,"href":"https:\/\/lafilledecorinthe.com\/wordpress\/wp-json\/wp\/v2\/tags?post=10501"}],"curies":[{"name":"wp","href":"https:\/\/api.w.org\/{rel}","templated":true}]}}