{"id":10474,"date":"2020-03-05T16:14:07","date_gmt":"2020-03-05T15:14:07","guid":{"rendered":"http:\/\/lafilledecorinthe.com\/wordpress\/?p=10474"},"modified":"2025-12-07T08:13:33","modified_gmt":"2025-12-07T07:13:33","slug":"les-petits-contes-de-la-nuit-au-cinema-le-select-dantony","status":"publish","type":"post","link":"https:\/\/lafilledecorinthe.com\/wordpress\/2020\/03\/les-petits-contes-de-la-nuit-au-cinema-le-select-dantony\/","title":{"rendered":"\u00ab\u00a0Les petits contes de la nuit\u00a0\u00bb au cin\u00e9ma le S\u00e9lect d&rsquo;Antony"},"content":{"rendered":"\n<p>Parmi toutes les sorties de la semaine, un&nbsp;tr\u00e8s beau programme de courts m\u00e9trages est propos\u00e9 aux jeunes spectateurs sous le titre&nbsp;<a href=\"https:\/\/www.littlekmbo.com\/les-petits-contes-de-la-nuit\" target=\"_blank\" rel=\"noopener\">Les Petits Contes de la Nuit<\/a>&nbsp;par le distributeur Little KMBO.<\/p>\n\n\n<div class=\"wp-block-image\">\n<figure class=\"aligncenter\"><a href=\"https:\/\/lafilledecorinthe.com\/wordpress\/wp-content\/uploads\/2020\/03\/couv2.jpeg\"><img loading=\"lazy\" decoding=\"async\" width=\"3024\" height=\"4032\" src=\"https:\/\/lafilledecorinthe.com\/wordpress\/wp-content\/uploads\/2020\/03\/couv2.jpeg\" alt=\"couv2\" class=\"wp-image-10476\" srcset=\"https:\/\/lafilledecorinthe.com\/wordpress\/wp-content\/uploads\/2020\/03\/couv2.jpeg 3024w, https:\/\/lafilledecorinthe.com\/wordpress\/wp-content\/uploads\/2020\/03\/couv2-510x680.jpeg 510w, https:\/\/lafilledecorinthe.com\/wordpress\/wp-content\/uploads\/2020\/03\/couv2-960x1280.jpeg 960w, https:\/\/lafilledecorinthe.com\/wordpress\/wp-content\/uploads\/2020\/03\/couv2-225x300.jpeg 225w\" sizes=\"auto, (max-width: 3024px) 100vw, 3024px\" \/><\/a><\/figure>\n<\/div>\n\n\n<p>La salle de cin\u00e9ma est le lieu par excellence pour parler des&nbsp;plaisirs et des peurs que nous pouvons ressentir dans le noir&nbsp;de la nuit : plaisir de se reposer, plaisir de r\u00eaver et d&rsquo;imaginer, peur de ce que l&rsquo;on ne voit pas, peur des monstres&#8230;&nbsp;\u00c0 l&rsquo;instar du h\u00e9ros du tr\u00e8s beau court m\u00e9trage d&rsquo;<a href=\"https:\/\/hannakimart.myportfolio.com\/\" target=\"_blank\" rel=\"noopener\">Hanna Kim&nbsp;<\/a>nous avons jou\u00e9&nbsp;nous aussi avec les ombres&#8230;<\/p>\n\n\n<div class=\"wp-block-image\">\n<figure class=\"aligncenter\"><a href=\"https:\/\/lafilledecorinthe.com\/wordpress\/wp-content\/uploads\/2020\/03\/Raton1.png\"><img loading=\"lazy\" decoding=\"async\" width=\"1918\" height=\"1078\" src=\"https:\/\/lafilledecorinthe.com\/wordpress\/wp-content\/uploads\/2020\/03\/Raton1.png\" alt=\"Raton1\" class=\"wp-image-10478\" srcset=\"https:\/\/lafilledecorinthe.com\/wordpress\/wp-content\/uploads\/2020\/03\/Raton1.png 1918w, https:\/\/lafilledecorinthe.com\/wordpress\/wp-content\/uploads\/2020\/03\/Raton1-680x382.png 680w, https:\/\/lafilledecorinthe.com\/wordpress\/wp-content\/uploads\/2020\/03\/Raton1-1280x719.png 1280w, https:\/\/lafilledecorinthe.com\/wordpress\/wp-content\/uploads\/2020\/03\/Raton1-500x281.png 500w\" sizes=\"auto, (max-width: 1918px) 100vw, 1918px\" \/><\/a><figcaption class=\"wp-element-caption\">\u00ab\u00a0Le raton laveur et la lampe de poche\u00a0\u00bb, Hanna Kim, 2018<\/figcaption><\/figure>\n<\/div>\n\n<div class=\"wp-block-image\">\n<figure class=\"aligncenter\"><a href=\"https:\/\/lafilledecorinthe.com\/wordpress\/wp-content\/uploads\/2020\/03\/Raton2.png\"><img loading=\"lazy\" decoding=\"async\" width=\"1918\" height=\"1078\" src=\"https:\/\/lafilledecorinthe.com\/wordpress\/wp-content\/uploads\/2020\/03\/Raton2.png\" alt=\"Raton2\" class=\"wp-image-10479\" srcset=\"https:\/\/lafilledecorinthe.com\/wordpress\/wp-content\/uploads\/2020\/03\/Raton2.png 1918w, https:\/\/lafilledecorinthe.com\/wordpress\/wp-content\/uploads\/2020\/03\/Raton2-680x382.png 680w, https:\/\/lafilledecorinthe.com\/wordpress\/wp-content\/uploads\/2020\/03\/Raton2-1280x719.png 1280w, https:\/\/lafilledecorinthe.com\/wordpress\/wp-content\/uploads\/2020\/03\/Raton2-500x281.png 500w\" sizes=\"auto, (max-width: 1918px) 100vw, 1918px\" \/><\/a><figcaption class=\"wp-element-caption\">\u00ab\u00a0Le raton laveur et la lampe de poche\u00a0\u00bb, Hanna Kim, 2018<\/figcaption><\/figure>\n<\/div>\n\n\n<p>Enfants et adultes ont r\u00e9uni leurs talents pour cr\u00e9er des marionnettes de th\u00e9\u00e2tre d&rsquo;ombres.<\/p>\n\n\n<div class=\"wp-block-image\">\n<figure class=\"aligncenter\"><a href=\"https:\/\/lafilledecorinthe.com\/wordpress\/wp-content\/uploads\/2020\/03\/1.jpeg\"><img loading=\"lazy\" decoding=\"async\" width=\"4032\" height=\"3024\" src=\"https:\/\/lafilledecorinthe.com\/wordpress\/wp-content\/uploads\/2020\/03\/1.jpeg\" alt=\"1\" class=\"wp-image-10481\" srcset=\"https:\/\/lafilledecorinthe.com\/wordpress\/wp-content\/uploads\/2020\/03\/1.jpeg 4032w, https:\/\/lafilledecorinthe.com\/wordpress\/wp-content\/uploads\/2020\/03\/1-680x510.jpeg 680w, https:\/\/lafilledecorinthe.com\/wordpress\/wp-content\/uploads\/2020\/03\/1-1280x960.jpeg 1280w, https:\/\/lafilledecorinthe.com\/wordpress\/wp-content\/uploads\/2020\/03\/1-400x300.jpeg 400w\" sizes=\"auto, (max-width: 4032px) 100vw, 4032px\" \/><\/a><figcaption class=\"wp-element-caption\">Dessiner des silhouettes, tout un art !<\/figcaption><\/figure>\n<\/div>\n\n<div class=\"wp-block-image\">\n<figure class=\"aligncenter\"><a href=\"https:\/\/lafilledecorinthe.com\/wordpress\/wp-content\/uploads\/2020\/03\/2.jpeg\"><img loading=\"lazy\" decoding=\"async\" width=\"4032\" height=\"3024\" src=\"https:\/\/lafilledecorinthe.com\/wordpress\/wp-content\/uploads\/2020\/03\/2.jpeg\" alt=\"2\" class=\"wp-image-10482\" srcset=\"https:\/\/lafilledecorinthe.com\/wordpress\/wp-content\/uploads\/2020\/03\/2.jpeg 4032w, https:\/\/lafilledecorinthe.com\/wordpress\/wp-content\/uploads\/2020\/03\/2-680x510.jpeg 680w, https:\/\/lafilledecorinthe.com\/wordpress\/wp-content\/uploads\/2020\/03\/2-1280x960.jpeg 1280w, https:\/\/lafilledecorinthe.com\/wordpress\/wp-content\/uploads\/2020\/03\/2-400x300.jpeg 400w\" sizes=\"auto, (max-width: 4032px) 100vw, 4032px\" \/><\/a><figcaption class=\"wp-element-caption\">D\u00e9couper \u00e0 4 mains&#8230;<\/figcaption><\/figure>\n<\/div>\n\n<div class=\"wp-block-image\">\n<figure class=\"aligncenter\"><a href=\"https:\/\/lafilledecorinthe.com\/wordpress\/wp-content\/uploads\/2020\/03\/3.jpeg\"><img loading=\"lazy\" decoding=\"async\" width=\"4032\" height=\"3024\" src=\"https:\/\/lafilledecorinthe.com\/wordpress\/wp-content\/uploads\/2020\/03\/3.jpeg\" alt=\"3\" class=\"wp-image-10483\" srcset=\"https:\/\/lafilledecorinthe.com\/wordpress\/wp-content\/uploads\/2020\/03\/3.jpeg 4032w, https:\/\/lafilledecorinthe.com\/wordpress\/wp-content\/uploads\/2020\/03\/3-680x510.jpeg 680w, https:\/\/lafilledecorinthe.com\/wordpress\/wp-content\/uploads\/2020\/03\/3-1280x960.jpeg 1280w, https:\/\/lafilledecorinthe.com\/wordpress\/wp-content\/uploads\/2020\/03\/3-400x300.jpeg 400w\" sizes=\"auto, (max-width: 4032px) 100vw, 4032px\" \/><\/a><figcaption class=\"wp-element-caption\">&#8230; personnages et d\u00e9cors.<\/figcaption><\/figure>\n<\/div>\n\n<div class=\"wp-block-image\">\n<figure class=\"aligncenter\"><a href=\"https:\/\/lafilledecorinthe.com\/wordpress\/wp-content\/uploads\/2020\/03\/4.jpeg\"><img loading=\"lazy\" decoding=\"async\" width=\"4032\" height=\"3024\" src=\"https:\/\/lafilledecorinthe.com\/wordpress\/wp-content\/uploads\/2020\/03\/4.jpeg\" alt=\"4\" class=\"wp-image-10484\" srcset=\"https:\/\/lafilledecorinthe.com\/wordpress\/wp-content\/uploads\/2020\/03\/4.jpeg 4032w, https:\/\/lafilledecorinthe.com\/wordpress\/wp-content\/uploads\/2020\/03\/4-680x510.jpeg 680w, https:\/\/lafilledecorinthe.com\/wordpress\/wp-content\/uploads\/2020\/03\/4-1280x960.jpeg 1280w, https:\/\/lafilledecorinthe.com\/wordpress\/wp-content\/uploads\/2020\/03\/4-400x300.jpeg 400w\" sizes=\"auto, (max-width: 4032px) 100vw, 4032px\" \/><\/a><figcaption class=\"wp-element-caption\">Jouer avec la taille des ombres dans un grand charivari.<\/figcaption><\/figure>\n<\/div>","protected":false},"excerpt":{"rendered":"<p>Parmi toutes les sorties de la semaine, un&nbsp;tr\u00e8s beau programme de courts m\u00e9trages est propos\u00e9 aux jeunes spectateurs sous le titre&nbsp;Les Petits Contes de la Nuit&nbsp;par le distributeur Little KMBO. La salle de cin\u00e9ma est le lieu par excellence pour parler des&nbsp;plaisirs et des peurs que nous pouvons ressentir dans le noir&nbsp;de la nuit :&#8230;<\/p>\n","protected":false},"author":2,"featured_media":10475,"comment_status":"open","ping_status":"open","sticky":false,"template":"","format":"standard","meta":{"_kad_post_transparent":"","_kad_post_title":"","_kad_post_layout":"","_kad_post_sidebar_id":"","_kad_post_content_style":"","_kad_post_vertical_padding":"","_kad_post_feature":"","_kad_post_feature_position":"","_kad_post_header":false,"_kad_post_footer":false,"_kad_post_classname":"","footnotes":""},"categories":[7],"tags":[1979,982,903,1980,1981,1477,845,1982],"class_list":["post-10474","post","type-post","status-publish","format-standard","has-post-thumbnail","hentry","category-ateliers-enfants","tag-les-petits-contes-de-la-nuit","tag-antony","tag-cinema-le-select","tag-hanna-kim","tag-le-raton-laveur-et-la-lampe-de-poche","tag-little-kmbo","tag-marionnettes","tag-theatre-dombres"],"_links":{"self":[{"href":"https:\/\/lafilledecorinthe.com\/wordpress\/wp-json\/wp\/v2\/posts\/10474","targetHints":{"allow":["GET"]}}],"collection":[{"href":"https:\/\/lafilledecorinthe.com\/wordpress\/wp-json\/wp\/v2\/posts"}],"about":[{"href":"https:\/\/lafilledecorinthe.com\/wordpress\/wp-json\/wp\/v2\/types\/post"}],"author":[{"embeddable":true,"href":"https:\/\/lafilledecorinthe.com\/wordpress\/wp-json\/wp\/v2\/users\/2"}],"replies":[{"embeddable":true,"href":"https:\/\/lafilledecorinthe.com\/wordpress\/wp-json\/wp\/v2\/comments?post=10474"}],"version-history":[{"count":8,"href":"https:\/\/lafilledecorinthe.com\/wordpress\/wp-json\/wp\/v2\/posts\/10474\/revisions"}],"predecessor-version":[{"id":14856,"href":"https:\/\/lafilledecorinthe.com\/wordpress\/wp-json\/wp\/v2\/posts\/10474\/revisions\/14856"}],"wp:featuredmedia":[{"embeddable":true,"href":"https:\/\/lafilledecorinthe.com\/wordpress\/wp-json\/wp\/v2\/media\/10475"}],"wp:attachment":[{"href":"https:\/\/lafilledecorinthe.com\/wordpress\/wp-json\/wp\/v2\/media?parent=10474"}],"wp:term":[{"taxonomy":"category","embeddable":true,"href":"https:\/\/lafilledecorinthe.com\/wordpress\/wp-json\/wp\/v2\/categories?post=10474"},{"taxonomy":"post_tag","embeddable":true,"href":"https:\/\/lafilledecorinthe.com\/wordpress\/wp-json\/wp\/v2\/tags?post=10474"}],"curies":[{"name":"wp","href":"https:\/\/api.w.org\/{rel}","templated":true}]}}