{"id":10439,"date":"2020-02-29T21:37:40","date_gmt":"2020-02-29T20:37:40","guid":{"rendered":"http:\/\/lafilledecorinthe.com\/wordpress\/?p=10439"},"modified":"2025-12-07T08:14:36","modified_gmt":"2025-12-07T07:14:36","slug":"les-enfants-dabord-au-jeu-de-paume-19","status":"publish","type":"post","link":"https:\/\/lafilledecorinthe.com\/wordpress\/2020\/02\/les-enfants-dabord-au-jeu-de-paume-19\/","title":{"rendered":"\u00ab\u00a0Les enfants d&rsquo;abord !\u00a0\u00bb au Jeu de Paume 19"},"content":{"rendered":"\n<p>\u00ab\u00a0Un exposition ne doit pas \u00eatre une le\u00e7on, elle ne cherche pas \u00e0 dire aux visiteurs ce qu&rsquo;il faut penser de tout \u00e7a mais cherche plut\u00f4t \u00e0 mettre le visiteur en face de cet univers d\u00e9bordant d&rsquo;images qu&rsquo;est le notre, \u00e0 solliciter son regard \u00e0 travers toutes ces oeuvres que des artistes nous ont g\u00e9n\u00e9reusement donn\u00e9es et qui sont leurs r\u00e9flexions, leur propos sur ce monde qui nous entoure.\u00a0\u00bb&nbsp; &nbsp; &nbsp; &nbsp; &nbsp; &nbsp; &nbsp; &nbsp; &nbsp; &nbsp; &nbsp; &nbsp; &nbsp; &nbsp; &nbsp; &nbsp; &nbsp; &nbsp; &nbsp; &nbsp; &nbsp; &nbsp; &nbsp; &nbsp; &nbsp; &nbsp; &nbsp; &nbsp; &nbsp; &nbsp; &nbsp; &nbsp; &nbsp; &nbsp; &nbsp; &nbsp; &nbsp; &nbsp; &nbsp; &nbsp; &nbsp; &nbsp; &nbsp; &nbsp; &nbsp; &nbsp; &nbsp; &nbsp; &nbsp; &nbsp; &nbsp; &nbsp; &nbsp; &nbsp; &nbsp; &nbsp; &nbsp; &nbsp; &nbsp; &nbsp; &nbsp; &nbsp; &nbsp; &nbsp; &nbsp; &nbsp; &nbsp; &nbsp; &nbsp; &nbsp;<a href=\"https:\/\/www.francefineart.com\/index.php\/agenda\/14-agenda\/agenda-news\/3379\" target=\"_blank\" rel=\"noopener\">Entretien<\/a> avec Peter Szendy, 7 f\u00e9vrier 2020,&nbsp;FranceFineArt<\/p>\n\n\n\n<p>Avant la fermeture pour travaux du&nbsp;<em>Jeu de Paume,&nbsp;<\/em>une vaste&nbsp;exposition <em>Le supermarch\u00e9 des images&nbsp;<\/em>envahit tous ses espaces.<\/p>\n\n\n\n<figure class=\"wp-block-embed is-type-video is-provider-youtube wp-block-embed-youtube wp-embed-aspect-16-9 wp-has-aspect-ratio\"><div class=\"wp-block-embed__wrapper\">\n<iframe loading=\"lazy\" title=\"Exposition Le supermarche\u0301 des images\" width=\"720\" height=\"405\" src=\"https:\/\/www.youtube.com\/embed\/TR0jLo3RNYs?start=3&#038;feature=oembed\" frameborder=\"0\" allow=\"accelerometer; autoplay; clipboard-write; encrypted-media; gyroscope; picture-in-picture; web-share\" referrerpolicy=\"strict-origin-when-cross-origin\" allowfullscreen><\/iframe>\n<\/div><\/figure>\n\n\n\n<p>La visite-atelier des <em>Enfants d&rsquo;abord !<\/em>&nbsp;, <em><a href=\"http:\/\/www.jeudepaume.org\/index.php?page=article&amp;idArt=1644\" target=\"_blank\" rel=\"noopener\">Dans mon caddie il y a &#8230;<\/a>,&nbsp;<\/em> invite les enfants \u00e0 faire leurs courses dans les oeuvres des 49 artistes expos\u00e9s.<\/p>\n\n\n<div class=\"wp-block-image\">\n<figure class=\"aligncenter\"><a href=\"https:\/\/lafilledecorinthe.com\/wordpress\/wp-content\/uploads\/2020\/02\/Sylvie-Fleury.jpeg\"><img loading=\"lazy\" decoding=\"async\" width=\"2316\" height=\"3257\" src=\"https:\/\/lafilledecorinthe.com\/wordpress\/wp-content\/uploads\/2020\/02\/Sylvie-Fleury.jpeg\" alt=\"Sylvie Fleury\" class=\"wp-image-10447\" srcset=\"https:\/\/lafilledecorinthe.com\/wordpress\/wp-content\/uploads\/2020\/02\/Sylvie-Fleury.jpeg 2316w, https:\/\/lafilledecorinthe.com\/wordpress\/wp-content\/uploads\/2020\/02\/Sylvie-Fleury-484x680.jpeg 484w, https:\/\/lafilledecorinthe.com\/wordpress\/wp-content\/uploads\/2020\/02\/Sylvie-Fleury-910x1280.jpeg 910w, https:\/\/lafilledecorinthe.com\/wordpress\/wp-content\/uploads\/2020\/02\/Sylvie-Fleury-213x300.jpeg 213w\" sizes=\"auto, (max-width: 2316px) 100vw, 2316px\" \/><\/a><figcaption class=\"wp-element-caption\">Serie Ela 75\/K (Won&rsquo;t Smudge Off), Sylvie Fleury, 2000\u00a0 \u00a0 \u00a0 \u00a0\u00ab\u00a0Dans mon caddie il y a &#8230;\u00a0\u00bb Visite-atelier des Enfants d&rsquo;abord !<\/figcaption><\/figure>\n<\/div>\n\n\n<p>En r\u00e9action \u00e0 la surabondance des images, les enfants sont invit\u00e9s \u00e0 faire des choix successifs. Premi\u00e8re consigne : chaque groupe ne prend en photo qu&rsquo;une seule oeuvre par salle, celle qui a retenu le plus leur attention.<\/p>\n\n\n<div class=\"wp-block-image\">\n<figure class=\"aligncenter\"><a href=\"https:\/\/lafilledecorinthe.com\/wordpress\/wp-content\/uploads\/2020\/02\/11.jpeg\"><img loading=\"lazy\" decoding=\"async\" width=\"5769\" height=\"4000\" src=\"https:\/\/lafilledecorinthe.com\/wordpress\/wp-content\/uploads\/2020\/02\/11.jpeg\" alt=\"1\" class=\"wp-image-10458\" srcset=\"https:\/\/lafilledecorinthe.com\/wordpress\/wp-content\/uploads\/2020\/02\/11.jpeg 5769w, https:\/\/lafilledecorinthe.com\/wordpress\/wp-content\/uploads\/2020\/02\/11-680x471.jpeg 680w, https:\/\/lafilledecorinthe.com\/wordpress\/wp-content\/uploads\/2020\/02\/11-1280x888.jpeg 1280w, https:\/\/lafilledecorinthe.com\/wordpress\/wp-content\/uploads\/2020\/02\/11-433x300.jpeg 433w\" sizes=\"auto, (max-width: 5769px) 100vw, 5769px\" \/><\/a><figcaption class=\"wp-element-caption\">Atelier du 29 f\u00e9vrier 2020<\/figcaption><\/figure>\n<\/div>\n\n<div class=\"wp-block-image\">\n<figure class=\"aligncenter\"><a href=\"https:\/\/lafilledecorinthe.com\/wordpress\/wp-content\/uploads\/2020\/02\/2.jpg\"><img loading=\"lazy\" decoding=\"async\" width=\"6000\" height=\"4000\" src=\"https:\/\/lafilledecorinthe.com\/wordpress\/wp-content\/uploads\/2020\/02\/2.jpg\" alt=\"2\" class=\"wp-image-10459\" srcset=\"https:\/\/lafilledecorinthe.com\/wordpress\/wp-content\/uploads\/2020\/02\/2.jpg 6000w, https:\/\/lafilledecorinthe.com\/wordpress\/wp-content\/uploads\/2020\/02\/2-680x453.jpg 680w, https:\/\/lafilledecorinthe.com\/wordpress\/wp-content\/uploads\/2020\/02\/2-1280x853.jpg 1280w, https:\/\/lafilledecorinthe.com\/wordpress\/wp-content\/uploads\/2020\/02\/2-450x300.jpg 450w\" sizes=\"auto, (max-width: 6000px) 100vw, 6000px\" \/><\/a><figcaption class=\"wp-element-caption\">Atelier du 29 f\u00e9vrier 2020<\/figcaption><\/figure>\n<\/div>\n\n\n<p>Deuxi\u00e8me consigne : parmi ces oeuvres, chaque groupe choisit celle qu&rsquo;il va pr\u00e9senter aux autres enfants. Afin de lui attribuer une valeur suppl\u00e9mentaire, les photos des six \u0153uvres retenues sont imprim\u00e9es sur du papier photo.<\/p>\n\n\n<div class=\"wp-block-image\">\n<figure class=\"aligncenter\"><a href=\"https:\/\/lafilledecorinthe.com\/wordpress\/wp-content\/uploads\/2020\/02\/4.jpg\"><img loading=\"lazy\" decoding=\"async\" width=\"6000\" height=\"4000\" src=\"https:\/\/lafilledecorinthe.com\/wordpress\/wp-content\/uploads\/2020\/02\/4.jpg\" alt=\"4\" class=\"wp-image-10460\" srcset=\"https:\/\/lafilledecorinthe.com\/wordpress\/wp-content\/uploads\/2020\/02\/4.jpg 6000w, https:\/\/lafilledecorinthe.com\/wordpress\/wp-content\/uploads\/2020\/02\/4-680x453.jpg 680w, https:\/\/lafilledecorinthe.com\/wordpress\/wp-content\/uploads\/2020\/02\/4-1280x853.jpg 1280w, https:\/\/lafilledecorinthe.com\/wordpress\/wp-content\/uploads\/2020\/02\/4-450x300.jpg 450w\" sizes=\"auto, (max-width: 6000px) 100vw, 6000px\" \/><\/a><figcaption class=\"wp-element-caption\">Atelier du 29 f\u00e9vrier 2020<\/figcaption><\/figure>\n<\/div>\n\n<div class=\"wp-block-image\">\n<figure class=\"aligncenter\"><a href=\"https:\/\/lafilledecorinthe.com\/wordpress\/wp-content\/uploads\/2020\/02\/8.jpeg\"><img loading=\"lazy\" decoding=\"async\" width=\"4346\" height=\"3161\" src=\"https:\/\/lafilledecorinthe.com\/wordpress\/wp-content\/uploads\/2020\/02\/8.jpeg\" alt=\"8\" class=\"wp-image-10461\" srcset=\"https:\/\/lafilledecorinthe.com\/wordpress\/wp-content\/uploads\/2020\/02\/8.jpeg 4346w, https:\/\/lafilledecorinthe.com\/wordpress\/wp-content\/uploads\/2020\/02\/8-680x495.jpeg 680w, https:\/\/lafilledecorinthe.com\/wordpress\/wp-content\/uploads\/2020\/02\/8-1280x931.jpeg 1280w, https:\/\/lafilledecorinthe.com\/wordpress\/wp-content\/uploads\/2020\/02\/8-412x300.jpeg 412w\" sizes=\"auto, (max-width: 4346px) 100vw, 4346px\" \/><\/a><figcaption class=\"wp-element-caption\">Manipulation d&rsquo;un zootrope pendant l&rsquo;impression des photos<\/figcaption><\/figure>\n<\/div>\n\n<div class=\"wp-block-image\">\n<figure class=\"aligncenter\"><a href=\"https:\/\/lafilledecorinthe.com\/wordpress\/wp-content\/uploads\/2020\/02\/6.jpg\"><img loading=\"lazy\" decoding=\"async\" width=\"6000\" height=\"4000\" src=\"https:\/\/lafilledecorinthe.com\/wordpress\/wp-content\/uploads\/2020\/02\/6.jpg\" alt=\"6\" class=\"wp-image-10462\" srcset=\"https:\/\/lafilledecorinthe.com\/wordpress\/wp-content\/uploads\/2020\/02\/6.jpg 6000w, https:\/\/lafilledecorinthe.com\/wordpress\/wp-content\/uploads\/2020\/02\/6-680x453.jpg 680w, https:\/\/lafilledecorinthe.com\/wordpress\/wp-content\/uploads\/2020\/02\/6-1280x853.jpg 1280w, https:\/\/lafilledecorinthe.com\/wordpress\/wp-content\/uploads\/2020\/02\/6-450x300.jpg 450w\" sizes=\"auto, (max-width: 6000px) 100vw, 6000px\" \/><\/a><figcaption class=\"wp-element-caption\">A tour de r\u00f4le, les enfants sont conf\u00e9renciers.<\/figcaption><\/figure>\n<\/div>\n\n<div class=\"wp-block-image\">\n<figure class=\"aligncenter\"><a href=\"https:\/\/lafilledecorinthe.com\/wordpress\/wp-content\/uploads\/2020\/02\/7.jpg\"><img loading=\"lazy\" decoding=\"async\" width=\"6000\" height=\"4000\" src=\"https:\/\/lafilledecorinthe.com\/wordpress\/wp-content\/uploads\/2020\/02\/7.jpg\" alt=\"7\" class=\"wp-image-10463\" srcset=\"https:\/\/lafilledecorinthe.com\/wordpress\/wp-content\/uploads\/2020\/02\/7.jpg 6000w, https:\/\/lafilledecorinthe.com\/wordpress\/wp-content\/uploads\/2020\/02\/7-680x453.jpg 680w, https:\/\/lafilledecorinthe.com\/wordpress\/wp-content\/uploads\/2020\/02\/7-1280x853.jpg 1280w, https:\/\/lafilledecorinthe.com\/wordpress\/wp-content\/uploads\/2020\/02\/7-450x300.jpg 450w\" sizes=\"auto, (max-width: 6000px) 100vw, 6000px\" \/><\/a><figcaption class=\"wp-element-caption\">Atelier du 29 f\u00e9vrier 2020<\/figcaption><\/figure>\n<\/div>\n\n\n<p>Des oeuvres en r\u00e9sonance !<\/p>\n\n\n<div class=\"wp-block-image\">\n<figure class=\"aligncenter\"><a href=\"https:\/\/lafilledecorinthe.com\/wordpress\/wp-content\/uploads\/2020\/02\/Los-Angeles-Bruce-Davidson-1964.jpg\"><img loading=\"lazy\" decoding=\"async\" width=\"991\" height=\"704\" src=\"https:\/\/lafilledecorinthe.com\/wordpress\/wp-content\/uploads\/2020\/02\/Los-Angeles-Bruce-Davidson-1964.jpg\" alt=\"USA. California. Los Angeles. 1964.\" class=\"wp-image-10450\" srcset=\"https:\/\/lafilledecorinthe.com\/wordpress\/wp-content\/uploads\/2020\/02\/Los-Angeles-Bruce-Davidson-1964.jpg 991w, https:\/\/lafilledecorinthe.com\/wordpress\/wp-content\/uploads\/2020\/02\/Los-Angeles-Bruce-Davidson-1964-680x483.jpg 680w, https:\/\/lafilledecorinthe.com\/wordpress\/wp-content\/uploads\/2020\/02\/Los-Angeles-Bruce-Davidson-1964-422x300.jpg 422w\" sizes=\"auto, (max-width: 991px) 100vw, 991px\" \/><\/a><figcaption class=\"wp-element-caption\">Femme avec une reproduction de Toulouse-Lautrec dans son caddie, Bruce Davidson, Los Angeles, 1964<\/figcaption><\/figure>\n<\/div>\n\n<div class=\"wp-block-image\">\n<figure class=\"aligncenter\"><a href=\"https:\/\/lafilledecorinthe.com\/wordpress\/wp-content\/uploads\/2020\/02\/Andy-Warhol-1965.jpg\"><img loading=\"lazy\" decoding=\"async\" width=\"938\" height=\"627\" src=\"https:\/\/lafilledecorinthe.com\/wordpress\/wp-content\/uploads\/2020\/02\/Andy-Warhol-1965.jpg\" alt=\"Andy Warhol 1965\" class=\"wp-image-10451\" srcset=\"https:\/\/lafilledecorinthe.com\/wordpress\/wp-content\/uploads\/2020\/02\/Andy-Warhol-1965.jpg 938w, https:\/\/lafilledecorinthe.com\/wordpress\/wp-content\/uploads\/2020\/02\/Andy-Warhol-1965-680x455.jpg 680w, https:\/\/lafilledecorinthe.com\/wordpress\/wp-content\/uploads\/2020\/02\/Andy-Warhol-1965-449x300.jpg 449w\" sizes=\"auto, (max-width: 938px) 100vw, 938px\" \/><\/a><figcaption class=\"wp-element-caption\">Andy Warhol fait ses courses de bo\u00eetes de soupe Campbell au supermarch\u00e9 de Gristede, New-York, Magnum Photos, 1965<\/figcaption><\/figure>\n<\/div>\n\n<div class=\"wp-block-image wp-image-10452 size-full\">\n<figure class=\"aligncenter\"><img loading=\"lazy\" decoding=\"async\" width=\"411\" height=\"512\" src=\"https:\/\/lafilledecorinthe.com\/wordpress\/wp-content\/uploads\/2020\/02\/Mathieu-Laurette.jpg\" alt=\"Mathieu Laurette\" class=\"wp-image-10452\" srcset=\"https:\/\/lafilledecorinthe.com\/wordpress\/wp-content\/uploads\/2020\/02\/Mathieu-Laurette.jpg 411w, https:\/\/lafilledecorinthe.com\/wordpress\/wp-content\/uploads\/2020\/02\/Mathieu-Laurette-241x300.jpg 241w\" sizes=\"auto, (max-width: 411px) 100vw, 411px\" \/><figcaption class=\"wp-element-caption\">The Freebie King\u00a0\u00bb (Le roi du gratuit), Mathieu Laurette, 2001<\/figcaption><\/figure>\n<\/div>\n\n<div class=\"wp-block-image\">\n<figure class=\"aligncenter\"><a href=\"https:\/\/lafilledecorinthe.com\/wordpress\/wp-content\/uploads\/2020\/02\/Hyper-9.jpg\"><img loading=\"lazy\" decoding=\"async\" width=\"1024\" height=\"682\" src=\"https:\/\/lafilledecorinthe.com\/wordpress\/wp-content\/uploads\/2020\/02\/Hyper-9.jpg\" alt=\"Hyper 9\" class=\"wp-image-10453\" srcset=\"https:\/\/lafilledecorinthe.com\/wordpress\/wp-content\/uploads\/2020\/02\/Hyper-9.jpg 1024w, https:\/\/lafilledecorinthe.com\/wordpress\/wp-content\/uploads\/2020\/02\/Hyper-9-680x453.jpg 680w, https:\/\/lafilledecorinthe.com\/wordpress\/wp-content\/uploads\/2020\/02\/Hyper-9-450x300.jpg 450w\" sizes=\"auto, (max-width: 1024px) 100vw, 1024px\" \/><\/a><figcaption class=\"wp-element-caption\">Hyper 9, Denis Darzacq, 2008<\/figcaption><\/figure>\n<\/div>\n\n\n<p class=\"has-text-align-center\"><strong>&nbsp;D&rsquo;autres dates !<\/strong> Les 28 mars, 25 avril et 30 mai 2020 de 15h30 \u00e0 17h30<\/p>\n","protected":false},"excerpt":{"rendered":"<p>\u00ab\u00a0Un exposition ne doit pas \u00eatre une le\u00e7on, elle ne cherche pas \u00e0 dire aux visiteurs ce qu&rsquo;il faut penser de tout \u00e7a mais cherche plut\u00f4t \u00e0 mettre le visiteur en face de cet univers d\u00e9bordant d&rsquo;images qu&rsquo;est le notre, \u00e0 solliciter son regard \u00e0 travers toutes ces oeuvres que des artistes nous ont g\u00e9n\u00e9reusement&#8230;<\/p>\n","protected":false},"author":2,"featured_media":10441,"comment_status":"open","ping_status":"open","sticky":false,"template":"","format":"standard","meta":{"_kad_post_transparent":"","_kad_post_title":"","_kad_post_layout":"","_kad_post_sidebar_id":"","_kad_post_content_style":"","_kad_post_vertical_padding":"","_kad_post_feature":"","_kad_post_feature_position":"","_kad_post_header":false,"_kad_post_footer":false,"_kad_post_classname":"","footnotes":""},"categories":[7],"tags":[1973,1972,136,48,1969,1974,1970,1971],"class_list":["post-10439","post","type-post","status-publish","format-standard","has-post-thumbnail","hentry","category-ateliers-enfants","tag-andy-warhol","tag-bruce-davidson","tag-denis-darzacq","tag-jeu-de-paume","tag-le-supermarche-des-images","tag-mathieu-laurette","tag-peter-szendy","tag-sylvie-fleury"],"_links":{"self":[{"href":"https:\/\/lafilledecorinthe.com\/wordpress\/wp-json\/wp\/v2\/posts\/10439","targetHints":{"allow":["GET"]}}],"collection":[{"href":"https:\/\/lafilledecorinthe.com\/wordpress\/wp-json\/wp\/v2\/posts"}],"about":[{"href":"https:\/\/lafilledecorinthe.com\/wordpress\/wp-json\/wp\/v2\/types\/post"}],"author":[{"embeddable":true,"href":"https:\/\/lafilledecorinthe.com\/wordpress\/wp-json\/wp\/v2\/users\/2"}],"replies":[{"embeddable":true,"href":"https:\/\/lafilledecorinthe.com\/wordpress\/wp-json\/wp\/v2\/comments?post=10439"}],"version-history":[{"count":19,"href":"https:\/\/lafilledecorinthe.com\/wordpress\/wp-json\/wp\/v2\/posts\/10439\/revisions"}],"predecessor-version":[{"id":14857,"href":"https:\/\/lafilledecorinthe.com\/wordpress\/wp-json\/wp\/v2\/posts\/10439\/revisions\/14857"}],"wp:featuredmedia":[{"embeddable":true,"href":"https:\/\/lafilledecorinthe.com\/wordpress\/wp-json\/wp\/v2\/media\/10441"}],"wp:attachment":[{"href":"https:\/\/lafilledecorinthe.com\/wordpress\/wp-json\/wp\/v2\/media?parent=10439"}],"wp:term":[{"taxonomy":"category","embeddable":true,"href":"https:\/\/lafilledecorinthe.com\/wordpress\/wp-json\/wp\/v2\/categories?post=10439"},{"taxonomy":"post_tag","embeddable":true,"href":"https:\/\/lafilledecorinthe.com\/wordpress\/wp-json\/wp\/v2\/tags?post=10439"}],"curies":[{"name":"wp","href":"https:\/\/api.w.org\/{rel}","templated":true}]}}