{"id":10399,"date":"2020-02-13T21:11:42","date_gmt":"2020-02-13T20:11:42","guid":{"rendered":"http:\/\/lafilledecorinthe.com\/wordpress\/?p=10399"},"modified":"2025-12-07T15:32:01","modified_gmt":"2025-12-07T14:32:01","slug":"lodyssee-de-choum-au-cinema-theatre-des-lilas","status":"publish","type":"post","link":"https:\/\/lafilledecorinthe.com\/wordpress\/2020\/02\/lodyssee-de-choum-au-cinema-theatre-des-lilas\/","title":{"rendered":"\u00ab\u00a0L&rsquo;odyss\u00e9e de Choum\u00a0\u00bb au cin\u00e9ma-th\u00e9\u00e2tre des Lilas"},"content":{"rendered":"\n<p>Dans le cadre de la quatri\u00e8me \u00e9dition du <a href=\"https:\/\/www.telerama.fr\/enfants\/festival-cinema-telerama-enfants-2020-voici-le-programme,n6576453.php\" target=\"_blank\" rel=\"noopener\">Festival Cin\u00e9ma T\u00e9l\u00e9rama Enfants<\/a>, une projection du dernier programme des <a href=\"http:\/\/www.lesfilmsdupreau.com\/prog.php?code=odc\" target=\"_blank\" rel=\"noopener\">Films du Pr\u00e9au<\/a>&nbsp;\u00e9tait \u00e0 l&rsquo;affiche de la salle des Lilas. Le fan-club de la petite chouette s&rsquo;agrandit !<\/p>\n\n\n<div class=\"wp-block-image\">\n<figure class=\"aligncenter\"><a href=\"https:\/\/lafilledecorinthe.com\/wordpress\/wp-content\/uploads\/2020\/02\/programme.png\"><img decoding=\"async\" src=\"https:\/\/lafilledecorinthe.com\/wordpress\/wp-content\/uploads\/2020\/02\/programme.png\" alt=\"programme\" class=\"wp-image-10404\"\/><\/a><\/figure>\n<\/div>\n\n\n<p><\/p>\n\n\n\n<p>A l&rsquo;issue de la projection un atelier thaumatrope \u00e9tait propos\u00e9 aux petits comme aux grands !<\/p>\n\n\n<div class=\"wp-block-image\">\n<figure class=\"aligncenter\"><img loading=\"lazy\" decoding=\"async\" width=\"680\" height=\"478\" src=\"https:\/\/lafilledecorinthe.com\/wordpress\/wp-content\/uploads\/2020\/02\/13-02-2020-Thaumatrope1-2-680x478.jpeg\" alt=\"13-02-2020 Thaumatrope1 2\" class=\"wp-image-10405\" srcset=\"https:\/\/lafilledecorinthe.com\/wordpress\/wp-content\/uploads\/2020\/02\/13-02-2020-Thaumatrope1-2-680x478.jpeg 680w, https:\/\/lafilledecorinthe.com\/wordpress\/wp-content\/uploads\/2020\/02\/13-02-2020-Thaumatrope1-2-427x300.jpeg 427w, https:\/\/lafilledecorinthe.com\/wordpress\/wp-content\/uploads\/2020\/02\/13-02-2020-Thaumatrope1-2.jpeg 956w\" sizes=\"auto, (max-width: 680px) 100vw, 680px\" \/><\/figure>\n<\/div>\n\n\n<p><\/p>\n\n\n<div class=\"wp-block-image\">\n<figure class=\"aligncenter\"><a href=\"https:\/\/lafilledecorinthe.com\/wordpress\/wp-content\/uploads\/2020\/02\/IMG_2408.jpeg\"><img loading=\"lazy\" decoding=\"async\" width=\"4032\" height=\"3024\" src=\"https:\/\/lafilledecorinthe.com\/wordpress\/wp-content\/uploads\/2020\/02\/IMG_2408.jpeg\" alt=\"IMG_2408\" class=\"wp-image-10408\" srcset=\"https:\/\/lafilledecorinthe.com\/wordpress\/wp-content\/uploads\/2020\/02\/IMG_2408.jpeg 4032w, https:\/\/lafilledecorinthe.com\/wordpress\/wp-content\/uploads\/2020\/02\/IMG_2408-680x510.jpeg 680w, https:\/\/lafilledecorinthe.com\/wordpress\/wp-content\/uploads\/2020\/02\/IMG_2408-1280x960.jpeg 1280w, https:\/\/lafilledecorinthe.com\/wordpress\/wp-content\/uploads\/2020\/02\/IMG_2408-400x300.jpeg 400w\" sizes=\"auto, (max-width: 4032px) 100vw, 4032px\" \/><\/a><\/figure>\n<\/div>\n\n\n<p><\/p>\n\n\n\n<figure class=\"wp-block-embed is-type-video is-provider-youtube wp-block-embed-youtube wp-embed-aspect-16-9 wp-has-aspect-ratio\"><div class=\"wp-block-embed__wrapper\">\n<iframe loading=\"lazy\" title=\"Atelier thaumatrope\" width=\"720\" height=\"405\" src=\"https:\/\/www.youtube.com\/embed\/JU26Z77zDbg?feature=oembed\" frameborder=\"0\" allow=\"accelerometer; autoplay; clipboard-write; encrypted-media; gyroscope; picture-in-picture; web-share\" referrerpolicy=\"strict-origin-when-cross-origin\" allowfullscreen><\/iframe>\n<\/div><\/figure>\n\n\n\n<p>Musique libre de droit : <a href=\"https:\/\/www.musicscreen.be\/musique-libre-de-droit\/Catalogue\/Cherche-moi.html\" target=\"_blank\" rel=\"noopener\"><em>cherche moi<\/em><\/a><\/p>\n","protected":false},"excerpt":{"rendered":"<p>Dans le cadre de la quatri\u00e8me \u00e9dition du Festival Cin\u00e9ma T\u00e9l\u00e9rama Enfants, une projection du dernier programme des Films du Pr\u00e9au&nbsp;\u00e9tait \u00e0 l&rsquo;affiche de la salle des Lilas. Le fan-club de la petite chouette s&rsquo;agrandit ! A l&rsquo;issue de la projection un atelier thaumatrope \u00e9tait propos\u00e9 aux petits comme aux grands ! Musique libre de&#8230;<\/p>\n","protected":false},"author":2,"featured_media":10400,"comment_status":"open","ping_status":"open","sticky":false,"template":"","format":"standard","meta":{"_kad_post_transparent":"","_kad_post_title":"","_kad_post_layout":"","_kad_post_sidebar_id":"","_kad_post_content_style":"","_kad_post_vertical_padding":"","_kad_post_feature":"","_kad_post_feature_position":"","_kad_post_header":false,"_kad_post_footer":false,"_kad_post_classname":"","footnotes":""},"categories":[7],"tags":[1966,1967,1965,904,198],"class_list":["post-10399","post","type-post","status-publish","format-standard","has-post-thumbnail","hentry","category-ateliers-enfants","tag-cinema-theatre-des-lilas","tag-festival-cinema-telerama-enfants","tag-lodyssee-de-choum","tag-les-films-du-preau","tag-thaumatrope"],"_links":{"self":[{"href":"https:\/\/lafilledecorinthe.com\/wordpress\/wp-json\/wp\/v2\/posts\/10399","targetHints":{"allow":["GET"]}}],"collection":[{"href":"https:\/\/lafilledecorinthe.com\/wordpress\/wp-json\/wp\/v2\/posts"}],"about":[{"href":"https:\/\/lafilledecorinthe.com\/wordpress\/wp-json\/wp\/v2\/types\/post"}],"author":[{"embeddable":true,"href":"https:\/\/lafilledecorinthe.com\/wordpress\/wp-json\/wp\/v2\/users\/2"}],"replies":[{"embeddable":true,"href":"https:\/\/lafilledecorinthe.com\/wordpress\/wp-json\/wp\/v2\/comments?post=10399"}],"version-history":[{"count":9,"href":"https:\/\/lafilledecorinthe.com\/wordpress\/wp-json\/wp\/v2\/posts\/10399\/revisions"}],"predecessor-version":[{"id":14962,"href":"https:\/\/lafilledecorinthe.com\/wordpress\/wp-json\/wp\/v2\/posts\/10399\/revisions\/14962"}],"wp:featuredmedia":[{"embeddable":true,"href":"https:\/\/lafilledecorinthe.com\/wordpress\/wp-json\/wp\/v2\/media\/10400"}],"wp:attachment":[{"href":"https:\/\/lafilledecorinthe.com\/wordpress\/wp-json\/wp\/v2\/media?parent=10399"}],"wp:term":[{"taxonomy":"category","embeddable":true,"href":"https:\/\/lafilledecorinthe.com\/wordpress\/wp-json\/wp\/v2\/categories?post=10399"},{"taxonomy":"post_tag","embeddable":true,"href":"https:\/\/lafilledecorinthe.com\/wordpress\/wp-json\/wp\/v2\/tags?post=10399"}],"curies":[{"name":"wp","href":"https:\/\/api.w.org\/{rel}","templated":true}]}}