{"id":10366,"date":"2020-02-04T16:07:42","date_gmt":"2020-02-04T15:07:42","guid":{"rendered":"http:\/\/lafilledecorinthe.com\/wordpress\/?p=10366"},"modified":"2025-12-07T15:34:26","modified_gmt":"2025-12-07T14:34:26","slug":"le-festival-cine-junior-fete-ses-30-ans","status":"publish","type":"post","link":"https:\/\/lafilledecorinthe.com\/wordpress\/2020\/02\/le-festival-cine-junior-fete-ses-30-ans\/","title":{"rendered":"Le Festival Cin\u00e9 Junior f\u00eate ses 30 ans !"},"content":{"rendered":"\n<p><\/p>\n\n\n\n<p>Je\u00a0n&rsquo;ai pas assist\u00e9 aux premiers pas du festival <em>Cin\u00e9 Junior<\/em> mais depuis quelques ann\u00e9es j&rsquo;ai beaucoup de plaisir \u00e0 d\u00e9couvrir et \u00e0 accompagner les diff\u00e9rentes \u00e9ditions de cet \u00e9v\u00e8nement ambitieux et festif !<br>e me suis associ\u00e9e \u00e0 la f\u00eate de ses 30 ans en r\u00e9alisant le dossier p\u00e9dagogique du programme <em>G\u00e2teaux de f\u00eate et compagnie<\/em>. A t\u00e9l\u00e9charger <a href=\"https:\/\/cinemapublic.org\/IMG\/pdf\/ga_teaux_de_fe_te.pdf\" target=\"_blank\" rel=\"noopener\">ici<\/a>\u00a0.\u00a0Ce programme in\u00e9dit cr\u00e9\u00e9 par <em>Cin\u00e9 Junior<\/em> sera en circulation post-festival ! Qu&rsquo;on se le dise !<\/p>\n\n\n<div class=\"wp-block-image\">\n<figure class=\"aligncenter\"><a href=\"https:\/\/lafilledecorinthe.com\/wordpress\/wp-content\/uploads\/2020\/02\/Capture-d\u2019\u00e9cran-2020-02-04-\u00e0-12.27.32.jpg\"><img loading=\"lazy\" decoding=\"async\" width=\"1544\" height=\"824\" src=\"https:\/\/lafilledecorinthe.com\/wordpress\/wp-content\/uploads\/2020\/02\/Capture-d\u2019\u00e9cran-2020-02-04-\u00e0-12.27.32.jpg\" alt=\"Capture d\u2019\u00e9cran 2020-02-04 \u00e0 12.27.32\" class=\"wp-image-10378\" srcset=\"https:\/\/lafilledecorinthe.com\/wordpress\/wp-content\/uploads\/2020\/02\/Capture-d\u2019\u00e9cran-2020-02-04-\u00e0-12.27.32.jpg 1544w, https:\/\/lafilledecorinthe.com\/wordpress\/wp-content\/uploads\/2020\/02\/Capture-d\u2019\u00e9cran-2020-02-04-\u00e0-12.27.32-680x363.jpg 680w, https:\/\/lafilledecorinthe.com\/wordpress\/wp-content\/uploads\/2020\/02\/Capture-d\u2019\u00e9cran-2020-02-04-\u00e0-12.27.32-1280x683.jpg 1280w, https:\/\/lafilledecorinthe.com\/wordpress\/wp-content\/uploads\/2020\/02\/Capture-d\u2019\u00e9cran-2020-02-04-\u00e0-12.27.32-500x267.jpg 500w\" sizes=\"auto, (max-width: 1544px) 100vw, 1544px\" \/><\/a><\/figure>\n<\/div>\n\n\n<p><\/p>\n\n\n\n<p>Avec la complicit\u00e9 de l&rsquo;\u00e9quipe du Centre Culturel de Gentilly, je suis all\u00e9e aussi \u00e0 la rencontre de deux classes de CM1 pour leur pr\u00e9senter&nbsp;un tr\u00e8s beau programme de courts m\u00e9trages destin\u00e9 au plus de 7 ans. Le moins que l&rsquo;on puisse dire c&rsquo;est que les films propos\u00e9s n&rsquo;ont pas laiss\u00e9 les enfants indiff\u00e9rents. Une superbe s\u00e9lection !<\/p>\n\n\n<div class=\"wp-block-image\">\n<figure class=\"aligncenter\"><a href=\"https:\/\/lafilledecorinthe.com\/wordpress\/wp-content\/uploads\/2020\/02\/Capture-d\u2019\u00e9cran-2020-02-04-\u00e0-12.36.51.jpg\"><img loading=\"lazy\" decoding=\"async\" width=\"1498\" height=\"1000\" src=\"https:\/\/lafilledecorinthe.com\/wordpress\/wp-content\/uploads\/2020\/02\/Capture-d\u2019\u00e9cran-2020-02-04-\u00e0-12.36.51.jpg\" alt=\"Capture d\u2019\u00e9cran 2020-02-04 \u00e0 12.36.51\" class=\"wp-image-10380\" srcset=\"https:\/\/lafilledecorinthe.com\/wordpress\/wp-content\/uploads\/2020\/02\/Capture-d\u2019\u00e9cran-2020-02-04-\u00e0-12.36.51.jpg 1498w, https:\/\/lafilledecorinthe.com\/wordpress\/wp-content\/uploads\/2020\/02\/Capture-d\u2019\u00e9cran-2020-02-04-\u00e0-12.36.51-680x454.jpg 680w, https:\/\/lafilledecorinthe.com\/wordpress\/wp-content\/uploads\/2020\/02\/Capture-d\u2019\u00e9cran-2020-02-04-\u00e0-12.36.51-1280x854.jpg 1280w, https:\/\/lafilledecorinthe.com\/wordpress\/wp-content\/uploads\/2020\/02\/Capture-d\u2019\u00e9cran-2020-02-04-\u00e0-12.36.51-449x300.jpg 449w\" sizes=\"auto, (max-width: 1498px) 100vw, 1498px\" \/><\/a><\/figure>\n<\/div>\n\n\n<p><\/p>\n\n\n\n<p>La pr\u00e9sentation s&rsquo;est termin\u00e9e par un jeu sonore qui a suscit\u00e9 une attention record ! Bravo \u00e0 tous !<\/p>\n\n\n<div class=\"wp-block-image\">\n<figure class=\"aligncenter\"><a href=\"https:\/\/lafilledecorinthe.com\/wordpress\/wp-content\/uploads\/2020\/02\/Jeux-sons-.png\"><img loading=\"lazy\" decoding=\"async\" width=\"1978\" height=\"1376\" src=\"https:\/\/lafilledecorinthe.com\/wordpress\/wp-content\/uploads\/2020\/02\/Jeux-sons-.png\" alt=\"Jeux sons\" class=\"wp-image-10390\" srcset=\"https:\/\/lafilledecorinthe.com\/wordpress\/wp-content\/uploads\/2020\/02\/Jeux-sons-.png 1978w, https:\/\/lafilledecorinthe.com\/wordpress\/wp-content\/uploads\/2020\/02\/Jeux-sons--680x473.png 680w, https:\/\/lafilledecorinthe.com\/wordpress\/wp-content\/uploads\/2020\/02\/Jeux-sons--1280x890.png 1280w, https:\/\/lafilledecorinthe.com\/wordpress\/wp-content\/uploads\/2020\/02\/Jeux-sons--431x300.png 431w\" sizes=\"auto, (max-width: 1978px) 100vw, 1978px\" \/><\/a><figcaption class=\"wp-element-caption\">Qui sera reconna\u00eetre l&rsquo;origine de ces extraits sonores ?<\/figcaption><\/figure>\n<\/div>\n\n<div class=\"wp-block-image\">\n<figure class=\"aligncenter\"><a href=\"https:\/\/lafilledecorinthe.com\/wordpress\/wp-content\/uploads\/2020\/02\/Gentilly.jpeg\"><img loading=\"lazy\" decoding=\"async\" width=\"4032\" height=\"3024\" src=\"https:\/\/lafilledecorinthe.com\/wordpress\/wp-content\/uploads\/2020\/02\/Gentilly.jpeg\" alt=\"Gentilly\" class=\"wp-image-10391\" srcset=\"https:\/\/lafilledecorinthe.com\/wordpress\/wp-content\/uploads\/2020\/02\/Gentilly.jpeg 4032w, https:\/\/lafilledecorinthe.com\/wordpress\/wp-content\/uploads\/2020\/02\/Gentilly-680x510.jpeg 680w, https:\/\/lafilledecorinthe.com\/wordpress\/wp-content\/uploads\/2020\/02\/Gentilly-1280x960.jpeg 1280w, https:\/\/lafilledecorinthe.com\/wordpress\/wp-content\/uploads\/2020\/02\/Gentilly-400x300.jpeg 400w\" sizes=\"auto, (max-width: 4032px) 100vw, 4032px\" \/><\/a><figcaption class=\"wp-element-caption\">Auditorium de Gentilly, lundi 3 f\u00e9vrier 2020<\/figcaption><\/figure>\n<\/div>\n\n\n<p><\/p>\n","protected":false},"excerpt":{"rendered":"<p>Je\u00a0n&rsquo;ai pas assist\u00e9 aux premiers pas du festival Cin\u00e9 Junior mais depuis quelques ann\u00e9es j&rsquo;ai beaucoup de plaisir \u00e0 d\u00e9couvrir et \u00e0 accompagner les diff\u00e9rentes \u00e9ditions de cet \u00e9v\u00e8nement ambitieux et festif !e me suis associ\u00e9e \u00e0 la f\u00eate de ses 30 ans en r\u00e9alisant le dossier p\u00e9dagogique du programme G\u00e2teaux de f\u00eate et compagnie&#8230;.<\/p>\n","protected":false},"author":2,"featured_media":10370,"comment_status":"open","ping_status":"open","sticky":false,"template":"","format":"standard","meta":{"_kad_post_transparent":"","_kad_post_title":"","_kad_post_layout":"","_kad_post_sidebar_id":"","_kad_post_content_style":"","_kad_post_vertical_padding":"","_kad_post_feature":"","_kad_post_feature_position":"","_kad_post_header":false,"_kad_post_footer":false,"_kad_post_classname":"","footnotes":""},"categories":[7],"tags":[1836,1964,1803,1963,1827],"class_list":["post-10366","post","type-post","status-publish","format-standard","has-post-thumbnail","hentry","category-ateliers-enfants","tag-30-ans","tag-centre-culturel","tag-festival-cine-junior","tag-gateaux-de-fete-et-compagnie","tag-gentilly"],"_links":{"self":[{"href":"https:\/\/lafilledecorinthe.com\/wordpress\/wp-json\/wp\/v2\/posts\/10366","targetHints":{"allow":["GET"]}}],"collection":[{"href":"https:\/\/lafilledecorinthe.com\/wordpress\/wp-json\/wp\/v2\/posts"}],"about":[{"href":"https:\/\/lafilledecorinthe.com\/wordpress\/wp-json\/wp\/v2\/types\/post"}],"author":[{"embeddable":true,"href":"https:\/\/lafilledecorinthe.com\/wordpress\/wp-json\/wp\/v2\/users\/2"}],"replies":[{"embeddable":true,"href":"https:\/\/lafilledecorinthe.com\/wordpress\/wp-json\/wp\/v2\/comments?post=10366"}],"version-history":[{"count":27,"href":"https:\/\/lafilledecorinthe.com\/wordpress\/wp-json\/wp\/v2\/posts\/10366\/revisions"}],"predecessor-version":[{"id":14968,"href":"https:\/\/lafilledecorinthe.com\/wordpress\/wp-json\/wp\/v2\/posts\/10366\/revisions\/14968"}],"wp:featuredmedia":[{"embeddable":true,"href":"https:\/\/lafilledecorinthe.com\/wordpress\/wp-json\/wp\/v2\/media\/10370"}],"wp:attachment":[{"href":"https:\/\/lafilledecorinthe.com\/wordpress\/wp-json\/wp\/v2\/media?parent=10366"}],"wp:term":[{"taxonomy":"category","embeddable":true,"href":"https:\/\/lafilledecorinthe.com\/wordpress\/wp-json\/wp\/v2\/categories?post=10366"},{"taxonomy":"post_tag","embeddable":true,"href":"https:\/\/lafilledecorinthe.com\/wordpress\/wp-json\/wp\/v2\/tags?post=10366"}],"curies":[{"name":"wp","href":"https:\/\/api.w.org\/{rel}","templated":true}]}}