{"id":10320,"date":"2020-01-28T14:16:51","date_gmt":"2020-01-28T13:16:51","guid":{"rendered":"http:\/\/lafilledecorinthe.com\/wordpress\/?p=10320"},"modified":"2025-12-05T16:43:52","modified_gmt":"2025-12-05T15:43:52","slug":"ernest-et-celestine-mon-premier-cinema-75","status":"publish","type":"post","link":"https:\/\/lafilledecorinthe.com\/wordpress\/2020\/01\/ernest-et-celestine-mon-premier-cinema-75\/","title":{"rendered":"\u00ab\u00a0Ernest et C\u00e9lestine\u00a0\u00bb Mon Premier cin\u00e9ma 75"},"content":{"rendered":"<div class=\"wp-block-image wp-image-10325 size-full\">\n<figure class=\"aligncenter\"><img loading=\"lazy\" decoding=\"async\" width=\"2042\" height=\"1144\" src=\"https:\/\/lafilledecorinthe.com\/wordpress\/wp-content\/uploads\/2020\/01\/couv5.png\" alt=\"couv\" class=\"wp-image-10325\" srcset=\"https:\/\/lafilledecorinthe.com\/wordpress\/wp-content\/uploads\/2020\/01\/couv5.png 2042w, https:\/\/lafilledecorinthe.com\/wordpress\/wp-content\/uploads\/2020\/01\/couv5-680x381.png 680w, https:\/\/lafilledecorinthe.com\/wordpress\/wp-content\/uploads\/2020\/01\/couv5-1280x717.png 1280w, https:\/\/lafilledecorinthe.com\/wordpress\/wp-content\/uploads\/2020\/01\/couv5-500x280.png 500w\" sizes=\"auto, (max-width: 2042px) 100vw, 2042px\" \/><figcaption class=\"wp-element-caption\">\u00ab\u00a0Ernest et C\u00e9lestine\u00a0\u00bb, Benjamin Renner, Vincent Patar, St\u00e9phane Aubier, 2012<\/figcaption><\/figure>\n<\/div>\n\n\n<p>Deuxi\u00e8me temps de formation<a href=\"http:\/\/www.enfancesaucinema.net\/mon-1er-cinema\/la-programmation-2019-2020\/58.html\" target=\"_blank\" rel=\"noopener\">\u00a0<em>Mon Premier cin\u00e9ma<\/em><\/a><br>Projection conf\u00e9rence au <em>Studio des Ursulines<\/em>, Paris<br>Mardi 28 janvier 2020<\/p>\n\n\n\n<p>Documents \u00e0 t\u00e9l\u00e9charger :&nbsp;<a href=\"https:\/\/lafilledecorinthe.com\/wordpress\/wp-content\/uploads\/2020\/01\/Bibliographie-filmographie-.pdf\">Bibliographie-filmographie<\/a>,&nbsp;<a href=\"https:\/\/lafilledecorinthe.com\/wordpress\/wp-content\/uploads\/2020\/01\/Le-monde-d\u2019en-bas-.pdf\">Le monde d\u2019en bas<\/a>,&nbsp;<a href=\"https:\/\/lafilledecorinthe.com\/wordpress\/wp-content\/uploads\/2020\/01\/Le-monde-d\u2019en-haut-.pdf\">Le monde d\u2019en haut<\/a>,&nbsp;<a href=\"https:\/\/lafilledecorinthe.com\/wordpress\/wp-content\/uploads\/2020\/01\/Le-regard-dirige\u0301-vers-le-haut-ou-vers-le-bas-.pdf\">Le regard dirige\u0301 vers le haut ou vers le bas<\/a>,&nbsp;<a href=\"https:\/\/lafilledecorinthe.com\/wordpress\/wp-content\/uploads\/2020\/01\/Une-rencontre-a\u0300-petits-pas-.pdf\">Une rencontre a\u0300 petits pas<\/a>,&nbsp;<a href=\"https:\/\/lafilledecorinthe.com\/wordpress\/wp-content\/uploads\/2020\/01\/Derrie\u0300re-le-masque-.pdf\">Derrie\u0300re le masque<\/a>,&nbsp;<a href=\"https:\/\/lafilledecorinthe.com\/wordpress\/wp-content\/uploads\/2020\/01\/L\u2019e\u0301volution-des-dessins-de-Ce\u0301lestine-.pdf\">L\u2019e\u0301volution des dessins de Ce\u0301lestine<\/a>,&nbsp;<a href=\"https:\/\/lafilledecorinthe.com\/wordpress\/wp-content\/uploads\/2020\/01\/Les-chansons-dErnest-et-Ce\u0301lestine.pdf\">Les chansons d&rsquo;Ernest et Ce\u0301lestine<\/a><\/p>\n\n\n\n<figure class=\"wp-block-embed is-type-video is-provider-youtube wp-block-embed-youtube wp-embed-aspect-16-9 wp-has-aspect-ratio\"><div class=\"wp-block-embed__wrapper\">\n<iframe loading=\"lazy\" title=\"Sur les traces de Gabrielle Vincent, auteur de Ernest et C\u00e9lestine\" width=\"720\" height=\"405\" src=\"https:\/\/www.youtube.com\/embed\/lsqXRwRCkxQ?start=58&#038;feature=oembed\" frameborder=\"0\" allow=\"accelerometer; autoplay; clipboard-write; encrypted-media; gyroscope; picture-in-picture; web-share\" referrerpolicy=\"strict-origin-when-cross-origin\" allowfullscreen><\/iframe>\n<\/div><\/figure>\n\n\n\n<p><\/p>\n\n\n\n<p><iframe loading=\"lazy\" src=\"\/\/www.ultimedia.com\/deliver\/generic\/iframe\/mdtk\/01766100\/src\/svqz0p\/zone\/1\/showtitle\/1\/\" width=\"610\" height=\"343\" frameborder=\"0\" marginwidth=\"0\" marginheight=\"0\" scrolling=\"no\" allowfullscreen=\"allowfullscreen\"><\/iframe><\/p>\n\n\n\n<p>La sc\u00e8ne du passage de l&rsquo;hiver au printemps r\u00e9alis\u00e9e par Davy Durand.<\/p>\n\n\n\n<figure class=\"wp-block-embed is-type-video is-provider-youtube wp-block-embed-youtube wp-embed-aspect-16-9 wp-has-aspect-ratio\"><div class=\"wp-block-embed__wrapper\">\n<iframe loading=\"lazy\" title=\"Ernest et C\u00e9lestine - De l&#039;hiver au Printemps\" width=\"720\" height=\"405\" src=\"https:\/\/www.youtube.com\/embed\/ek5Avut98O4?feature=oembed\" frameborder=\"0\" allow=\"accelerometer; autoplay; clipboard-write; encrypted-media; gyroscope; picture-in-picture; web-share\" referrerpolicy=\"strict-origin-when-cross-origin\" allowfullscreen><\/iframe>\n<\/div><\/figure>\n\n\n\n<p>A lire aussi <a title=\"\u00ab&nbsp;Ernest et C\u00e9lestine&nbsp;\u00bb, le film !\" href=\"https:\/\/lafilledecorinthe.com\/wordpress\/2012\/11\/ernest-et-celestine-le-film\/\">ici<\/a>, <a title=\"\u00ab&nbsp;Ecole et cin\u00e9ma 92\u2033 Ernest et C\u00e9lestine\" href=\"https:\/\/lafilledecorinthe.com\/wordpress\/2015\/03\/ecole-et-cinema-92-ernest-et-celestine\/\">l\u00e0<\/a> et encore <a title=\"\u00ab&nbsp;Ecole et cin\u00e9ma 93\u2033 Ernest et C\u00e9lestine\" href=\"https:\/\/lafilledecorinthe.com\/wordpress\/2016\/09\/ecole-et-cinema-93-ernest-et-celestine\/\">l\u00e0<\/a> !<\/p>\n","protected":false},"excerpt":{"rendered":"<p>Deuxi\u00e8me temps de formation\u00a0Mon Premier cin\u00e9maProjection conf\u00e9rence au Studio des Ursulines, ParisMardi 28 janvier 2020 Documents \u00e0 t\u00e9l\u00e9charger :&nbsp;Bibliographie-filmographie,&nbsp;Le monde d\u2019en bas,&nbsp;Le monde d\u2019en haut,&nbsp;Le regard dirige\u0301 vers le haut ou vers le bas,&nbsp;Une rencontre a\u0300 petits pas,&nbsp;Derrie\u0300re le masque,&nbsp;L\u2019e\u0301volution des dessins de Ce\u0301lestine,&nbsp;Les chansons d&rsquo;Ernest et Ce\u0301lestine La sc\u00e8ne du passage de l&rsquo;hiver au&#8230;<\/p>\n","protected":false},"author":2,"featured_media":10325,"comment_status":"open","ping_status":"open","sticky":false,"template":"","format":"standard","meta":{"_kad_post_transparent":"","_kad_post_title":"","_kad_post_layout":"","_kad_post_sidebar_id":"","_kad_post_content_style":"","_kad_post_vertical_padding":"","_kad_post_feature":"","_kad_post_feature_position":"","_kad_post_header":false,"_kad_post_footer":false,"_kad_post_classname":"","footnotes":""},"categories":[8],"tags":[209,211,999,206,210,354,316,536,315],"class_list":["post-10320","post","type-post","status-publish","format-standard","has-post-thumbnail","hentry","category-formations-adultes","tag-benjamin-renner","tag-daniel-pennac","tag-davy-durand","tag-ernest-et-celestine","tag-gabrielle-vincent","tag-mon-premier-cinema","tag-stephane-aubier","tag-studio-des-ursulines","tag-vincent-patar"],"_links":{"self":[{"href":"https:\/\/lafilledecorinthe.com\/wordpress\/wp-json\/wp\/v2\/posts\/10320","targetHints":{"allow":["GET"]}}],"collection":[{"href":"https:\/\/lafilledecorinthe.com\/wordpress\/wp-json\/wp\/v2\/posts"}],"about":[{"href":"https:\/\/lafilledecorinthe.com\/wordpress\/wp-json\/wp\/v2\/types\/post"}],"author":[{"embeddable":true,"href":"https:\/\/lafilledecorinthe.com\/wordpress\/wp-json\/wp\/v2\/users\/2"}],"replies":[{"embeddable":true,"href":"https:\/\/lafilledecorinthe.com\/wordpress\/wp-json\/wp\/v2\/comments?post=10320"}],"version-history":[{"count":18,"href":"https:\/\/lafilledecorinthe.com\/wordpress\/wp-json\/wp\/v2\/posts\/10320\/revisions"}],"predecessor-version":[{"id":14673,"href":"https:\/\/lafilledecorinthe.com\/wordpress\/wp-json\/wp\/v2\/posts\/10320\/revisions\/14673"}],"wp:featuredmedia":[{"embeddable":true,"href":"https:\/\/lafilledecorinthe.com\/wordpress\/wp-json\/wp\/v2\/media\/10325"}],"wp:attachment":[{"href":"https:\/\/lafilledecorinthe.com\/wordpress\/wp-json\/wp\/v2\/media?parent=10320"}],"wp:term":[{"taxonomy":"category","embeddable":true,"href":"https:\/\/lafilledecorinthe.com\/wordpress\/wp-json\/wp\/v2\/categories?post=10320"},{"taxonomy":"post_tag","embeddable":true,"href":"https:\/\/lafilledecorinthe.com\/wordpress\/wp-json\/wp\/v2\/tags?post=10320"}],"curies":[{"name":"wp","href":"https:\/\/api.w.org\/{rel}","templated":true}]}}