{"id":10243,"date":"2020-01-15T18:18:17","date_gmt":"2020-01-15T17:18:17","guid":{"rendered":"http:\/\/lafilledecorinthe.com\/wordpress\/?p=10243"},"modified":"2025-12-04T19:00:00","modified_gmt":"2025-12-04T18:00:00","slug":"la-petite-fabrique-du-monde-ecole-et-cinema-maternelle-92","status":"publish","type":"post","link":"https:\/\/lafilledecorinthe.com\/wordpress\/2020\/01\/la-petite-fabrique-du-monde-ecole-et-cinema-maternelle-92\/","title":{"rendered":"Stage \u00ab\u00a0Ecole et Cin\u00e9ma Maternelle 92\u00a0\u00bb"},"content":{"rendered":"\n<p>Deuxi\u00e8me journ\u00e9e de formation pour les enseignants inscrits au stage\u00a0<a href=\"https:\/\/lafilledecorinthe.com\/wordpress\/2019\/09\/ecole-et-cinema-maternelle-hauts-de-seine-92\/\"><em>Ecole et Cin\u00e9ma Maternelle<\/em><\/a>. Projection et pr\u00e9sentation des deux nouveaux programmes de courts m\u00e9trages que les enfants d\u00e9couvriront dans leur salle de cin\u00e9ma de proximit\u00e9 et\u00a0\u00e9change sur les pratiques mises en place par les enseignants.<\/p>\n\n\n<div class=\"wp-block-image\">\n<figure class=\"aligncenter\"><a href=\"https:\/\/lafilledecorinthe.com\/wordpress\/wp-content\/uploads\/2020\/01\/IMG_4425.jpg\"><img loading=\"lazy\" decoding=\"async\" width=\"6000\" height=\"4000\" src=\"https:\/\/lafilledecorinthe.com\/wordpress\/wp-content\/uploads\/2020\/01\/IMG_4425.jpg\" alt=\"IMG_4425\" class=\"wp-image-10311\" srcset=\"https:\/\/lafilledecorinthe.com\/wordpress\/wp-content\/uploads\/2020\/01\/IMG_4425.jpg 6000w, https:\/\/lafilledecorinthe.com\/wordpress\/wp-content\/uploads\/2020\/01\/IMG_4425-680x453.jpg 680w, https:\/\/lafilledecorinthe.com\/wordpress\/wp-content\/uploads\/2020\/01\/IMG_4425-1280x853.jpg 1280w, https:\/\/lafilledecorinthe.com\/wordpress\/wp-content\/uploads\/2020\/01\/IMG_4425-450x300.jpg 450w\" sizes=\"auto, (max-width: 6000px) 100vw, 6000px\" \/><\/a><figcaption class=\"wp-element-caption\">La Petite Fabrique du Monde, 2013<\/figcaption><\/figure>\n<\/div>\n\n\n<p>A t\u00e9l\u00e9charger&nbsp;:&nbsp;<a href=\"https:\/\/lafilledecorinthe.com\/wordpress\/wp-content\/uploads\/2020\/01\/Bibliographie-filmographie....pdf\">Bibliographie-filmographie&#8230;<\/a><\/p>\n\n\n\n<p>Les enregistrements MP3 ont \u00e9t\u00e9 enregistr\u00e9s en 2014 avec le p\u00f4le image et m\u00e9dias du Canop\u00e9 Val-d&rsquo;Oise.<\/p>\n\n\n<div class=\"wp-block-image wp-image-10246\">\n<figure class=\"aligncenter\"><img loading=\"lazy\" decoding=\"async\" width=\"2050\" height=\"1152\" src=\"https:\/\/lafilledecorinthe.com\/wordpress\/wp-content\/uploads\/2020\/01\/loiseau.png\" alt=\"l'oiseau\" class=\"wp-image-10246\" srcset=\"https:\/\/lafilledecorinthe.com\/wordpress\/wp-content\/uploads\/2020\/01\/loiseau.png 2050w, https:\/\/lafilledecorinthe.com\/wordpress\/wp-content\/uploads\/2020\/01\/loiseau-680x382.png 680w, https:\/\/lafilledecorinthe.com\/wordpress\/wp-content\/uploads\/2020\/01\/loiseau-1280x719.png 1280w, https:\/\/lafilledecorinthe.com\/wordpress\/wp-content\/uploads\/2020\/01\/loiseau-500x281.png 500w\" sizes=\"auto, (max-width: 2050px) 100vw, 2050px\" \/><figcaption class=\"wp-element-caption\">La cr\u00e9ation, Cristina Lastrego, Francesco Testa, 2010<\/figcaption><\/figure>\n<\/div>\n\n\n<p>\u00c0 \u00e9couter :<\/p>\n\n\n\n<figure class=\"wp-block-audio\"><audio controls src=\"https:\/\/lafilledecorinthe.com\/wordpress\/wp-content\/uploads\/2020\/01\/1lacreation.mp3\"><\/audio><\/figure>\n\n\n\n<p>\u00c0 t\u00e9l\u00e9charger :&nbsp; &nbsp;<a href=\"https:\/\/lafilledecorinthe.com\/wordpress\/wp-content\/uploads\/2020\/01\/Images-se\u0301quentielles.pdf\">Images se\u0301quentielles<\/a>,&nbsp;<a href=\"https:\/\/lafilledecorinthe.com\/wordpress\/wp-content\/uploads\/2020\/01\/Diffe\u0301rentes-e\u0301tapes-de-l\u2019illustration-du-livre-.pdf\">Diffe\u0301rentes e\u0301tapes de l\u2019illustration du livre<\/a>,&nbsp;<a href=\"https:\/\/lafilledecorinthe.com\/wordpress\/wp-content\/uploads\/2020\/01\/Animer-un-dessin-.pdf\">Animer un dessin<\/a><\/p>\n\n\n<div class=\"wp-block-image\">\n<figure class=\"aligncenter\"><a href=\"https:\/\/lafilledecorinthe.com\/wordpress\/wp-content\/uploads\/2020\/01\/Capture-d\u2019e\u0301cran-2020-01-10-a\u0300-16.41.25.png\"><img loading=\"lazy\" decoding=\"async\" width=\"2050\" height=\"1152\" src=\"https:\/\/lafilledecorinthe.com\/wordpress\/wp-content\/uploads\/2020\/01\/Capture-d\u2019e\u0301cran-2020-01-10-a\u0300-16.41.25.png\" alt=\"Capture d\u2019e\u0301cran 2020-01-10 a\u0300 16.41.25\" class=\"wp-image-10255\" srcset=\"https:\/\/lafilledecorinthe.com\/wordpress\/wp-content\/uploads\/2020\/01\/Capture-d\u2019e\u0301cran-2020-01-10-a\u0300-16.41.25.png 2050w, https:\/\/lafilledecorinthe.com\/wordpress\/wp-content\/uploads\/2020\/01\/Capture-d\u2019e\u0301cran-2020-01-10-a\u0300-16.41.25-680x382.png 680w, https:\/\/lafilledecorinthe.com\/wordpress\/wp-content\/uploads\/2020\/01\/Capture-d\u2019e\u0301cran-2020-01-10-a\u0300-16.41.25-1280x719.png 1280w, https:\/\/lafilledecorinthe.com\/wordpress\/wp-content\/uploads\/2020\/01\/Capture-d\u2019e\u0301cran-2020-01-10-a\u0300-16.41.25-500x281.png 500w\" sizes=\"auto, (max-width: 2050px) 100vw, 2050px\" \/><\/a><figcaption class=\"wp-element-caption\">Une bouteille \u00e0 la mer, Kirsten Lepore, 2012<\/figcaption><\/figure>\n<\/div>\n\n\n<p>\u00c0 t\u00e9l\u00e9charger :&nbsp;<a href=\"https:\/\/lafilledecorinthe.com\/wordpress\/wp-content\/uploads\/2020\/01\/images-se\u0301quentielles-2.pdf\">images se\u0301quentielles 2<\/a><\/p>\n\n\n<div class=\"wp-block-image\">\n<figure class=\"aligncenter\"><a href=\"https:\/\/lafilledecorinthe.com\/wordpress\/wp-content\/uploads\/2020\/01\/couv.png\"><img loading=\"lazy\" decoding=\"async\" width=\"2046\" height=\"1150\" src=\"https:\/\/lafilledecorinthe.com\/wordpress\/wp-content\/uploads\/2020\/01\/couv.png\" alt=\"couv\" class=\"wp-image-10259\" srcset=\"https:\/\/lafilledecorinthe.com\/wordpress\/wp-content\/uploads\/2020\/01\/couv.png 2046w, https:\/\/lafilledecorinthe.com\/wordpress\/wp-content\/uploads\/2020\/01\/couv-680x382.png 680w, https:\/\/lafilledecorinthe.com\/wordpress\/wp-content\/uploads\/2020\/01\/couv-1280x719.png 1280w, https:\/\/lafilledecorinthe.com\/wordpress\/wp-content\/uploads\/2020\/01\/couv-500x281.png 500w\" sizes=\"auto, (max-width: 2046px) 100vw, 2046px\" \/><\/a><figcaption class=\"wp-element-caption\">Chinti, Natalia Mirzoyan, 2012<\/figcaption><\/figure>\n<\/div>\n\n\n<p>\u00c0 \u00e9couter :<\/p>\n\n\n\n<figure class=\"wp-block-audio\"><audio controls src=\"https:\/\/lafilledecorinthe.com\/wordpress\/wp-content\/uploads\/2020\/01\/3Chinti-1.mp3\"><\/audio><\/figure>\n\n\n\n<p>\u00c0 t\u00e9l\u00e9charger :&nbsp;<a href=\"https:\/\/lafilledecorinthe.com\/wordpress\/wp-content\/uploads\/2020\/01\/Les-plans-subjectifs-.pdf\">Les plans subjectifs<\/a>,&nbsp;<a href=\"https:\/\/lafilledecorinthe.com\/wordpress\/wp-content\/uploads\/2020\/01\/Les-repre\u0301sentations-du-Taj-Mahal-.pdf\">Les repre\u0301sentations du Taj Mahal<\/a><\/p>\n\n\n<div class=\"wp-block-image\">\n<figure class=\"aligncenter\"><a href=\"https:\/\/lafilledecorinthe.com\/wordpress\/wp-content\/uploads\/2020\/01\/couv1.png\"><img loading=\"lazy\" decoding=\"async\" width=\"2044\" height=\"1152\" src=\"https:\/\/lafilledecorinthe.com\/wordpress\/wp-content\/uploads\/2020\/01\/couv1.png\" alt=\"couv\" class=\"wp-image-10264\" srcset=\"https:\/\/lafilledecorinthe.com\/wordpress\/wp-content\/uploads\/2020\/01\/couv1.png 2044w, https:\/\/lafilledecorinthe.com\/wordpress\/wp-content\/uploads\/2020\/01\/couv1-680x383.png 680w, https:\/\/lafilledecorinthe.com\/wordpress\/wp-content\/uploads\/2020\/01\/couv1-1280x721.png 1280w, https:\/\/lafilledecorinthe.com\/wordpress\/wp-content\/uploads\/2020\/01\/couv1-500x282.png 500w\" sizes=\"auto, (max-width: 2044px) 100vw, 2044px\" \/><\/a><figcaption class=\"wp-element-caption\">Feu Follet, Sarah Wickens, 2009<\/figcaption><\/figure>\n<\/div>\n\n\n<p>\u00c0 \u00e9couter :<\/p>\n\n\n\n<figure class=\"wp-block-audio\"><audio controls src=\"https:\/\/lafilledecorinthe.com\/wordpress\/wp-content\/uploads\/2020\/01\/4Feufollet.mp3\"><\/audio><\/figure>\n\n\n\n<p>\u00c0 t\u00e9l\u00e9charger :&nbsp;<a href=\"https:\/\/lafilledecorinthe.com\/wordpress\/wp-content\/uploads\/2020\/01\/Le-bonhomme-lumie\u0300re-.pdf\">Le bonhomme lumie\u0300re<\/a><\/p>\n\n\n\n<p>Le tr\u00e8s beau clip r\u00e9alis\u00e9 par Anne-Lise King pour la chanson <em>Massour <\/em>du groupe Ella Zacap<\/p>\n\n\n\n<figure class=\"wp-block-embed is-type-video is-provider-youtube wp-block-embed-youtube wp-embed-aspect-16-9 wp-has-aspect-ratio\"><div class=\"wp-block-embed__wrapper\">\n<iframe loading=\"lazy\" title=\"Massour (Ella Zacap&#039;)\" width=\"720\" height=\"405\" src=\"https:\/\/www.youtube.com\/embed\/SJIZCfgoex0?feature=oembed\" frameborder=\"0\" allow=\"accelerometer; autoplay; clipboard-write; encrypted-media; gyroscope; picture-in-picture; web-share\" referrerpolicy=\"strict-origin-when-cross-origin\" allowfullscreen><\/iframe>\n<\/div><\/figure>\n\n\n<div class=\"wp-block-image\">\n<figure class=\"aligncenter\"><a href=\"https:\/\/lafilledecorinthe.com\/wordpress\/wp-content\/uploads\/2020\/01\/couv2.png\"><img loading=\"lazy\" decoding=\"async\" width=\"2046\" height=\"1146\" src=\"https:\/\/lafilledecorinthe.com\/wordpress\/wp-content\/uploads\/2020\/01\/couv2.png\" alt=\"couv\" class=\"wp-image-10268\" srcset=\"https:\/\/lafilledecorinthe.com\/wordpress\/wp-content\/uploads\/2020\/01\/couv2.png 2046w, https:\/\/lafilledecorinthe.com\/wordpress\/wp-content\/uploads\/2020\/01\/couv2-680x381.png 680w, https:\/\/lafilledecorinthe.com\/wordpress\/wp-content\/uploads\/2020\/01\/couv2-1280x717.png 1280w, https:\/\/lafilledecorinthe.com\/wordpress\/wp-content\/uploads\/2020\/01\/couv2-500x280.png 500w\" sizes=\"auto, (max-width: 2046px) 100vw, 2046px\" \/><\/a><figcaption class=\"wp-element-caption\">Grand fr\u00e8re, Jes\u00fas P\u00e9rez, Elisabeth H\u00fcttermann, 2010<\/figcaption><\/figure>\n<\/div>\n\n<div class=\"wp-block-image\">\n<figure class=\"aligncenter\"><a href=\"https:\/\/lafilledecorinthe.com\/wordpress\/wp-content\/uploads\/2020\/01\/Jesu\u0301s.png\"><img loading=\"lazy\" decoding=\"async\" width=\"1844\" height=\"1180\" src=\"https:\/\/lafilledecorinthe.com\/wordpress\/wp-content\/uploads\/2020\/01\/Jesu\u0301s.png\" alt=\"Jesu\u0301s\" class=\"wp-image-10269\" srcset=\"https:\/\/lafilledecorinthe.com\/wordpress\/wp-content\/uploads\/2020\/01\/Jesu\u0301s.png 1844w, https:\/\/lafilledecorinthe.com\/wordpress\/wp-content\/uploads\/2020\/01\/Jesu\u0301s-680x435.png 680w, https:\/\/lafilledecorinthe.com\/wordpress\/wp-content\/uploads\/2020\/01\/Jesu\u0301s-1280x819.png 1280w, https:\/\/lafilledecorinthe.com\/wordpress\/wp-content\/uploads\/2020\/01\/Jesu\u0301s-469x300.png 469w\" sizes=\"auto, (max-width: 1844px) 100vw, 1844px\" \/><\/a><figcaption class=\"wp-element-caption\">Jesu\u0301s P\u00e9rez au banc titre<\/figcaption><\/figure>\n<\/div>\n\n\n<p>\u00c0 \u00e9couter :<\/p>\n\n\n\n<figure class=\"wp-block-audio\"><audio controls src=\"https:\/\/lafilledecorinthe.com\/wordpress\/wp-content\/uploads\/2020\/01\/5Grandfrereok.mp3\"><\/audio><\/figure>\n\n\n\n<p>\u00c0 t\u00e9l\u00e9charger :&nbsp;<a href=\"https:\/\/lafilledecorinthe.com\/wordpress\/wp-content\/uploads\/2020\/01\/Storyboard.pdf\">Storyboard<\/a>,&nbsp;<a href=\"https:\/\/lafilledecorinthe.com\/wordpress\/wp-content\/uploads\/2020\/01\/La-naissance-du-grand-fre\u0300re.pdf\">La naissance du grand fre\u0300re<\/a><\/p>\n\n\n\n<p><em>Chats et chiens<\/em>, Jesu\u0301s P\u00e9rez, Gerd Gockell, 2015<\/p>\n\n\n\n<figure class=\"wp-block-embed is-type-video is-provider-youtube wp-block-embed-youtube wp-embed-aspect-16-9 wp-has-aspect-ratio\"><div class=\"wp-block-embed__wrapper\">\n<iframe loading=\"lazy\" title=\"CATS &amp; DOGS | An animated short film by Jes\u00fas P\u00e9rez and Gerd Gockell\" width=\"720\" height=\"405\" src=\"https:\/\/www.youtube.com\/embed\/Q8x2-AKDldw?feature=oembed\" frameborder=\"0\" allow=\"accelerometer; autoplay; clipboard-write; encrypted-media; gyroscope; picture-in-picture; web-share\" referrerpolicy=\"strict-origin-when-cross-origin\" allowfullscreen><\/iframe>\n<\/div><\/figure>\n\n\n<div class=\"wp-block-image\">\n<figure class=\"aligncenter\"><a href=\"https:\/\/lafilledecorinthe.com\/wordpress\/wp-content\/uploads\/2020\/01\/couv3.png\"><img loading=\"lazy\" decoding=\"async\" width=\"2044\" height=\"1152\" src=\"https:\/\/lafilledecorinthe.com\/wordpress\/wp-content\/uploads\/2020\/01\/couv3.png\" alt=\"couv\" class=\"wp-image-10277\" srcset=\"https:\/\/lafilledecorinthe.com\/wordpress\/wp-content\/uploads\/2020\/01\/couv3.png 2044w, https:\/\/lafilledecorinthe.com\/wordpress\/wp-content\/uploads\/2020\/01\/couv3-680x383.png 680w, https:\/\/lafilledecorinthe.com\/wordpress\/wp-content\/uploads\/2020\/01\/couv3-1280x721.png 1280w, https:\/\/lafilledecorinthe.com\/wordpress\/wp-content\/uploads\/2020\/01\/couv3-500x282.png 500w\" sizes=\"auto, (max-width: 2044px) 100vw, 2044px\" \/><\/a><figcaption class=\"wp-element-caption\">Dodu, l&rsquo;enfant en carton, Jos\u00e9 Miguel Ribeiro, 2010<\/figcaption><\/figure>\n<\/div>\n\n\n<p>\u00c0 \u00e9couter :<\/p>\n\n\n\n<figure class=\"wp-block-audio\"><audio controls src=\"https:\/\/lafilledecorinthe.com\/wordpress\/wp-content\/uploads\/2020\/01\/6Doduenfantcarton.mp3\"><\/audio><\/figure>\n\n\n\n<p>\u00c0 t\u00e9l\u00e9charger :&nbsp;<a href=\"https:\/\/lafilledecorinthe.com\/wordpress\/wp-content\/uploads\/2020\/01\/Dun-monde-a\u0300-lautre-.pdf\">D&rsquo;un monde a\u0300 l&rsquo;autre<\/a>&nbsp; &nbsp; &nbsp; &nbsp; &nbsp; &nbsp; &nbsp; &nbsp; &nbsp; &nbsp; &nbsp; &nbsp; &nbsp; &nbsp; &nbsp; &nbsp; &nbsp; &nbsp; &nbsp; &nbsp; &nbsp; &nbsp; &nbsp; &nbsp; &nbsp; &nbsp; &nbsp; &nbsp; &nbsp; &nbsp; &nbsp; &nbsp; &nbsp; &nbsp; &nbsp; &nbsp; &nbsp; &nbsp; &nbsp; &nbsp; &nbsp; Le pilote de la s\u00e9rie, la rencontre entre Dodu et la coccinelle<\/p>\n\n\n\n<figure class=\"wp-block-embed is-type-video is-provider-youtube wp-block-embed-youtube wp-embed-aspect-4-3 wp-has-aspect-ratio\"><div class=\"wp-block-embed__wrapper\">\n<iframe loading=\"lazy\" title=\"DODU - O Rapaz de Cart\u00e3o (Epis\u00f3dio Piloto)\" width=\"720\" height=\"540\" src=\"https:\/\/www.youtube.com\/embed\/_jtfkrfOPzY?feature=oembed\" frameborder=\"0\" allow=\"accelerometer; autoplay; clipboard-write; encrypted-media; gyroscope; picture-in-picture; web-share\" referrerpolicy=\"strict-origin-when-cross-origin\" allowfullscreen><\/iframe>\n<\/div><\/figure>\n\n\n<div class=\"wp-block-image\">\n<figure class=\"aligncenter\"><a href=\"https:\/\/lafilledecorinthe.com\/wordpress\/wp-content\/uploads\/2020\/01\/IMG_4487.jpg\"><img loading=\"lazy\" decoding=\"async\" width=\"6000\" height=\"4000\" src=\"https:\/\/lafilledecorinthe.com\/wordpress\/wp-content\/uploads\/2020\/01\/IMG_4487.jpg\" alt=\"IMG_4487\" class=\"wp-image-10312\" srcset=\"https:\/\/lafilledecorinthe.com\/wordpress\/wp-content\/uploads\/2020\/01\/IMG_4487.jpg 6000w, https:\/\/lafilledecorinthe.com\/wordpress\/wp-content\/uploads\/2020\/01\/IMG_4487-680x453.jpg 680w, https:\/\/lafilledecorinthe.com\/wordpress\/wp-content\/uploads\/2020\/01\/IMG_4487-1280x853.jpg 1280w, https:\/\/lafilledecorinthe.com\/wordpress\/wp-content\/uploads\/2020\/01\/IMG_4487-450x300.jpg 450w\" sizes=\"auto, (max-width: 6000px) 100vw, 6000px\" \/><\/a><figcaption class=\"wp-element-caption\">Le Petit Chat Curieux, Tsuneo Goda, 2006-2009<\/figcaption><\/figure>\n<\/div>\n\n\n<p>Pr\u00e9sentation du film : <a href=\"https:\/\/www.reseau-canope.fr\/atelier-val-d-oise\/cinema\/Komaneko\" target=\"_blank\" rel=\"noopener\">Le Cin\u00e9ma \u00e0 l&rsquo;\u00e9cole<\/a><\/p>\n\n\n\n<p>\u00c0 t\u00e9l\u00e9charger :&nbsp;<a href=\"https:\/\/lafilledecorinthe.com\/wordpress\/wp-content\/uploads\/2020\/01\/bibliographie-filmographie-.pdf\">bibliographie :filmographie<\/a>,&nbsp;<a href=\"https:\/\/lafilledecorinthe.com\/wordpress\/wp-content\/uploads\/2020\/01\/De-la-fabrication-a\u0300-la-projection-du-film-.pdf\">De la fabrication a\u0300 la projection du film<\/a>,&nbsp;<a href=\"https:\/\/lafilledecorinthe.com\/wordpress\/wp-content\/uploads\/2020\/01\/La-came\u0301ra-et-le-projecteur-.pdf\">La came\u0301ra et le projecteur<\/a>,&nbsp;<a href=\"https:\/\/lafilledecorinthe.com\/wordpress\/wp-content\/uploads\/2020\/01\/Un-Grand-Pe\u0300re-cine\u0301aste-.pdf\">Un Grand-Pe\u0300re cine\u0301aste<\/a>,&nbsp;<a href=\"https:\/\/lafilledecorinthe.com\/wordpress\/wp-content\/uploads\/2020\/01\/sce\u0301nario-.pdf\">sce\u0301nario<\/a>,&nbsp;<a href=\"https:\/\/lafilledecorinthe.com\/wordpress\/wp-content\/uploads\/2020\/01\/Le-temps....pdf\">Le temps&#8230;<\/a>,&nbsp;<a href=\"https:\/\/lafilledecorinthe.com\/wordpress\/wp-content\/uploads\/2020\/01\/D\u2019un-de\u0301guisement-a\u0300-l\u2019autre\u2026-.pdf\">D\u2019un de\u0301guisement a\u0300 l\u2019autre\u2026<\/a>,&nbsp;<a href=\"https:\/\/lafilledecorinthe.com\/wordpress\/wp-content\/uploads\/2020\/01\/Le-Ye\u0301ti.pdf\">Le Ye\u0301ti<\/a>,&nbsp;<a href=\"https:\/\/lafilledecorinthe.com\/wordpress\/wp-content\/uploads\/2020\/01\/Les-expressions-.pdf\">Les expressions<\/a>,&nbsp;<a href=\"https:\/\/lafilledecorinthe.com\/wordpress\/wp-content\/uploads\/2020\/01\/La-profondeur-de-champ.pdf\">La profondeur de champ<\/a>,&nbsp;<a href=\"https:\/\/lafilledecorinthe.com\/wordpress\/wp-content\/uploads\/2020\/01\/Les-plans-subjectifs-1.pdf\">Les plans subjectifs<\/a>,&nbsp;<a href=\"https:\/\/lafilledecorinthe.com\/wordpress\/wp-content\/uploads\/2020\/01\/lire-et-e\u0301crire-komaneko-.pdf\">lire et e\u0301crire komaneko<\/a>,&nbsp;<a href=\"https:\/\/lafilledecorinthe.com\/wordpress\/wp-content\/uploads\/2020\/01\/Les-chats-japonais-.pdf\">Les chats japonais<\/a><\/p>\n","protected":false},"excerpt":{"rendered":"<p>Deuxi\u00e8me journ\u00e9e de formation pour les enseignants inscrits au stage\u00a0Ecole et Cin\u00e9ma Maternelle. Projection et pr\u00e9sentation des deux nouveaux programmes de courts m\u00e9trages que les enfants d\u00e9couvriront dans leur salle de cin\u00e9ma de proximit\u00e9 et\u00a0\u00e9change sur les pratiques mises en place par les enseignants. A t\u00e9l\u00e9charger&nbsp;:&nbsp;Bibliographie-filmographie&#8230; Les enregistrements MP3 ont \u00e9t\u00e9 enregistr\u00e9s en 2014 avec&#8230;<\/p>\n","protected":false},"author":2,"featured_media":10310,"comment_status":"open","ping_status":"open","sticky":false,"template":"","format":"standard","meta":{"_kad_post_transparent":"","_kad_post_title":"","_kad_post_layout":"","_kad_post_sidebar_id":"","_kad_post_content_style":"","_kad_post_vertical_padding":"","_kad_post_feature":"","_kad_post_feature_position":"","_kad_post_header":false,"_kad_post_footer":false,"_kad_post_classname":"","footnotes":""},"categories":[8],"tags":[1952,1957,1948,1944,955,1941,1956,1950,1945,1955,1959,1947,1960,1958,1943,625,1777,1942,1953,1954,1949,1951,567,1946],"class_list":["post-10243","post","type-post","status-publish","format-standard","has-post-thumbnail","hentry","category-formations-adultes","tag-anne-lise-king","tag-chats-et-chiens","tag-chinti","tag-cristina-lastrego","tag-dodu","tag-ecole-et-cinema-maternelle-92","tag-elisabeth-huttermann","tag-feu-follet","tag-francesco-testa","tag-jesus-perez","tag-jose-miguel-ribeiro","tag-kirsten-lepore","tag-komaneko","tag-lenfant-en-carton","tag-la-creation","tag-la-petite-fabrique-du-monde","tag-le-petit-chat-curieux","tag-le-pole-image-et-medias-du-canope-val-doise","tag-massour","tag-massour-du-groupe-ella-zacap-couv-grand-frere","tag-natalia-mirzoyan","tag-sarah-wickens","tag-tsuneo-goda","tag-une-bouteille-a-la-mer"],"_links":{"self":[{"href":"https:\/\/lafilledecorinthe.com\/wordpress\/wp-json\/wp\/v2\/posts\/10243","targetHints":{"allow":["GET"]}}],"collection":[{"href":"https:\/\/lafilledecorinthe.com\/wordpress\/wp-json\/wp\/v2\/posts"}],"about":[{"href":"https:\/\/lafilledecorinthe.com\/wordpress\/wp-json\/wp\/v2\/types\/post"}],"author":[{"embeddable":true,"href":"https:\/\/lafilledecorinthe.com\/wordpress\/wp-json\/wp\/v2\/users\/2"}],"replies":[{"embeddable":true,"href":"https:\/\/lafilledecorinthe.com\/wordpress\/wp-json\/wp\/v2\/comments?post=10243"}],"version-history":[{"count":26,"href":"https:\/\/lafilledecorinthe.com\/wordpress\/wp-json\/wp\/v2\/posts\/10243\/revisions"}],"predecessor-version":[{"id":14594,"href":"https:\/\/lafilledecorinthe.com\/wordpress\/wp-json\/wp\/v2\/posts\/10243\/revisions\/14594"}],"wp:featuredmedia":[{"embeddable":true,"href":"https:\/\/lafilledecorinthe.com\/wordpress\/wp-json\/wp\/v2\/media\/10310"}],"wp:attachment":[{"href":"https:\/\/lafilledecorinthe.com\/wordpress\/wp-json\/wp\/v2\/media?parent=10243"}],"wp:term":[{"taxonomy":"category","embeddable":true,"href":"https:\/\/lafilledecorinthe.com\/wordpress\/wp-json\/wp\/v2\/categories?post=10243"},{"taxonomy":"post_tag","embeddable":true,"href":"https:\/\/lafilledecorinthe.com\/wordpress\/wp-json\/wp\/v2\/tags?post=10243"}],"curies":[{"name":"wp","href":"https:\/\/api.w.org\/{rel}","templated":true}]}}