{"id":10227,"date":"2019-12-19T14:13:20","date_gmt":"2019-12-19T13:13:20","guid":{"rendered":"http:\/\/lafilledecorinthe.com\/wordpress\/?p=10227"},"modified":"2025-12-04T21:44:30","modified_gmt":"2025-12-04T20:44:30","slug":"ecole-et-cinema-92-le-magicien-doz","status":"publish","type":"post","link":"https:\/\/lafilledecorinthe.com\/wordpress\/2019\/12\/ecole-et-cinema-92-le-magicien-doz\/","title":{"rendered":"\u00ab\u00a0Ecole et Cin\u00e9ma 92\u00a0\u00bb, Le Magicien d&rsquo;Oz"},"content":{"rendered":"\n<p><\/p>\n\n\n\n<p><em>Les contes de f\u00e9es parlent parfois de passages et de galeries garnis des deux c\u00f4t\u00e9s de baraques pleines de s\u00e9duction et de p\u00e9rils. J\u2019\u00e9tais dans mon enfance familier d\u2019une<br>all\u00e9e de ce genre, qui s\u2019appelait la rue Serpentine.<br>Enfance berlinoise<\/em>,&nbsp;Walter Benjamin, L&rsquo;Herme, 2012<\/p>\n\n\n\n<p class=\"p1\"><strong>Projection-conf\u00e9rence :<\/strong><br><em>Le magicien d&rsquo;Oz<\/em>, Victor Fleming, 1939<br>Cin\u00e9ma <em>Jean Vigo<\/em> de Gennevilliers<br>Samedi 1 f\u00e9vrier 2020<br>Cin\u00e9ma <em>Le Rex<\/em> de Ch\u00e2tenay-Malabry<br>Samedi 7 mars 2020<br>Co-animation avec Marc Laugenie (Conseiller p\u00e9dagogique en musique)<\/p>\n\n\n\n<p class=\"p1\">\u00c0 t\u00e9l\u00e9charger :&nbsp;<a href=\"https:\/\/lafilledecorinthe.com\/wordpress\/wp-content\/uploads\/2019\/12\/bibliographie-filmographie-.pdf\">bibliographie-filmographie<\/a>,&nbsp;<a href=\"https:\/\/lafilledecorinthe.com\/wordpress\/wp-content\/uploads\/2019\/12\/Sur-la-route\u2026-.pdf\">Sur la route\u2026<\/a>,&nbsp;<a href=\"https:\/\/lafilledecorinthe.com\/wordpress\/wp-content\/uploads\/2019\/12\/Les-personnages-du-re\u0302ve-a\u0300-la-re\u0301alite\u0301-1.pdf\">Les personnages du re\u0302ve a\u0300 la re\u0301alite\u0301 (1)<\/a>,&nbsp;<a href=\"https:\/\/lafilledecorinthe.com\/wordpress\/wp-content\/uploads\/2019\/12\/Les-personnages-de-la-re\u0301alite\u0301-au-re\u0302ve-2-.pdf\">Les personnages de la re\u0301alite\u0301 au re\u0302ve (2)<\/a>,&nbsp;<a href=\"https:\/\/lafilledecorinthe.com\/wordpress\/wp-content\/uploads\/2019\/12\/Les-personnages-de-la-re\u0301alite\u0301-au-re\u0302ve-3-.pdf\">Les personnages de la re\u0301alite\u0301 au re\u0302ve (3)<\/a>,&nbsp;<a href=\"https:\/\/lafilledecorinthe.com\/wordpress\/wp-content\/uploads\/2019\/12\/Tante-Em-et-Glinda-.pdf\">Tante Em et Glinda<\/a>,&nbsp;<a href=\"https:\/\/lafilledecorinthe.com\/wordpress\/wp-content\/uploads\/2019\/12\/La-sce\u0300ne-de-la-tornade-arre\u0302t-sur-image-.pdf\">La sce\u0300ne de la tornade, arre\u0302t sur image<\/a>,&nbsp;<a href=\"https:\/\/lafilledecorinthe.com\/wordpress\/wp-content\/uploads\/2019\/12\/Du-livre-au-film-\u00ab-Tout-e\u0301tait-gris-la\u0300-bas.-\u00bb-.pdf\">Du livre au film \u00ab&nbsp;Tout e\u0301tait gris la\u0300-bas.&nbsp;\u00bb<\/a>,&nbsp;<a href=\"https:\/\/lafilledecorinthe.com\/wordpress\/wp-content\/uploads\/2019\/12\/Donner-de-la-couleur-a\u0300-cette-sce\u0300ne.-.pdf\">Donner de la couleur a\u0300 cette sce\u0300ne<\/a><\/p>\n\n\n\n<p class=\"p1\">Deux versions du personnage de Dorothy, la premi\u00e8re est celle du r\u00e9alisateur Richard Thorpe&nbsp;et la deuxi\u00e8me&nbsp;de George Cukor.<\/p>\n\n\n<div class=\"wp-block-image\">\n<figure class=\"aligncenter\"><a href=\"https:\/\/lafilledecorinthe.com\/wordpress\/wp-content\/uploads\/2019\/12\/Judy.jpg\"><img loading=\"lazy\" decoding=\"async\" width=\"1422\" height=\"902\" src=\"https:\/\/lafilledecorinthe.com\/wordpress\/wp-content\/uploads\/2019\/12\/Judy.jpg\" alt=\"Judy\" class=\"wp-image-10350\" srcset=\"https:\/\/lafilledecorinthe.com\/wordpress\/wp-content\/uploads\/2019\/12\/Judy.jpg 1422w, https:\/\/lafilledecorinthe.com\/wordpress\/wp-content\/uploads\/2019\/12\/Judy-680x431.jpg 680w, https:\/\/lafilledecorinthe.com\/wordpress\/wp-content\/uploads\/2019\/12\/Judy-1280x812.jpg 1280w, https:\/\/lafilledecorinthe.com\/wordpress\/wp-content\/uploads\/2019\/12\/Judy-473x300.jpg 473w\" sizes=\"auto, (max-width: 1422px) 100vw, 1422px\" \/><\/a><\/figure>\n<\/div>\n\n\n<p class=\"p1\"><\/p>\n\n\n\n<figure class=\"wp-block-embed is-type-video is-provider-youtube wp-block-embed-youtube wp-embed-aspect-4-3 wp-has-aspect-ratio\"><div class=\"wp-block-embed__wrapper\">\n<iframe loading=\"lazy\" title=\"Rare Behind the Scenes Oz Wizard of Oz Footage Judy in Blonde Wig\" width=\"720\" height=\"540\" src=\"https:\/\/www.youtube.com\/embed\/XD3ZyMuKRgo?start=28&#038;feature=oembed\" frameborder=\"0\" allow=\"accelerometer; autoplay; clipboard-write; encrypted-media; gyroscope; picture-in-picture; web-share\" referrerpolicy=\"strict-origin-when-cross-origin\" allowfullscreen><\/iframe>\n<\/div><\/figure>\n\n\n\n<p>Images de test pour la s\u00e9ance de la tornade !<\/p>\n\n\n\n<figure class=\"wp-block-embed is-type-video is-provider-youtube wp-block-embed-youtube wp-embed-aspect-16-9 wp-has-aspect-ratio\"><div class=\"wp-block-embed__wrapper\">\n<iframe loading=\"lazy\" title=\"Wizard of Oz - Original Test Footage - Twister \/ Tornado in Distance\" width=\"720\" height=\"405\" src=\"https:\/\/www.youtube.com\/embed\/4_tS1pUIK3g?feature=oembed\" frameborder=\"0\" allow=\"accelerometer; autoplay; clipboard-write; encrypted-media; gyroscope; picture-in-picture; web-share\" referrerpolicy=\"strict-origin-when-cross-origin\" allowfullscreen><\/iframe>\n<\/div><\/figure>\n\n\n\n<p><em>La chanson Over the Rainbow<\/em>&nbsp;interpr\u00e9t\u00e9e par Ren\u00e9e Zellweger, <em>Judy <\/em>de Rupert Goold, 2020<\/p>\n\n\n\n<figure class=\"wp-block-embed is-type-video is-provider-youtube wp-block-embed-youtube wp-embed-aspect-16-9 wp-has-aspect-ratio\"><div class=\"wp-block-embed__wrapper\">\n<iframe loading=\"lazy\" title=\"Ren\u00e9e Zellweger - Over The Rainbow (From &#039;Judy&#039; \/ Lyric Video)\" width=\"720\" height=\"405\" src=\"https:\/\/www.youtube.com\/embed\/H53QBgHFJUg?start=189&#038;feature=oembed\" frameborder=\"0\" allow=\"accelerometer; autoplay; clipboard-write; encrypted-media; gyroscope; picture-in-picture; web-share\" referrerpolicy=\"strict-origin-when-cross-origin\" allowfullscreen><\/iframe>\n<\/div><\/figure>\n\n\n\n<p>Florence Force, conseill\u00e8re p\u00e9dagogique dans les Hauts de Seine, propose des&nbsp;<a href=\"https:\/\/lafilledecorinthe.com\/wordpress\/wp-content\/uploads\/2019\/12\/pistes-danalyses.pdf\">pistes d&rsquo;analyses<\/a>&nbsp;du roman de L. Frank Baum. MERCI \u00e0 elle !<\/p>\n\n\n<div class=\"wp-block-image\">\n<figure class=\"aligncenter\"><a href=\"https:\/\/lafilledecorinthe.com\/wordpress\/wp-content\/uploads\/2019\/12\/Oz-folio.jpg\"><img loading=\"lazy\" decoding=\"async\" width=\"244\" height=\"350\" src=\"https:\/\/lafilledecorinthe.com\/wordpress\/wp-content\/uploads\/2019\/12\/Oz-folio.jpg\" alt=\"Oz folio\" class=\"wp-image-10496\" srcset=\"https:\/\/lafilledecorinthe.com\/wordpress\/wp-content\/uploads\/2019\/12\/Oz-folio.jpg 244w, https:\/\/lafilledecorinthe.com\/wordpress\/wp-content\/uploads\/2019\/12\/Oz-folio-209x300.jpg 209w\" sizes=\"auto, (max-width: 244px) 100vw, 244px\" \/><\/a><\/figure>\n<\/div>\n\n\n<p><\/p>\n","protected":false},"excerpt":{"rendered":"<p>Les contes de f\u00e9es parlent parfois de passages et de galeries garnis des deux c\u00f4t\u00e9s de baraques pleines de s\u00e9duction et de p\u00e9rils. J\u2019\u00e9tais dans mon enfance familier d\u2019uneall\u00e9e de ce genre, qui s\u2019appelait la rue Serpentine.Enfance berlinoise,&nbsp;Walter Benjamin, L&rsquo;Herme, 2012 Projection-conf\u00e9rence :Le magicien d&rsquo;Oz, Victor Fleming, 1939Cin\u00e9ma Jean Vigo de GennevilliersSamedi 1 f\u00e9vrier 2020Cin\u00e9ma&#8230;<\/p>\n","protected":false},"author":2,"featured_media":10228,"comment_status":"open","ping_status":"open","sticky":false,"template":"","format":"standard","meta":{"_kad_post_transparent":"","_kad_post_title":"","_kad_post_layout":"","_kad_post_sidebar_id":"","_kad_post_content_style":"","_kad_post_vertical_padding":"","_kad_post_feature":"","_kad_post_feature_position":"","_kad_post_header":false,"_kad_post_footer":false,"_kad_post_classname":"","footnotes":""},"categories":[8],"tags":[373,1984,1977,1983,1961,1975,1976,1978,1962],"class_list":["post-10227","post","type-post","status-publish","format-standard","has-post-thumbnail","hentry","category-formations-adultes","tag-ecole-et-cinema-92","tag-florence-force","tag-judy","tag-l-frank-baum","tag-le-magicien-doz","tag-over-the-rainbow","tag-renee-zellweger","tag-rupert-goold","tag-victor-fleming"],"_links":{"self":[{"href":"https:\/\/lafilledecorinthe.com\/wordpress\/wp-json\/wp\/v2\/posts\/10227","targetHints":{"allow":["GET"]}}],"collection":[{"href":"https:\/\/lafilledecorinthe.com\/wordpress\/wp-json\/wp\/v2\/posts"}],"about":[{"href":"https:\/\/lafilledecorinthe.com\/wordpress\/wp-json\/wp\/v2\/types\/post"}],"author":[{"embeddable":true,"href":"https:\/\/lafilledecorinthe.com\/wordpress\/wp-json\/wp\/v2\/users\/2"}],"replies":[{"embeddable":true,"href":"https:\/\/lafilledecorinthe.com\/wordpress\/wp-json\/wp\/v2\/comments?post=10227"}],"version-history":[{"count":16,"href":"https:\/\/lafilledecorinthe.com\/wordpress\/wp-json\/wp\/v2\/posts\/10227\/revisions"}],"predecessor-version":[{"id":14670,"href":"https:\/\/lafilledecorinthe.com\/wordpress\/wp-json\/wp\/v2\/posts\/10227\/revisions\/14670"}],"wp:featuredmedia":[{"embeddable":true,"href":"https:\/\/lafilledecorinthe.com\/wordpress\/wp-json\/wp\/v2\/media\/10228"}],"wp:attachment":[{"href":"https:\/\/lafilledecorinthe.com\/wordpress\/wp-json\/wp\/v2\/media?parent=10227"}],"wp:term":[{"taxonomy":"category","embeddable":true,"href":"https:\/\/lafilledecorinthe.com\/wordpress\/wp-json\/wp\/v2\/categories?post=10227"},{"taxonomy":"post_tag","embeddable":true,"href":"https:\/\/lafilledecorinthe.com\/wordpress\/wp-json\/wp\/v2\/tags?post=10227"}],"curies":[{"name":"wp","href":"https:\/\/api.w.org\/{rel}","templated":true}]}}