{"id":10180,"date":"2019-12-06T18:36:03","date_gmt":"2019-12-06T17:36:03","guid":{"rendered":"http:\/\/lafilledecorinthe.com\/wordpress\/?p=10180"},"modified":"2025-12-04T14:28:33","modified_gmt":"2025-12-04T13:28:33","slug":"ecole-et-cinema-92-ma-vie-de-courgette","status":"publish","type":"post","link":"https:\/\/lafilledecorinthe.com\/wordpress\/2019\/12\/ecole-et-cinema-92-ma-vie-de-courgette\/","title":{"rendered":"\u00ab\u00a0Ecole et cin\u00e9ma 92\u00a0\u00bb Ma vie de Courgette"},"content":{"rendered":"\n<p><em>\u00a0\u00bb L&rsquo;animateur est celui qui conna\u00eet intimement sa marionnette : il sait comment elle se plie, o\u00f9 sont ses limites, comment elle va avoir l&rsquo;air gai ou triste. C&rsquo;est presque du chamanisme et moi qui ne suit que l&rsquo;interm\u00e9diaire entre l&rsquo;animateur et la poup\u00e9e, je trouve \u00e7a fascinant. J&rsquo;ai souvent utilis\u00e9 de longs plans s\u00e9quences sur les regards et les \u00e9motions plut\u00f4t qu&rsquo;un d\u00e9coupe champ-contre-champ classiquement utilis\u00e9 pour l&rsquo;animation. Cela donne&nbsp;au film un rythme singulier, plut\u00f4t lent.\u00a0\u00bb&nbsp;<\/em> &nbsp; &nbsp; &nbsp; &nbsp; &nbsp; &nbsp; &nbsp; &nbsp; &nbsp; &nbsp; &nbsp; &nbsp; &nbsp; &nbsp; &nbsp; &nbsp; &nbsp; &nbsp; &nbsp; &nbsp; &nbsp; &nbsp; &nbsp; &nbsp; &nbsp; &nbsp; &nbsp; &nbsp; &nbsp; &nbsp; &nbsp; &nbsp; &nbsp; &nbsp; &nbsp; &nbsp; &nbsp; &nbsp; &nbsp; &nbsp; &nbsp; &nbsp; &nbsp; &nbsp; &nbsp; &nbsp; &nbsp; &nbsp; &nbsp; &nbsp; &nbsp; &nbsp; &nbsp; &nbsp; &nbsp; &nbsp; &nbsp; &nbsp; &nbsp; &nbsp; &nbsp; &nbsp; &nbsp; &nbsp; &nbsp; &nbsp; &nbsp; &nbsp; &nbsp; &nbsp; &nbsp; &nbsp;Claude Barras, cit\u00e9 dans <em>Kirikou et apr\u00e8s &#8230;,<\/em> page<em>&nbsp;<\/em>194<\/p>\n\n\n\n<p><em>\u00a0\u00bb Le film devait e\u0302tre re\u0301solument a\u0300 hauteur d&rsquo;enfant et pour moi e\u0302tre a\u0300 hauteur d&rsquo;enfant c&rsquo;est le prendre au se\u0301rieux en tant que personnage et en tant que spectateur. Il y avait pour <\/em>Ma Vie de Courgette<em> un parti pris de ne pas ide\u0301aliser l&rsquo;enfance. C&rsquo;est un film ancre\u0301 dans son e\u0301poque, un film engage\u0301.\u00a0\u00bb<\/em><br>Interview de C\u00e9line Sciamma dans<em> Challenge(s), <\/em>15-05-2016<\/p>\n\n\n\n<p><strong>Projection-conf\u00e9rence :<\/strong><br><em>Ma vie de Courgette<\/em>, Claude Barras, 2016<br>Cin\u00e9ma <em>Jean Vigo<\/em> de Gennevilliers<br>Samedi 14 d\u00e9cembre 2019<br>Cin\u00e9ma <em>Le Rex<\/em> de Ch\u00e2tenay-Malabry<br>Samedi 11 janvier 2020<\/p>\n\n\n\n<p><strong>&nbsp;Documents \u00e0 t\u00e9l\u00e9charger :&nbsp;<\/strong><a href=\"https:\/\/lafilledecorinthe.com\/wordpress\/wp-content\/uploads\/2019\/12\/Pour-aller-plus-loin-.pdf\">Pour aller plus loin<\/a>,&nbsp;<a href=\"https:\/\/lafilledecorinthe.com\/wordpress\/wp-content\/uploads\/2019\/12\/Les-personnages-.pdf\">Les personnages<\/a>,&nbsp;<a href=\"https:\/\/lafilledecorinthe.com\/wordpress\/wp-content\/uploads\/2019\/12\/Le-cerf-volant.pdf\">Le cerf-volant<\/a>,&nbsp;<a href=\"https:\/\/lafilledecorinthe.com\/wordpress\/wp-content\/uploads\/2019\/12\/La-canette-.pdf\">La canette<\/a>,&nbsp;<a href=\"https:\/\/lafilledecorinthe.com\/wordpress\/wp-content\/uploads\/2019\/12\/Les-dessins-.pdf\">Les dessins<\/a>,&nbsp;<a href=\"https:\/\/lafilledecorinthe.com\/wordpress\/wp-content\/uploads\/2019\/12\/Autobiographie-dune-Courgette1.pdf\">Autobiographie d&rsquo;une Courgette1<\/a>,&nbsp;<a href=\"https:\/\/lafilledecorinthe.com\/wordpress\/wp-content\/uploads\/2019\/12\/L\u2019arrive\u0301e-au-foyer-.pdf\">L\u2019arrive\u0301e au foyer<\/a>,&nbsp;<a href=\"https:\/\/lafilledecorinthe.com\/wordpress\/wp-content\/uploads\/2019\/12\/Autobiographie-dune-Courgette2-.pdf\">Autobiographie d&rsquo;une Courgette2<\/a>,&nbsp;<a href=\"https:\/\/lafilledecorinthe.com\/wordpress\/wp-content\/uploads\/2019\/12\/Le-stand-de-tir.pdf\">Le stand de tir<\/a>,&nbsp;<a href=\"https:\/\/lafilledecorinthe.com\/wordpress\/wp-content\/uploads\/2019\/12\/Le-vent-nous-portera-.pdf\">Le vent nous portera<\/a><\/p>\n\n\n\n<p>Parce qu&rsquo;on ne s&rsquo;en lasse pas, Sophie Hunger.<\/p>\n\n\n\n<figure class=\"wp-block-embed is-type-video is-provider-youtube wp-block-embed-youtube wp-embed-aspect-16-9 wp-has-aspect-ratio\"><div class=\"wp-block-embed__wrapper\">\n<iframe loading=\"lazy\" title=\"Sophie Hunger - Le vent nous portera\" width=\"720\" height=\"405\" src=\"https:\/\/www.youtube.com\/embed\/Agk1byIie70?feature=oembed\" frameborder=\"0\" allow=\"accelerometer; autoplay; clipboard-write; encrypted-media; gyroscope; picture-in-picture; web-share\" referrerpolicy=\"strict-origin-when-cross-origin\" allowfullscreen><\/iframe>\n<\/div><\/figure>\n\n\n\n<p>Le <a href=\"https:\/\/www.allo119.gouv.fr\/sites\/default\/files\/upload\/content\/actualites\/livret-cide-2019-def.pdf\" target=\"_blank\" rel=\"noopener\">119<\/a>, au service des droits de l&rsquo;enfant.<\/p>\n\n\n<div class=\"wp-block-image\">\n<figure class=\"aligncenter\"><a href=\"https:\/\/lafilledecorinthe.com\/wordpress\/wp-content\/uploads\/2019\/12\/affiche119.jpg\"><img loading=\"lazy\" decoding=\"async\" width=\"767\" height=\"431\" src=\"https:\/\/lafilledecorinthe.com\/wordpress\/wp-content\/uploads\/2019\/12\/affiche119.jpg\" alt=\"affiche119\" class=\"wp-image-10190\" srcset=\"https:\/\/lafilledecorinthe.com\/wordpress\/wp-content\/uploads\/2019\/12\/affiche119.jpg 767w, https:\/\/lafilledecorinthe.com\/wordpress\/wp-content\/uploads\/2019\/12\/affiche119-680x382.jpg 680w, https:\/\/lafilledecorinthe.com\/wordpress\/wp-content\/uploads\/2019\/12\/affiche119-500x281.jpg 500w\" sizes=\"auto, (max-width: 767px) 100vw, 767px\" \/><\/a><\/figure>\n<\/div>\n\n\n<p>Et aussi&nbsp;<a title=\"Olesya Shchukina, illustratrice et cin\u00e9aste d\u2019animation\" href=\"https:\/\/lafilledecorinthe.com\/wordpress\/2019\/09\/olesya-shchukina-illustratrice-et-cineaste-danimation\/\">ici<\/a>, <a title=\"\u00ab&nbsp;Ma vie de courgette&nbsp;\u00bb et le PLEAC de Choisy-le-Roi\" href=\"https:\/\/lafilledecorinthe.com\/wordpress\/2016\/12\/ma-vie-de-courgette-et-le-pleac-de-choisy-le-roi\/\">l\u00e0<\/a>, et encore <a title=\"Le festival de Cannes s\u2019invite en classe !\" href=\"https:\/\/lafilledecorinthe.com\/wordpress\/2016\/05\/le-festival-de-cannes-sinvite-en-classe\/\">l\u00e0<\/a>&nbsp;!<\/p>\n\n\n\n<p>Claude Barras parle de son parcours &#8230;<br><iframe loading=\"lazy\" title=\"YouTube video player\" src=\"https:\/\/www.youtube.com\/embed\/1HBsIeQKZ5c?si=SW845L63TR2BKZPG\" width=\"560\" height=\"315\" frameborder=\"0\" allowfullscreen=\"allowfullscreen\"><\/iframe><\/p>\n","protected":false},"excerpt":{"rendered":"<p>\u00a0\u00bb L&rsquo;animateur est celui qui conna\u00eet intimement sa marionnette : il sait comment elle se plie, o\u00f9 sont ses limites, comment elle va avoir l&rsquo;air gai ou triste. C&rsquo;est presque du chamanisme et moi qui ne suit que l&rsquo;interm\u00e9diaire entre l&rsquo;animateur et la poup\u00e9e, je trouve \u00e7a fascinant. J&rsquo;ai souvent utilis\u00e9 de longs plans s\u00e9quences&#8230;<\/p>\n","protected":false},"author":2,"featured_media":10187,"comment_status":"open","ping_status":"open","sticky":false,"template":"","format":"standard","meta":{"_kad_post_transparent":"","_kad_post_title":"","_kad_post_layout":"","_kad_post_sidebar_id":"","_kad_post_content_style":"","_kad_post_vertical_padding":"","_kad_post_feature":"","_kad_post_feature_position":"","_kad_post_header":false,"_kad_post_footer":false,"_kad_post_classname":"","footnotes":""},"categories":[8],"tags":[1260,1940,1937,1261,373,1939,1938],"class_list":["post-10180","post","type-post","status-publish","format-standard","has-post-thumbnail","hentry","category-formations-adultes","tag-ma-vie-de-courgette","tag-1940","tag-celine-sciamma","tag-claude-barras","tag-ecole-et-cinema-92","tag-le-vent-nous-portera","tag-sophie-hunger"],"_links":{"self":[{"href":"https:\/\/lafilledecorinthe.com\/wordpress\/wp-json\/wp\/v2\/posts\/10180","targetHints":{"allow":["GET"]}}],"collection":[{"href":"https:\/\/lafilledecorinthe.com\/wordpress\/wp-json\/wp\/v2\/posts"}],"about":[{"href":"https:\/\/lafilledecorinthe.com\/wordpress\/wp-json\/wp\/v2\/types\/post"}],"author":[{"embeddable":true,"href":"https:\/\/lafilledecorinthe.com\/wordpress\/wp-json\/wp\/v2\/users\/2"}],"replies":[{"embeddable":true,"href":"https:\/\/lafilledecorinthe.com\/wordpress\/wp-json\/wp\/v2\/comments?post=10180"}],"version-history":[{"count":23,"href":"https:\/\/lafilledecorinthe.com\/wordpress\/wp-json\/wp\/v2\/posts\/10180\/revisions"}],"predecessor-version":[{"id":10215,"href":"https:\/\/lafilledecorinthe.com\/wordpress\/wp-json\/wp\/v2\/posts\/10180\/revisions\/10215"}],"wp:featuredmedia":[{"embeddable":true,"href":"https:\/\/lafilledecorinthe.com\/wordpress\/wp-json\/wp\/v2\/media\/10187"}],"wp:attachment":[{"href":"https:\/\/lafilledecorinthe.com\/wordpress\/wp-json\/wp\/v2\/media?parent=10180"}],"wp:term":[{"taxonomy":"category","embeddable":true,"href":"https:\/\/lafilledecorinthe.com\/wordpress\/wp-json\/wp\/v2\/categories?post=10180"},{"taxonomy":"post_tag","embeddable":true,"href":"https:\/\/lafilledecorinthe.com\/wordpress\/wp-json\/wp\/v2\/tags?post=10180"}],"curies":[{"name":"wp","href":"https:\/\/api.w.org\/{rel}","templated":true}]}}