{"id":10141,"date":"2019-11-18T10:05:36","date_gmt":"2019-11-18T09:05:36","guid":{"rendered":"http:\/\/lafilledecorinthe.com\/wordpress\/?p=10141"},"modified":"2025-11-29T13:04:47","modified_gmt":"2025-11-29T12:04:47","slug":"lextraordinaire-aventure-de-zarafa-au-parc-de-sceaux","status":"publish","type":"post","link":"https:\/\/lafilledecorinthe.com\/wordpress\/2019\/11\/lextraordinaire-aventure-de-zarafa-au-parc-de-sceaux\/","title":{"rendered":"\u00ab\u00a0L&rsquo;extraordinaire aventure de Zarafa\u00a0\u00bb au parc de Sceaux"},"content":{"rendered":"<div class=\"wp-block-image\">\n<figure class=\"aligncenter\"><img loading=\"lazy\" decoding=\"async\" width=\"6000\" height=\"4000\" src=\"https:\/\/lafilledecorinthe.com\/wordpress\/wp-content\/uploads\/2019\/11\/2.jpg\" alt=\"2\" class=\"wp-image-10144\" srcset=\"https:\/\/lafilledecorinthe.com\/wordpress\/wp-content\/uploads\/2019\/11\/2.jpg 6000w, https:\/\/lafilledecorinthe.com\/wordpress\/wp-content\/uploads\/2019\/11\/2-680x453.jpg 680w, https:\/\/lafilledecorinthe.com\/wordpress\/wp-content\/uploads\/2019\/11\/2-1280x853.jpg 1280w, https:\/\/lafilledecorinthe.com\/wordpress\/wp-content\/uploads\/2019\/11\/2-450x300.jpg 450w\" sizes=\"auto, (max-width: 6000px) 100vw, 6000px\" \/><\/figure>\n<\/div>\n\n\n<p>Trente-cinq ans apr\u00e8s la premi\u00e8re exposition qui lui \u00e9tait consacr\u00e9e, la girafe de Charles X, d\u00e9sormais c\u00e9l\u00e8bre sous le nom de Zarafa, est \u00e0 l&rsquo;honneur dans une nouvelle exposition du mus\u00e9e d\u00e9partemental de Sceaux. La fille du journaliste Gabriel Dardaud qui a exhum\u00e9 cette incroyable histoire dans les ann\u00e9es 50 a fait don au mus\u00e9e de la riche collection de son p\u00e8re consacr\u00e9e \u00e0 l&rsquo;animal au long cou.Une belle occasion pour raconter \u00e0 nouveau les aventures de cette jeune girafe n\u00e9e au Soudan qui a termin\u00e9 sa vie \u00e0 la m\u00e9nagerie du jardin des plantes\u00a0de Paris.<br>L&rsquo;exposition s&rsquo;ouvre sur un ensemble passionnant de dessins\u00a0de l&rsquo;animal avant qu&rsquo;il n&rsquo;ait \u00e9t\u00e9 observ\u00e9 de visu par ceux qui la repr\u00e9sentaient.<br>Imagine-t-on un monde sans Google images ?<\/p>\n\n\n<div class=\"wp-block-image\">\n<figure class=\"aligncenter\"><a href=\"https:\/\/lafilledecorinthe.com\/wordpress\/wp-content\/uploads\/2019\/11\/Diderot-et-dAlembert.jpg\"><img loading=\"lazy\" decoding=\"async\" width=\"6000\" height=\"4000\" src=\"https:\/\/lafilledecorinthe.com\/wordpress\/wp-content\/uploads\/2019\/11\/Diderot-et-dAlembert.jpg\" alt=\"Diderot et d'Alembert\" class=\"wp-image-10146\" srcset=\"https:\/\/lafilledecorinthe.com\/wordpress\/wp-content\/uploads\/2019\/11\/Diderot-et-dAlembert.jpg 6000w, https:\/\/lafilledecorinthe.com\/wordpress\/wp-content\/uploads\/2019\/11\/Diderot-et-dAlembert-680x453.jpg 680w, https:\/\/lafilledecorinthe.com\/wordpress\/wp-content\/uploads\/2019\/11\/Diderot-et-dAlembert-1280x853.jpg 1280w, https:\/\/lafilledecorinthe.com\/wordpress\/wp-content\/uploads\/2019\/11\/Diderot-et-dAlembert-450x300.jpg 450w\" sizes=\"auto, (max-width: 6000px) 100vw, 6000px\" \/><\/a><figcaption class=\"wp-element-caption\">Encyclop\u00e9die de Diderot et d&rsquo;Alembert, 1768<\/figcaption><\/figure>\n<\/div>\n\n<div class=\"wp-block-image\">\n<figure class=\"aligncenter\"><a href=\"https:\/\/lafilledecorinthe.com\/wordpress\/wp-content\/uploads\/2019\/11\/Buffon.jpg\"><img loading=\"lazy\" decoding=\"async\" width=\"6000\" height=\"4000\" src=\"https:\/\/lafilledecorinthe.com\/wordpress\/wp-content\/uploads\/2019\/11\/Buffon.jpg\" alt=\"Buffon\" class=\"wp-image-10147\" srcset=\"https:\/\/lafilledecorinthe.com\/wordpress\/wp-content\/uploads\/2019\/11\/Buffon.jpg 6000w, https:\/\/lafilledecorinthe.com\/wordpress\/wp-content\/uploads\/2019\/11\/Buffon-680x453.jpg 680w, https:\/\/lafilledecorinthe.com\/wordpress\/wp-content\/uploads\/2019\/11\/Buffon-1280x853.jpg 1280w, https:\/\/lafilledecorinthe.com\/wordpress\/wp-content\/uploads\/2019\/11\/Buffon-450x300.jpg 450w\" sizes=\"auto, (max-width: 6000px) 100vw, 6000px\" \/><\/a><figcaption class=\"wp-element-caption\">Histoire naturelle, Buffon, 1768<\/figcaption><\/figure>\n<\/div>\n\n\n<p>La sc\u00e9nographie met en sc\u00e8ne l&rsquo;acheminement du pr\u00e9cieux cadeau du vice-roi d&rsquo;Egypte \u00e0 Charles X en pr\u00e9sentant des objets d&rsquo;\u00e9poque&nbsp;et des dioramas contemporains r\u00e9alis\u00e9s en Playmobil.<\/p>\n\n\n<div class=\"wp-block-image\">\n<figure class=\"aligncenter\"><a href=\"https:\/\/lafilledecorinthe.com\/wordpress\/wp-content\/uploads\/2019\/11\/IMG_4098.jpeg\"><img loading=\"lazy\" decoding=\"async\" width=\"4555\" height=\"3865\" src=\"https:\/\/lafilledecorinthe.com\/wordpress\/wp-content\/uploads\/2019\/11\/IMG_4098.jpeg\" alt=\"IMG_4098\" class=\"wp-image-10153\" srcset=\"https:\/\/lafilledecorinthe.com\/wordpress\/wp-content\/uploads\/2019\/11\/IMG_4098.jpeg 4555w, https:\/\/lafilledecorinthe.com\/wordpress\/wp-content\/uploads\/2019\/11\/IMG_4098-680x577.jpeg 680w, https:\/\/lafilledecorinthe.com\/wordpress\/wp-content\/uploads\/2019\/11\/IMG_4098-1280x1086.jpeg 1280w, https:\/\/lafilledecorinthe.com\/wordpress\/wp-content\/uploads\/2019\/11\/IMG_4098-354x300.jpeg 354w\" sizes=\"auto, (max-width: 4555px) 100vw, 4555px\" \/><\/a><figcaption class=\"wp-element-caption\">\u00ab\u00a0Le passage de la girafe \u00e0 Arnay-le-duc, J-R Brascassat, 1887<\/figcaption><\/figure>\n<\/div>\n\n<div class=\"wp-block-image\">\n<figure class=\"aligncenter\"><a href=\"https:\/\/lafilledecorinthe.com\/wordpress\/wp-content\/uploads\/2019\/11\/IMG_4095.jpg\"><img loading=\"lazy\" decoding=\"async\" width=\"6000\" height=\"4000\" src=\"https:\/\/lafilledecorinthe.com\/wordpress\/wp-content\/uploads\/2019\/11\/IMG_4095.jpg\" alt=\"IMG_4095\" class=\"wp-image-10154\" srcset=\"https:\/\/lafilledecorinthe.com\/wordpress\/wp-content\/uploads\/2019\/11\/IMG_4095.jpg 6000w, https:\/\/lafilledecorinthe.com\/wordpress\/wp-content\/uploads\/2019\/11\/IMG_4095-680x453.jpg 680w, https:\/\/lafilledecorinthe.com\/wordpress\/wp-content\/uploads\/2019\/11\/IMG_4095-1280x853.jpg 1280w, https:\/\/lafilledecorinthe.com\/wordpress\/wp-content\/uploads\/2019\/11\/IMG_4095-450x300.jpg 450w\" sizes=\"auto, (max-width: 6000px) 100vw, 6000px\" \/><\/a><figcaption class=\"wp-element-caption\">Diorama \u00ab\u00a0l&rsquo;arriv\u00e9e \u00e0 Auxerre\u00a0\u00bb<\/figcaption><\/figure>\n<\/div>\n\n<div class=\"wp-block-image\">\n<figure class=\"aligncenter\"><a href=\"https:\/\/lafilledecorinthe.com\/wordpress\/wp-content\/uploads\/2019\/11\/IMG_4104.jpeg\"><img loading=\"lazy\" decoding=\"async\" width=\"5323\" height=\"3246\" src=\"https:\/\/lafilledecorinthe.com\/wordpress\/wp-content\/uploads\/2019\/11\/IMG_4104.jpeg\" alt=\"IMG_4104\" class=\"wp-image-10157\" srcset=\"https:\/\/lafilledecorinthe.com\/wordpress\/wp-content\/uploads\/2019\/11\/IMG_4104.jpeg 5323w, https:\/\/lafilledecorinthe.com\/wordpress\/wp-content\/uploads\/2019\/11\/IMG_4104-680x415.jpeg 680w, https:\/\/lafilledecorinthe.com\/wordpress\/wp-content\/uploads\/2019\/11\/IMG_4104-1280x781.jpeg 1280w, https:\/\/lafilledecorinthe.com\/wordpress\/wp-content\/uploads\/2019\/11\/IMG_4104-492x300.jpeg 492w\" sizes=\"auto, (max-width: 5323px) 100vw, 5323px\" \/><\/a><figcaption class=\"wp-element-caption\">Estampe, vers 1827<\/figcaption><\/figure>\n<\/div>\n\n<div class=\"wp-block-image\">\n<figure class=\"aligncenter\"><a href=\"https:\/\/lafilledecorinthe.com\/wordpress\/wp-content\/uploads\/2019\/11\/IMG_4103.jpg\"><img loading=\"lazy\" decoding=\"async\" width=\"6000\" height=\"4000\" src=\"https:\/\/lafilledecorinthe.com\/wordpress\/wp-content\/uploads\/2019\/11\/IMG_4103.jpg\" alt=\"IMG_4103\" class=\"wp-image-10158\" srcset=\"https:\/\/lafilledecorinthe.com\/wordpress\/wp-content\/uploads\/2019\/11\/IMG_4103.jpg 6000w, https:\/\/lafilledecorinthe.com\/wordpress\/wp-content\/uploads\/2019\/11\/IMG_4103-680x453.jpg 680w, https:\/\/lafilledecorinthe.com\/wordpress\/wp-content\/uploads\/2019\/11\/IMG_4103-1280x853.jpg 1280w, https:\/\/lafilledecorinthe.com\/wordpress\/wp-content\/uploads\/2019\/11\/IMG_4103-450x300.jpg 450w\" sizes=\"auto, (max-width: 6000px) 100vw, 6000px\" \/><\/a><figcaption class=\"wp-element-caption\">Diorama, la pr\u00e9sentation au roi Charles X au ch\u00e2teau de Saint Cloud<\/figcaption><\/figure>\n<\/div>\n\n\n<p>Enfin, un ensemble bigarr\u00e9 d&rsquo;objets \u00e0&nbsp;la gloire de la girafe, t\u00e9moin de l&rsquo;engouement du public pour l&rsquo;exotisme, est mis en valeur.<\/p>\n\n\n<div class=\"wp-block-image wp-image-10159\">\n<figure class=\"aligncenter\"><img loading=\"lazy\" decoding=\"async\" width=\"6000\" height=\"4000\" src=\"https:\/\/lafilledecorinthe.com\/wordpress\/wp-content\/uploads\/2019\/11\/IMG_4114.jpg\" alt=\"IMG_4114\" class=\"wp-image-10159\" srcset=\"https:\/\/lafilledecorinthe.com\/wordpress\/wp-content\/uploads\/2019\/11\/IMG_4114.jpg 6000w, https:\/\/lafilledecorinthe.com\/wordpress\/wp-content\/uploads\/2019\/11\/IMG_4114-680x453.jpg 680w, https:\/\/lafilledecorinthe.com\/wordpress\/wp-content\/uploads\/2019\/11\/IMG_4114-1280x853.jpg 1280w, https:\/\/lafilledecorinthe.com\/wordpress\/wp-content\/uploads\/2019\/11\/IMG_4114-450x300.jpg 450w\" sizes=\"auto, (max-width: 6000px) 100vw, 6000px\" \/><figcaption class=\"wp-element-caption\">Bo\u00eete \u00e0 confiserie, vers 1827<\/figcaption><\/figure>\n<\/div>\n\n<div class=\"wp-block-image\">\n<figure class=\"aligncenter\"><a href=\"https:\/\/lafilledecorinthe.com\/wordpress\/wp-content\/uploads\/2019\/11\/IMG_4116.jpeg\"><img loading=\"lazy\" decoding=\"async\" width=\"3666\" height=\"4000\" src=\"https:\/\/lafilledecorinthe.com\/wordpress\/wp-content\/uploads\/2019\/11\/IMG_4116.jpeg\" alt=\"IMG_4116\" class=\"wp-image-10160\" srcset=\"https:\/\/lafilledecorinthe.com\/wordpress\/wp-content\/uploads\/2019\/11\/IMG_4116.jpeg 3666w, https:\/\/lafilledecorinthe.com\/wordpress\/wp-content\/uploads\/2019\/11\/IMG_4116-623x680.jpeg 623w, https:\/\/lafilledecorinthe.com\/wordpress\/wp-content\/uploads\/2019\/11\/IMG_4116-1173x1280.jpeg 1173w, https:\/\/lafilledecorinthe.com\/wordpress\/wp-content\/uploads\/2019\/11\/IMG_4116-275x300.jpeg 275w\" sizes=\"auto, (max-width: 3666px) 100vw, 3666px\" \/><\/a><figcaption class=\"wp-element-caption\">Morceau de girouette, vers 1827<\/figcaption><\/figure>\n<\/div>\n\n<div class=\"wp-block-image\">\n<figure class=\"aligncenter\"><a href=\"https:\/\/lafilledecorinthe.com\/wordpress\/wp-content\/uploads\/2019\/11\/IMG_4131.jpg\"><img loading=\"lazy\" decoding=\"async\" width=\"6000\" height=\"4000\" src=\"https:\/\/lafilledecorinthe.com\/wordpress\/wp-content\/uploads\/2019\/11\/IMG_4131.jpg\" alt=\"IMG_4131\" class=\"wp-image-10161\" srcset=\"https:\/\/lafilledecorinthe.com\/wordpress\/wp-content\/uploads\/2019\/11\/IMG_4131.jpg 6000w, https:\/\/lafilledecorinthe.com\/wordpress\/wp-content\/uploads\/2019\/11\/IMG_4131-680x453.jpg 680w, https:\/\/lafilledecorinthe.com\/wordpress\/wp-content\/uploads\/2019\/11\/IMG_4131-1280x853.jpg 1280w, https:\/\/lafilledecorinthe.com\/wordpress\/wp-content\/uploads\/2019\/11\/IMG_4131-450x300.jpg 450w\" sizes=\"auto, (max-width: 6000px) 100vw, 6000px\" \/><\/a><figcaption class=\"wp-element-caption\">Forme en m\u00e9tal pour impression de textiles, vers 1827<\/figcaption><\/figure>\n<\/div>\n\n<div class=\"wp-block-image\">\n<figure class=\"aligncenter\"><a href=\"https:\/\/lafilledecorinthe.com\/wordpress\/wp-content\/uploads\/2019\/11\/IMG_4134.jpg\"><img loading=\"lazy\" decoding=\"async\" width=\"6000\" height=\"4000\" src=\"https:\/\/lafilledecorinthe.com\/wordpress\/wp-content\/uploads\/2019\/11\/IMG_4134.jpg\" alt=\"IMG_4134\" class=\"wp-image-10162\" srcset=\"https:\/\/lafilledecorinthe.com\/wordpress\/wp-content\/uploads\/2019\/11\/IMG_4134.jpg 6000w, https:\/\/lafilledecorinthe.com\/wordpress\/wp-content\/uploads\/2019\/11\/IMG_4134-680x453.jpg 680w, https:\/\/lafilledecorinthe.com\/wordpress\/wp-content\/uploads\/2019\/11\/IMG_4134-1280x853.jpg 1280w, https:\/\/lafilledecorinthe.com\/wordpress\/wp-content\/uploads\/2019\/11\/IMG_4134-450x300.jpg 450w\" sizes=\"auto, (max-width: 6000px) 100vw, 6000px\" \/><\/a><figcaption class=\"wp-element-caption\">\u00ab\u00a0Le Bouffon choisi de Benjamin Rabier\u00a0\u00bb, 1924<\/figcaption><\/figure>\n<\/div>\n\n<div class=\"wp-block-image\">\n<figure class=\"aligncenter\"><a href=\"https:\/\/lafilledecorinthe.com\/wordpress\/wp-content\/uploads\/2019\/11\/IMG_4106.jpg\"><img loading=\"lazy\" decoding=\"async\" width=\"6000\" height=\"4000\" src=\"https:\/\/lafilledecorinthe.com\/wordpress\/wp-content\/uploads\/2019\/11\/IMG_4106.jpg\" alt=\"IMG_4106\" class=\"wp-image-10163\" srcset=\"https:\/\/lafilledecorinthe.com\/wordpress\/wp-content\/uploads\/2019\/11\/IMG_4106.jpg 6000w, https:\/\/lafilledecorinthe.com\/wordpress\/wp-content\/uploads\/2019\/11\/IMG_4106-680x453.jpg 680w, https:\/\/lafilledecorinthe.com\/wordpress\/wp-content\/uploads\/2019\/11\/IMG_4106-1280x853.jpg 1280w, https:\/\/lafilledecorinthe.com\/wordpress\/wp-content\/uploads\/2019\/11\/IMG_4106-450x300.jpg 450w\" sizes=\"auto, (max-width: 6000px) 100vw, 6000px\" \/><\/a><figcaption class=\"wp-element-caption\">Savons de Marseille, ann\u00e9es 1950<\/figcaption><\/figure>\n<\/div>\n\n<div class=\"wp-block-image\">\n<figure class=\"aligncenter\"><a href=\"https:\/\/lafilledecorinthe.com\/wordpress\/wp-content\/uploads\/2019\/11\/Allin.jpg\"><img loading=\"lazy\" decoding=\"async\" width=\"640\" height=\"640\" src=\"https:\/\/lafilledecorinthe.com\/wordpress\/wp-content\/uploads\/2019\/11\/Allin.jpg\" alt=\"Allin\" class=\"wp-image-10166\" srcset=\"https:\/\/lafilledecorinthe.com\/wordpress\/wp-content\/uploads\/2019\/11\/Allin.jpg 640w, https:\/\/lafilledecorinthe.com\/wordpress\/wp-content\/uploads\/2019\/11\/Allin-200x200.jpg 200w, https:\/\/lafilledecorinthe.com\/wordpress\/wp-content\/uploads\/2019\/11\/Allin-300x300.jpg 300w\" sizes=\"auto, (max-width: 640px) 100vw, 640px\" \/><\/a><\/figure>\n<\/div>\n\n\n<p>\u00ab\u00a0La girafe\u00a0\u00bb, \u00ab\u00a0La belle Africaine\u00a0\u00bb, \u00ab\u00a0Le bel animal du roi\u00a0\u00bb est d\u00e9sormais connue sous le non de <em>Zarafa<\/em>. C&rsquo;est un auteur am\u00e9ricain, Michael Allin qui l&rsquo;a d\u00e9nomm\u00e9e ainsi dans son livre non traduit en fran\u00e7ais, <em>La v\u00e9ritable histoire d&rsquo;une girafe arriv\u00e9e \u00e0 Paris depuis le coeur de l&rsquo;Afrique<\/em>, publi\u00e9 en 1998.\u00a0\u00ab\u00a0<em>Giraffe<\/em>, <em>girafe<\/em>,<em> giraffa<\/em> (anglais, fran\u00e7ais, italien), tous viennent de l&rsquo;arabe <em>zerafa<\/em>, une variante phon\u00e9tique de zarafa qui signifie <em>charmant<\/em> ou <em>ravissant<\/em>.\u00a0\u00bb<br>Les petits visiteurs qui se pressaient dimanche dans l&rsquo;exposition avaient certainement en t\u00eate quant \u00e0 eux l&rsquo;h\u00e9ro\u00efne du long m\u00e9trage de R\u00e9mi Bezan\u00e7on et Jean-Christophe Lie.<\/p>\n\n\n\n<figure class=\"wp-block-embed is-type-video is-provider-youtube wp-block-embed-youtube wp-embed-aspect-16-9 wp-has-aspect-ratio\"><div class=\"wp-block-embed__wrapper\">\n<iframe loading=\"lazy\" title=\"Zarafa - Bande annonce\" width=\"720\" height=\"405\" src=\"https:\/\/www.youtube.com\/embed\/vSrbnBmjDfI?feature=oembed\" frameborder=\"0\" allow=\"accelerometer; autoplay; clipboard-write; encrypted-media; gyroscope; picture-in-picture; web-share\" referrerpolicy=\"strict-origin-when-cross-origin\" allowfullscreen><\/iframe>\n<\/div><\/figure>\n","protected":false},"excerpt":{"rendered":"<p>Trente-cinq ans apr\u00e8s la premi\u00e8re exposition qui lui \u00e9tait consacr\u00e9e, la girafe de Charles X, d\u00e9sormais c\u00e9l\u00e8bre sous le nom de Zarafa, est \u00e0 l&rsquo;honneur dans une nouvelle exposition du mus\u00e9e d\u00e9partemental de Sceaux. La fille du journaliste Gabriel Dardaud qui a exhum\u00e9 cette incroyable histoire dans les ann\u00e9es 50 a fait don au mus\u00e9e&#8230;<\/p>\n","protected":false},"author":2,"featured_media":10142,"comment_status":"open","ping_status":"open","sticky":false,"template":"","format":"standard","meta":{"_kad_post_transparent":"","_kad_post_title":"","_kad_post_layout":"","_kad_post_sidebar_id":"","_kad_post_content_style":"","_kad_post_vertical_padding":"","_kad_post_feature":"","_kad_post_feature_position":"","_kad_post_header":false,"_kad_post_footer":false,"_kad_post_classname":"","footnotes":""},"categories":[6],"tags":[1932,1933,1931,1936,1934,1930,1935,1929],"class_list":["post-10141","post","type-post","status-publish","format-standard","has-post-thumbnail","hentry","category-blog","tag-charles-x","tag-diorama","tag-gabriel-dardaud","tag-jean-christophe-lie","tag-michael-allin","tag-musee-departemental-de-sceaux","tag-remi-bezancon","tag-zarafa"],"_links":{"self":[{"href":"https:\/\/lafilledecorinthe.com\/wordpress\/wp-json\/wp\/v2\/posts\/10141","targetHints":{"allow":["GET"]}}],"collection":[{"href":"https:\/\/lafilledecorinthe.com\/wordpress\/wp-json\/wp\/v2\/posts"}],"about":[{"href":"https:\/\/lafilledecorinthe.com\/wordpress\/wp-json\/wp\/v2\/types\/post"}],"author":[{"embeddable":true,"href":"https:\/\/lafilledecorinthe.com\/wordpress\/wp-json\/wp\/v2\/users\/2"}],"replies":[{"embeddable":true,"href":"https:\/\/lafilledecorinthe.com\/wordpress\/wp-json\/wp\/v2\/comments?post=10141"}],"version-history":[{"count":16,"href":"https:\/\/lafilledecorinthe.com\/wordpress\/wp-json\/wp\/v2\/posts\/10141\/revisions"}],"predecessor-version":[{"id":14292,"href":"https:\/\/lafilledecorinthe.com\/wordpress\/wp-json\/wp\/v2\/posts\/10141\/revisions\/14292"}],"wp:featuredmedia":[{"embeddable":true,"href":"https:\/\/lafilledecorinthe.com\/wordpress\/wp-json\/wp\/v2\/media\/10142"}],"wp:attachment":[{"href":"https:\/\/lafilledecorinthe.com\/wordpress\/wp-json\/wp\/v2\/media?parent=10141"}],"wp:term":[{"taxonomy":"category","embeddable":true,"href":"https:\/\/lafilledecorinthe.com\/wordpress\/wp-json\/wp\/v2\/categories?post=10141"},{"taxonomy":"post_tag","embeddable":true,"href":"https:\/\/lafilledecorinthe.com\/wordpress\/wp-json\/wp\/v2\/tags?post=10141"}],"curies":[{"name":"wp","href":"https:\/\/api.w.org\/{rel}","templated":true}]}}