{"id":10077,"date":"2019-10-27T13:33:37","date_gmt":"2019-10-27T12:33:37","guid":{"rendered":"http:\/\/lafilledecorinthe.com\/wordpress\/?p=10077"},"modified":"2025-12-07T15:38:21","modified_gmt":"2025-12-07T14:38:21","slug":"les-enfants-dabord-au-jeu-de-paume-18","status":"publish","type":"post","link":"https:\/\/lafilledecorinthe.com\/wordpress\/2019\/10\/les-enfants-dabord-au-jeu-de-paume-18\/","title":{"rendered":"\u00ab\u00a0Les enfants d&rsquo;abord !\u00a0\u00bb au Jeu de Paume 18"},"content":{"rendered":"<div class=\"wp-block-image\">\n<figure class=\"aligncenter\"><a href=\"https:\/\/lafilledecorinthe.com\/wordpress\/wp-content\/uploads\/2019\/10\/couv.jpg\"><img loading=\"lazy\" decoding=\"async\" width=\"6000\" height=\"4000\" src=\"https:\/\/lafilledecorinthe.com\/wordpress\/wp-content\/uploads\/2019\/10\/couv.jpg\" alt=\"couv\" class=\"wp-image-10081\" srcset=\"https:\/\/lafilledecorinthe.com\/wordpress\/wp-content\/uploads\/2019\/10\/couv.jpg 6000w, https:\/\/lafilledecorinthe.com\/wordpress\/wp-content\/uploads\/2019\/10\/couv-680x453.jpg 680w, https:\/\/lafilledecorinthe.com\/wordpress\/wp-content\/uploads\/2019\/10\/couv-1280x853.jpg 1280w, https:\/\/lafilledecorinthe.com\/wordpress\/wp-content\/uploads\/2019\/10\/couv-450x300.jpg 450w\" sizes=\"auto, (max-width: 6000px) 100vw, 6000px\" \/><\/a><\/figure>\n<\/div>\n\n\n<p><\/p>\n\n\n\n<p class=\"p1\"><span class=\"s1\"><em>\u00ab\u00a0\u2026j\u2019ai toujours \u00e9t\u00e9 attir\u00e9e par les oc\u00e9ans et les fleuves. Tr\u00e8s jeune, quand je visitais des mus\u00e9es et des galeries, j\u2019\u00e9tais fascin\u00e9e par les tableaux repr\u00e9sentant la mer, mais aussi les ports et les navires.\u00a0\u00bb<\/em><\/span><br>Zineb Sedira, <em>Entretien avec Jos\u00e9 Miguel G. Cort\u00e9s et Pia Viewing<\/em>, Jeu de Paume, 2019<\/p>\n\n\n\n<p class=\"p1\">La mer M\u00e9diterran\u00e9e, li\u00e9e au premier voyage \u00ab\u00a0Alger-Marseille\u00a0\u00bb effectu\u00e9 par ses parents au d\u00e9but des ann\u00e9es 60,&nbsp;est tr\u00e8s pr\u00e9sente dans&nbsp;l&rsquo;histoire familiale de Zineb Sedira. En 1988, elle effectue \u00e0 son tour un voyage migratoire en traversant la Manche \u00e0 bord d&rsquo;un ferry \u00ab\u00a0Calais-Douvres\u00a0\u00bb. Zineb Sedira vit \u00e0 Londres, elle effectue de nombreux voyages en Alg\u00e9rie et en France.<\/p>\n\n\n<div class=\"wp-block-image\">\n<figure class=\"aligncenter\"><a href=\"https:\/\/lafilledecorinthe.com\/wordpress\/wp-content\/uploads\/2019\/10\/IMG_4160.jpeg\"><img loading=\"lazy\" decoding=\"async\" width=\"4535\" height=\"3370\" src=\"https:\/\/lafilledecorinthe.com\/wordpress\/wp-content\/uploads\/2019\/10\/IMG_4160.jpeg\" alt=\"IMG_4160\" class=\"wp-image-10175\" srcset=\"https:\/\/lafilledecorinthe.com\/wordpress\/wp-content\/uploads\/2019\/10\/IMG_4160.jpeg 4535w, https:\/\/lafilledecorinthe.com\/wordpress\/wp-content\/uploads\/2019\/10\/IMG_4160-680x505.jpeg 680w, https:\/\/lafilledecorinthe.com\/wordpress\/wp-content\/uploads\/2019\/10\/IMG_4160-1280x951.jpeg 1280w, https:\/\/lafilledecorinthe.com\/wordpress\/wp-content\/uploads\/2019\/10\/IMG_4160-404x300.jpeg 404w\" sizes=\"auto, (max-width: 4535px) 100vw, 4535px\" \/><\/a><figcaption class=\"wp-element-caption\">Devant le triptyque \u00ab\u00a0Mother, Daughter and I\u00a0\u00bb de Zineb Sedira, 2003<\/figcaption><\/figure>\n<\/div>\n\n\n<p class=\"p1\">&nbsp;La mobilit\u00e9 et les d\u00e9placements sont au coeur de son travail&nbsp;et la mer est un&nbsp;motif r\u00e9current de son oeuvre. Le nouvel atelier <em>Paroles en mer<\/em>&nbsp;invite les enfants \u00e0 s&#8217;emparer \u00e0 leur tour de ce motif en cr\u00e9ant une vid\u00e9o collective \u00e0 partir d&rsquo;un souvenir personnel li\u00e9 \u00e0 la mer.<\/p>\n\n\n<div class=\"wp-block-image\">\n<figure class=\"aligncenter\"><a href=\"https:\/\/lafilledecorinthe.com\/wordpress\/wp-content\/uploads\/2019\/10\/IMG_3957.jpeg\"><img loading=\"lazy\" decoding=\"async\" width=\"5196\" height=\"3730\" src=\"https:\/\/lafilledecorinthe.com\/wordpress\/wp-content\/uploads\/2019\/10\/IMG_3957.jpeg\" alt=\"IMG_3957\" class=\"wp-image-10083\" srcset=\"https:\/\/lafilledecorinthe.com\/wordpress\/wp-content\/uploads\/2019\/10\/IMG_3957.jpeg 5196w, https:\/\/lafilledecorinthe.com\/wordpress\/wp-content\/uploads\/2019\/10\/IMG_3957-680x488.jpeg 680w, https:\/\/lafilledecorinthe.com\/wordpress\/wp-content\/uploads\/2019\/10\/IMG_3957-1280x919.jpeg 1280w, https:\/\/lafilledecorinthe.com\/wordpress\/wp-content\/uploads\/2019\/10\/IMG_3957-418x300.jpeg 418w\" sizes=\"auto, (max-width: 5196px) 100vw, 5196px\" \/><\/a><figcaption class=\"wp-element-caption\">\u00ab\u00a0Transmettre en abyme\u00a0\u00bb Zineb Sedira, 2012, installation vid\u00e9o triple \u00e9crans<\/figcaption><\/figure>\n<\/div>\n\n<div class=\"wp-block-image\">\n<figure class=\"aligncenter\"><a href=\"https:\/\/lafilledecorinthe.com\/wordpress\/wp-content\/uploads\/2019\/10\/IMG_3971.jpg\"><img loading=\"lazy\" decoding=\"async\" width=\"6000\" height=\"4000\" src=\"https:\/\/lafilledecorinthe.com\/wordpress\/wp-content\/uploads\/2019\/10\/IMG_3971.jpg\" alt=\"IMG_3971\" class=\"wp-image-10085\" srcset=\"https:\/\/lafilledecorinthe.com\/wordpress\/wp-content\/uploads\/2019\/10\/IMG_3971.jpg 6000w, https:\/\/lafilledecorinthe.com\/wordpress\/wp-content\/uploads\/2019\/10\/IMG_3971-680x453.jpg 680w, https:\/\/lafilledecorinthe.com\/wordpress\/wp-content\/uploads\/2019\/10\/IMG_3971-1280x853.jpg 1280w, https:\/\/lafilledecorinthe.com\/wordpress\/wp-content\/uploads\/2019\/10\/IMG_3971-450x300.jpg 450w\" sizes=\"auto, (max-width: 6000px) 100vw, 6000px\" \/><\/a><figcaption class=\"wp-element-caption\">Lighthouse in the Sea of Time\u00a0\u00bb Zineb Sedira, 2011<\/figcaption><\/figure>\n<\/div>\n\n<div class=\"wp-block-image\">\n<figure class=\"aligncenter\"><a href=\"https:\/\/lafilledecorinthe.com\/wordpress\/wp-content\/uploads\/2019\/10\/IMG_3982.jpg\"><img loading=\"lazy\" decoding=\"async\" width=\"6000\" height=\"4000\" src=\"https:\/\/lafilledecorinthe.com\/wordpress\/wp-content\/uploads\/2019\/10\/IMG_3982.jpg\" alt=\"IMG_3982\" class=\"wp-image-10086\" srcset=\"https:\/\/lafilledecorinthe.com\/wordpress\/wp-content\/uploads\/2019\/10\/IMG_3982.jpg 6000w, https:\/\/lafilledecorinthe.com\/wordpress\/wp-content\/uploads\/2019\/10\/IMG_3982-680x453.jpg 680w, https:\/\/lafilledecorinthe.com\/wordpress\/wp-content\/uploads\/2019\/10\/IMG_3982-1280x853.jpg 1280w, https:\/\/lafilledecorinthe.com\/wordpress\/wp-content\/uploads\/2019\/10\/IMG_3982-450x300.jpg 450w\" sizes=\"auto, (max-width: 6000px) 100vw, 6000px\" \/><\/a><figcaption class=\"wp-element-caption\">Chaque enfant dessine un souvenir li\u00e9 \u00e0 la mer. 26\/10\/19<\/figcaption><\/figure>\n<\/div>\n\n<div class=\"wp-block-image wp-image-10177\">\n<figure class=\"aligncenter\"><img loading=\"lazy\" decoding=\"async\" width=\"4412\" height=\"3212\" src=\"https:\/\/lafilledecorinthe.com\/wordpress\/wp-content\/uploads\/2019\/10\/IMG_4253.jpeg\" alt=\"IMG_4253\" class=\"wp-image-10177\" srcset=\"https:\/\/lafilledecorinthe.com\/wordpress\/wp-content\/uploads\/2019\/10\/IMG_4253.jpeg 4412w, https:\/\/lafilledecorinthe.com\/wordpress\/wp-content\/uploads\/2019\/10\/IMG_4253-680x495.jpeg 680w, https:\/\/lafilledecorinthe.com\/wordpress\/wp-content\/uploads\/2019\/10\/IMG_4253-1280x932.jpeg 1280w, https:\/\/lafilledecorinthe.com\/wordpress\/wp-content\/uploads\/2019\/10\/IMG_4253-412x300.jpeg 412w\" sizes=\"auto, (max-width: 4412px) 100vw, 4412px\" \/><figcaption class=\"wp-element-caption\">Chaque enfant dessine un souvenir li\u00e9 \u00e0 la mer. 30\/11\/19<\/figcaption><\/figure>\n<\/div>\n\n<div class=\"wp-block-image\">\n<figure class=\"aligncenter\"><a href=\"https:\/\/lafilledecorinthe.com\/wordpress\/wp-content\/uploads\/2019\/10\/IMG_3987.jpg\"><img loading=\"lazy\" decoding=\"async\" width=\"6000\" height=\"4000\" src=\"https:\/\/lafilledecorinthe.com\/wordpress\/wp-content\/uploads\/2019\/10\/IMG_3987.jpg\" alt=\"IMG_3987\" class=\"wp-image-10087\" srcset=\"https:\/\/lafilledecorinthe.com\/wordpress\/wp-content\/uploads\/2019\/10\/IMG_3987.jpg 6000w, https:\/\/lafilledecorinthe.com\/wordpress\/wp-content\/uploads\/2019\/10\/IMG_3987-680x453.jpg 680w, https:\/\/lafilledecorinthe.com\/wordpress\/wp-content\/uploads\/2019\/10\/IMG_3987-1280x853.jpg 1280w, https:\/\/lafilledecorinthe.com\/wordpress\/wp-content\/uploads\/2019\/10\/IMG_3987-450x300.jpg 450w\" sizes=\"auto, (max-width: 6000px) 100vw, 6000px\" \/><\/a><figcaption class=\"wp-element-caption\">La tablette passe de main en main pour r\u00e9aliser un plan s\u00e9quence gardant trace des dessins et des r\u00e9cits.<\/figcaption><\/figure>\n<\/div>\n\n<div class=\"wp-block-image\">\n<figure class=\"aligncenter\"><a href=\"https:\/\/lafilledecorinthe.com\/wordpress\/wp-content\/uploads\/2019\/10\/IMG_4000.jpeg\"><img loading=\"lazy\" decoding=\"async\" width=\"4272\" height=\"2838\" src=\"https:\/\/lafilledecorinthe.com\/wordpress\/wp-content\/uploads\/2019\/10\/IMG_4000.jpeg\" alt=\"IMG_4000\" class=\"wp-image-10088\" srcset=\"https:\/\/lafilledecorinthe.com\/wordpress\/wp-content\/uploads\/2019\/10\/IMG_4000.jpeg 4272w, https:\/\/lafilledecorinthe.com\/wordpress\/wp-content\/uploads\/2019\/10\/IMG_4000-680x452.jpeg 680w, https:\/\/lafilledecorinthe.com\/wordpress\/wp-content\/uploads\/2019\/10\/IMG_4000-1280x850.jpeg 1280w, https:\/\/lafilledecorinthe.com\/wordpress\/wp-content\/uploads\/2019\/10\/IMG_4000-452x300.jpeg 452w\" sizes=\"auto, (max-width: 4272px) 100vw, 4272px\" \/><\/a><figcaption class=\"wp-element-caption\">Projection de la vid\u00e9o en pr\u00e9sence des parents<\/figcaption><\/figure>\n<\/div>\n\n\n<p class=\"has-text-align-center\">Un dernier&nbsp;atelier est pr\u00e9vu le samedi 18 janvier 2020<\/p>\n","protected":false},"excerpt":{"rendered":"<p>\u00ab\u00a0\u2026j\u2019ai toujours \u00e9t\u00e9 attir\u00e9e par les oc\u00e9ans et les fleuves. Tr\u00e8s jeune, quand je visitais des mus\u00e9es et des galeries, j\u2019\u00e9tais fascin\u00e9e par les tableaux repr\u00e9sentant la mer, mais aussi les ports et les navires.\u00a0\u00bbZineb Sedira, Entretien avec Jos\u00e9 Miguel G. Cort\u00e9s et Pia Viewing, Jeu de Paume, 2019 La mer M\u00e9diterran\u00e9e, li\u00e9e au premier&#8230;<\/p>\n","protected":false},"author":2,"featured_media":14971,"comment_status":"open","ping_status":"open","sticky":false,"template":"","format":"standard","meta":{"_kad_post_transparent":"","_kad_post_title":"","_kad_post_layout":"","_kad_post_sidebar_id":"","_kad_post_content_style":"","_kad_post_vertical_padding":"","_kad_post_feature":"","_kad_post_feature_position":"","_kad_post_header":false,"_kad_post_footer":false,"_kad_post_classname":"","footnotes":""},"categories":[7],"tags":[48,190,1894,1893],"class_list":["post-10077","post","type-post","status-publish","format-standard","has-post-thumbnail","hentry","category-ateliers-enfants","tag-jeu-de-paume","tag-les-enfants-dabord","tag-paroles-en-mer","tag-zineb-sedira"],"_links":{"self":[{"href":"https:\/\/lafilledecorinthe.com\/wordpress\/wp-json\/wp\/v2\/posts\/10077","targetHints":{"allow":["GET"]}}],"collection":[{"href":"https:\/\/lafilledecorinthe.com\/wordpress\/wp-json\/wp\/v2\/posts"}],"about":[{"href":"https:\/\/lafilledecorinthe.com\/wordpress\/wp-json\/wp\/v2\/types\/post"}],"author":[{"embeddable":true,"href":"https:\/\/lafilledecorinthe.com\/wordpress\/wp-json\/wp\/v2\/users\/2"}],"replies":[{"embeddable":true,"href":"https:\/\/lafilledecorinthe.com\/wordpress\/wp-json\/wp\/v2\/comments?post=10077"}],"version-history":[{"count":12,"href":"https:\/\/lafilledecorinthe.com\/wordpress\/wp-json\/wp\/v2\/posts\/10077\/revisions"}],"predecessor-version":[{"id":14969,"href":"https:\/\/lafilledecorinthe.com\/wordpress\/wp-json\/wp\/v2\/posts\/10077\/revisions\/14969"}],"wp:featuredmedia":[{"embeddable":true,"href":"https:\/\/lafilledecorinthe.com\/wordpress\/wp-json\/wp\/v2\/media\/14971"}],"wp:attachment":[{"href":"https:\/\/lafilledecorinthe.com\/wordpress\/wp-json\/wp\/v2\/media?parent=10077"}],"wp:term":[{"taxonomy":"category","embeddable":true,"href":"https:\/\/lafilledecorinthe.com\/wordpress\/wp-json\/wp\/v2\/categories?post=10077"},{"taxonomy":"post_tag","embeddable":true,"href":"https:\/\/lafilledecorinthe.com\/wordpress\/wp-json\/wp\/v2\/tags?post=10077"}],"curies":[{"name":"wp","href":"https:\/\/api.w.org\/{rel}","templated":true}]}}